{"id":65575,"date":"2024-11-05T00:30:02","date_gmt":"2024-11-04T23:30:02","guid":{"rendered":"https:\/\/www.infokuryr.cz\/n\/?p=65575"},"modified":"2024-11-04T18:42:49","modified_gmt":"2024-11-04T17:42:49","slug":"ondrej-prokop-100-milionu-kc-pro-kamaradicky-co-dalsiho-pirati-napachali-ale-nemluvi-se-o-tom","status":"publish","type":"post","link":"https:\/\/www.infokuryr.cz\/n\/2024\/11\/05\/ondrej-prokop-100-milionu-kc-pro-kamaradicky-co-dalsiho-pirati-napachali-ale-nemluvi-se-o-tom\/","title":{"rendered":"Ond\u0159ej Prokop: 100 milion\u016f K\u010d pro kamar\u00e1d\u00ed\u010dky? Co dal\u0161\u00edho Pir\u00e1ti nap\u00e1chali, ale nemluv\u00ed se o tom?"},"content":{"rendered":"<div id=\"fb-root\"><\/div>\n<p>Pir\u00e1ti si budou volit nov\u00e9ho \u0161\u00e9fa. Poda\u0159\u00ed se jim zvednout ze dna nebo si zatlu\u010dou posledn\u00ed h\u0159eb\u00edk do rakve? Poj\u010fme se u t\u00e9hle p\u0159\u00edle\u017eitosti bl\u00ed\u017ee pod\u00edvat na Pir\u00e1tskou historii plnou korup\u010dn\u00edch, papal\u00e1\u0161sk\u00fdch, sexu\u00e1ln\u00edch i drogov\u00fdch skand\u00e1l\u016f. D\u00edvejte se dnes jen na vlastn\u00ed nebezpe\u010d\u00ed!\ud83d\ude04<\/p>\n<p>\ud83d\udc49 Ivan Barto\u0161 chodil nad\u0161en\u011b s plak\u00e1tem &#8222;Uprchl\u00edci v\u00edtejte!&#8220; na srazu radik\u00e1ln\u00ed Antify. Jeho fotky jsou dnes u\u017e slavn\u00e9. P\u0159esto\u017ee u\u017e je to dlouho, jeho aktu\u00e1ln\u00ed kolegov\u00e9 jsou jako jablko, kter\u00e9 nepadlo daleko od stromu.<\/p>\n<p>\ud83d\udc49 Co mo\u017en\u00e1 ale nev\u00edte, Barto\u0161 byl d\u0159\u00edve velk\u00fdm odp\u016frcem EU i NATO. Jak to, \u017ee pak rychle oto\u010dil n\u00e1zory o 180 stup\u0148\u016f? A jak nakonec vybudoval stranu, kter\u00e1 chce siln\u011bj\u0161\u00ed Brusel, zbavit \u010ceskou republiku pr\u00e1va veta a ide\u00e1ln\u011b i federalizaci Evropsk\u00e9 unie?<\/p>\n<p>\ud83d\udc49 Pir\u00e1ti jsou pr\u00fd jedin\u00e1 strana bez korupce. V\u00e1\u017en\u011b? Pro\u010d se pra\u017esk\u00e1 \u0161\u00e9fka Pir\u00e1t\u016f sch\u00e1zela s ob\u017ealovan\u00fdm mana\u017eerem a jak je mo\u017en\u00e9, \u017ee Pir\u00e1t Zden\u011bk H\u0159ib rozdal p\u0159es 100 milion\u016f K\u010d bez v\u00fdb\u011brov\u00e9ho \u0159\u00edzen\u00ed sp\u0159\u00e1telen\u00fdm firm\u00e1m? A nav\u00edc za n\u011bj propukla ve m\u011bst\u011b nejv\u011bt\u0161\u00ed korup\u010dn\u00ed kauza v modern\u00edch d\u011bjin\u00e1ch, zat\u00edmco jeho pravou ruku odv\u00e1d\u011bli v poutech?<\/p>\n<p>\ud83d\udc49 Kauza Dozimetr nen\u00ed jedin\u00e1. Policie b\u011bhala kv\u016fli podez\u0159en\u00edm i po H\u0159ibov\u011b m\u011bstsk\u00e9 firm\u011b Oper\u00e1tor ICT, Dopravn\u00edm podniku, TSK, stavb\u011b Dvoreck\u00e9ho i Barrandovsk\u00e9ho mostu, kter\u00fd se z\u00e1hadn\u00fdm zp\u016fsobem prodra\u017eil o 700 milion\u016f.<\/p>\n<p>\ud83d\udc49 \u0158editel magistr\u00e1tu na kamerov\u00fd z\u00e1znam dosv\u011bd\u010dil, \u017ee ho Pir\u00e1ti vyd\u00edrali, aby proplatil mili\u00f3ny korun do Pir\u00e1tsk\u00e9 firmy, kter\u00e1 nedodala \u017e\u00e1dn\u00fd v\u00fdkaz \u010dinnost\u00ed. Jin\u00fdmi slovy \u00fa\u0159edn\u00edci nev\u011bd\u011bli, za co jim maj\u00ed ty mili\u00f3ny vlastn\u011b platit!<\/p>\n<p>\ud83d\udc49 Pir\u00e1t\u016f je celkem kolem 1200. Podle m\u00e9di\u00ed ka\u017ed\u00fd \u010dtvrt\u00fd Pir\u00e1t m\u00e1 p\u0159\u00edjem od st\u00e1tu. Takhle vypad\u00e1 ten jejich \u00fadajn\u00fd boj proti papal\u00e1\u0161stv\u00ed? Kdy\u017e byl H\u0159ib zvolen prim\u00e1torem, hned prvn\u00ed rok si do kancel\u00e1\u0159e po\u0159\u00eddil k\u00e1vovar za 100 tis\u00edc K\u010d z ve\u0159ejn\u00fdch pen\u011bz.<\/p>\n<p>\ud83d\udc49 Pir\u00e1tsk\u00e1 n\u00e1m\u011bstkyn\u011b Komrskov\u00e1 za\u0161la dokonce tak daleko, \u017ee u sebe v kancel\u00e1\u0159i zam\u011bstnala jako poradce sv\u00e9ho vlastn\u00edho partnera. Kdy\u017e se pir\u00e1tsk\u00e9ho prim\u00e1tora pak novin\u00e1\u0159i ptali na nep\u0159\u00edjemn\u00e9 ot\u00e1zky, vzk\u00e1zal jim, aby si vyt\u00e1hli hlavu z&#8230; no, v\u00edte odkud. Pus\u0165te si video, kde spole\u010dn\u011b zavzpom\u00edn\u00e1me.<\/p>\n<p>To v\u0161e a mnohem v\u00edc se dozv\u00edte v 108. d\u00edlu m\u00e9ho politick\u00e9ho podcastu. D\u011bkuji v\u00e1m p\u0159edem za zhl\u00e9dnut\u00ed a pros\u00edm o dal\u0161\u00ed sd\u00edlen\u00ed, a\u0165 se pravdu dozv\u00ed co nejv\u00edc lid\u00ed! T\u011b\u0161\u00edm se na dotazy i koment\u00e1\u0159e!<\/p>\n<p><iframe loading=\"lazy\" title=\"100 milion\u016f K\u010d pro kamar\u00e1d\u00ed\u010dky? Co dal\u0161\u00edho Pir\u00e1ti nap\u00e1chali, ale nemluv\u00ed se o tom? | \u010cau Praho #108\" width=\"640\" height=\"360\" src=\"https:\/\/www.youtube.com\/embed\/tZI3UXQKHCw?feature=oembed\" frameborder=\"0\" allow=\"accelerometer; autoplay; clipboard-write; encrypted-media; gyroscope; picture-in-picture; web-share\" referrerpolicy=\"strict-origin-when-cross-origin\" allowfullscreen><\/iframe><\/p>\n<p><span style=\"font-size: 14pt;\"><strong>Ing. Ond\u0159ej Prokop, p\u0159edseda hnut\u00ed ANO v Praze<\/strong><\/span><\/p>\n<p>&nbsp;<\/p>\n","protected":false},"excerpt":{"rendered":"<p>Pir\u00e1ti si budou volit nov\u00e9ho \u0161\u00e9fa. Poda\u0159\u00ed se jim zvednout ze dna nebo si zatlu\u010dou&#8230;<\/p>\n","protected":false},"author":2,"featured_media":39290,"comment_status":"closed","ping_status":"closed","sticky":false,"template":"","format":"standard","meta":[],"categories":[6],"tags":[1503,4679,137,889],"_links":{"self":[{"href":"https:\/\/www.infokuryr.cz\/n\/wp-json\/wp\/v2\/posts\/65575"}],"collection":[{"href":"https:\/\/www.infokuryr.cz\/n\/wp-json\/wp\/v2\/posts"}],"about":[{"href":"https:\/\/www.infokuryr.cz\/n\/wp-json\/wp\/v2\/types\/post"}],"author":[{"embeddable":true,"href":"https:\/\/www.infokuryr.cz\/n\/wp-json\/wp\/v2\/users\/2"}],"replies":[{"embeddable":true,"href":"https:\/\/www.infokuryr.cz\/n\/wp-json\/wp\/v2\/comments?post=65575"}],"version-history":[{"count":1,"href":"https:\/\/www.infokuryr.cz\/n\/wp-json\/wp\/v2\/posts\/65575\/revisions"}],"predecessor-version":[{"id":65576,"href":"https:\/\/www.infokuryr.cz\/n\/wp-json\/wp\/v2\/posts\/65575\/revisions\/65576"}],"wp:featuredmedia":[{"embeddable":true,"href":"https:\/\/www.infokuryr.cz\/n\/wp-json\/wp\/v2\/media\/39290"}],"wp:attachment":[{"href":"https:\/\/www.infokuryr.cz\/n\/wp-json\/wp\/v2\/media?parent=65575"}],"wp:term":[{"taxonomy":"category","embeddable":true,"href":"https:\/\/www.infokuryr.cz\/n\/wp-json\/wp\/v2\/categories?post=65575"},{"taxonomy":"post_tag","embeddable":true,"href":"https:\/\/www.infokuryr.cz\/n\/wp-json\/wp\/v2\/tags?post=65575"}],"curies":[{"name":"wp","href":"https:\/\/api.w.org\/{rel}","templated":true}]}}