{"id":65572,"date":"2024-11-05T00:49:40","date_gmt":"2024-11-04T23:49:40","guid":{"rendered":"https:\/\/www.infokuryr.cz\/n\/?p=65572"},"modified":"2024-11-04T18:36:01","modified_gmt":"2024-11-04T17:36:01","slug":"jiri-paroubek-nebezpecna-vyjadreni-prezidentova-poradce","status":"publish","type":"post","link":"https:\/\/www.infokuryr.cz\/n\/2024\/11\/05\/jiri-paroubek-nebezpecna-vyjadreni-prezidentova-poradce\/","title":{"rendered":"Ji\u0159\u00ed Paroubek: Nebezpe\u010dn\u00e1 vyj\u00e1d\u0159en\u00ed prezidentova poradce\u2026"},"content":{"rendered":"<div id=\"fb-root\"><\/div>\n<p><strong>Poznal jsem dne\u0161n\u00edho zahrani\u010dn\u011b -politick\u00e9ho prezidentova poradce Petra Kol\u00e1\u0159e jako kvalifikovan\u00e9ho diplomata, v dob\u011b kdy byl \u010desk\u00fdm velvyslancem ve Spojen\u00fdch st\u00e1tech. Tehdy, v roce 2007, organizoval mou n\u00e1v\u0161t\u011bvu, coby p\u0159edsedy opozi\u010dn\u00ed soci\u00e1ln\u00ed demokracie ve Washingtonu, a to hlavn\u011b v Kongresu USA. A ud\u011blal to dob\u0159e. Nevadilo mi ani, \u017ee o pr\u016fb\u011bhu m\u00e9 cesty informoval pr\u016fb\u011b\u017en\u011b tehdej\u0161\u00edho premi\u00e9ra M. Topol\u00e1nka, proto\u017ee si mysl\u00edm, \u017ee dvoj\u00ed hra tak n\u011bjak k diplomacii pat\u0159\u00ed. Neur\u00e1\u017eelo mne to.<\/strong><\/p>\n<p>Co mne ov\u0161em ur\u00e1\u017e\u00ed, jsou jeho nyn\u011bj\u0161\u00ed stanoviska\u00a0p\u0159edev\u0161\u00edm k\u00a0o\u010dek\u00e1vateln\u00e9mu v\u00fdsledku prezidentsk\u00fdch voleb ve Spojen\u00fdch st\u00e1tech. To, \u017ee sou\u010dasn\u00e1 vl\u00e1dn\u00ed garnitura, v\u010detn\u011b prezidenta Pavla, kter\u00e9mu P. Kol\u00e1\u0159 rad\u00ed, je beznad\u011bjn\u011b rusofobn\u00ed, dogmatick\u00e1 a siln\u011b neprakticky proamerick\u00e1, je z\u0159ejm\u00e9. Sv\u011bt na v\u00fdchod od \u0159eky Moravy je pro n\u011b t\u011b\u017eko pochopiteln\u00fd a vlastn\u011b nep\u0159ijateln\u00fd.<\/p>\n<p>Je zvl\u00e1\u0161tn\u00ed, \u017ee P. Kol\u00e1\u0159 ve sv\u00fdch vyj\u00e1d\u0159en\u00edch,\u00a0mj. ve\u00a0sv\u00e9m dne\u0161n\u00edm rozhovoru v den\u00edku Pr\u00e1vo (4.11.), kter\u00e9 jist\u011b p\u0159en\u00e1\u0161\u00ed tak\u00e9 na prezidenta republiky, nem\u00e1 probl\u00e9m se stup\u0148ov\u00e1n\u00edm zbrojn\u00ed a materi\u00e1ln\u00ed pomoci Ukrajin\u011b ze strany Z\u00e1padu.<\/p>\n<p>V\u0161ichni progresivist\u00e9 jeho typu se pohor\u0161uj\u00ed nad p\u0159\u00edpadnou \u00fa\u010dast\u00ed severokorejsk\u00fdch voj\u00e1k\u016f ve v\u00e1le\u010dn\u00e9 v\u0159av\u011b na Ukrajin\u011b. P\u0159itom tento konflikt ji\u017e d\u00e1vno internacionalizovali. Internacionalizuj\u00ed jej nap\u0159. p\u0159\u00edtomnost\u00ed \u017eoldn\u00e9\u0159\u016f ze v\u0161ech mo\u017en\u00fdch zem\u00ed Z\u00e1padu i odjinud na stran\u011b ukrajinsk\u00e9 arm\u00e1dy. A zejm\u00e9na poskytov\u00e1n\u00edm velmi pot\u0159ebn\u00fdch,\u00a0 vlastn\u011b \u017eivotn\u011b d\u016fle\u017eit\u00fdch zpravodajsk\u00fdch informac\u00ed Ukrajin\u011b, kter\u00e9 ukrajinsk\u00e9 arm\u00e1d\u011b umo\u017e\u0148uj\u00ed \u010delit drsn\u00fdm rusk\u00fdm \u00fatok\u016fm.<\/p>\n<p>Co mne ov\u0161em zejm\u00e9na znepokojilo ve vyj\u00e1d\u0159en\u00edch P. Kol\u00e1\u0159e v\u00a0jeho velmi rozs\u00e1hl\u00e9m rozhovoru v\u00a0den\u00edku Pr\u00e1vo\u00a0 je to, \u017ee by bez probl\u00e9m\u016f a lehkomysln\u011b doporu\u010dil pou\u017eit\u00ed raket s\u00a0dalek\u00fdm doletem, kter\u00fdmi by Ukrajinci mohli zasahovat c\u00edle v\u00a0hloubi \u00fazem\u00ed Ruska. Kol\u00e1\u0159 se p\u0159itom neboj\u00ed, \u017ee by tento faktor pova\u017eovalo Rusko za casus belli, tedy za d\u016fvod k\u00a0v\u00e1lce.<\/p>\n<p>P\u0159itom v souvislosti s\u00a0D. Trumpem, hovo\u0159\u00ed o tom, \u017ee on, jako americk\u00fd prezident, by p\u0159ibl\u00ed\u017eil sv\u011bt glob\u00e1ln\u00edmu sv\u011btov\u00e9mu konfliktu. Strategi\u00ed men\u0161\u00ed zem\u011b, jako je na\u0161e republika, by\u00a0 za ka\u017ed\u00e9 vl\u00e1dy, a to i za vl\u00e1dy, kter\u00e1 by h\u00e1jila suverenitu st\u00e1tu l\u00e9pe ne\u017eli Fialova vl\u00e1da,\u00a0 m\u011blo b\u00fdt, \u010dekat trp\u011bliv\u011b na v\u00fdsledek prezidentsk\u00fdch voleb\u00a0 a tak\u00e9 voleb do Kongresu USA. Bez velk\u00fdch koment\u00e1\u0159\u016f, bez vyjad\u0159ov\u00e1n\u00ed sympati\u00ed t\u00e9 \u010di on\u00e9 stran\u011b. A\u0165 si to p\u0159ejeme nebo ne, jsou Spojen\u00e9 st\u00e1ty na\u0161\u00edm nejv\u00fdznamn\u011bj\u0161\u00edm spojencem.<\/p>\n<p>A jak se na to d\u00edv\u00e1 Petr Kol\u00e1\u0159? V\u00a0podstat\u011b tak, jak se vyj\u00e1d\u0159il v\u00a0roce 2022 prezident Pavel. Ten ve\u0159ejn\u00e9 \u0159ekl, \u017ee Donald Trump je \u201eodpudiv\u00fd \u010dlov\u011bk\u201c. P. Kol\u00e1\u0159, jako form\u00e1ln\u00ed \u010di neform\u00e1ln\u00ed poradce (placen\u00fd mo\u017en\u00e1 n\u011bk\u00fdm jin\u00fdm, nebo v\u016fbec ne), m\u00edsto aby bagatelizoval tato slova, tak sd\u011bluje, \u017ee s\u00a0t\u00edmto v\u00fdrazem, \u017ee Donald Trump je \u201eodpudiv\u00fd\u201c, naprosto souhlas\u00ed. Cituji z\u00a0jeho dne\u0161n\u00edho vyj\u00e1d\u0159en\u00ed: \u201eA to je naprost\u00e1 pravda. Z m\u00e9ho pohledu je to naprosto odpudiv\u00e1 bytost\u201c. Prost\u011b sou\u010dasn\u00e1 vl\u00e1dn\u00ed garnitura \u010ceska, v\u010detn\u011b prezidenta a v\u010detn\u011b Fialovy vl\u00e1dy, vsadila na zvolen\u00ed progresivisticky se vyjad\u0159uj\u00edc\u00ed viceprezidentky Harrisov\u00e9. Ta pln\u011b odpov\u00edd\u00e1 jejich p\u0159edstav\u00e1m. P. Kol\u00e1\u0159 to ve sv\u00e9m rozhovoru \u0159ekl t\u00e9m\u011b\u0159 po lopat\u011b. P\u0159edstavou na\u0161ich progresivist\u016f je, \u017ee Harrisovou bude v\u00a0p\u0159\u00edpad\u011b jej\u00edho zvolen\u00ed prezidentkou USA, d\u00e1le ovl\u00e1dat sou\u010dasn\u00e9 okol\u00ed nyn\u011bj\u0161\u00edho prezidenta Joe Bidena. A \u017ee Harrisov\u00e1 se vlastn\u011b \u2013 p\u0159elo\u017eme si to do norm\u00e1ln\u00ed mluvy \u2013 nebude schopna vymanit z\u00a0vlivu toho, \u010demu se \u0159\u00edk\u00e1 Deep state.<\/p>\n<p>Z\u00a0m\u00e9ho hlediska p\u0159edstavuje politika K. Harrisov\u00e9 zvl\u00e1\u0161tn\u00ed spojen\u00ed pokrokov\u00e9 soci\u00e1ln\u00ed politiky uplat\u0148ovan\u00e9 v\u00a0r\u00e1mci USA,\u00a0 s agresivn\u00ed zahrani\u010dn\u00ed politikou ve sv\u011bt\u011b. Politiky, kter\u00e1 prohlubuje p\u0159\u00edkopy mezi V\u00fdchodem a Z\u00e1padem. Politiky, kter\u00e1 vede k postupn\u00e9mu vytv\u00e1\u0159en\u00ed instituc\u00ed glob\u00e1ln\u00edho Jihu. Tedy tak, jak j\u00e1 v\u00a0tuhle chv\u00edli ch\u00e1pu roz\u0161i\u0159ov\u00e1n\u00ed vlivu organizace BRICS v \u010dele s\u00a0\u010c\u00ednou a Ruskem o dal\u0161\u00ed des\u00edtky zem\u00ed, kter\u00e9 si p\u0159ej\u00ed ve sv\u011bt\u011b jin\u00e9 uspo\u0159\u00e1d\u00e1n\u00ed, ne\u017eli jak\u00e9 si p\u0159edstavuje v\u011bt\u0161ina z\u00e1padn\u00edch elit.<\/p>\n<p>P.Kol\u00e1\u0159 se p\u0159ipojuje k\u00a0tomuto zcela nerealistick\u00e9mu pohledu a nerealistick\u00e9mu vyhodnocen\u00ed pom\u011bru sil v\u00a0sou\u010dasn\u00e9m sv\u011bt\u011b. Spojen\u00e9 st\u00e1ty jsou pro n\u011bj jedin\u00e1 supervelmoc. Ale tak to p\u0159ece nen\u00ed. \u010c\u00edna i podle hodnocen\u00ed Sv\u011btov\u00e9 banky a MMF je zem\u00ed, jej\u00ed\u017e HDP v\u00a0p\u0159epo\u010dtu podle parity kupn\u00ed s\u00edly, je podstatn\u011b vy\u0161\u0161\u00ed ne\u017eli HDP Spojen\u00fdch st\u00e1t\u016f. A na p\u00e1t\u00e9m m\u00edst\u011b v\u00a0po\u0159ad\u00ed Sv\u011btov\u00e9 banky ve zm\u00edn\u011bn\u00e9m ukazateli HDP podle parity kupn\u00ed s\u00edly je Rusko.<\/p>\n<p>P.Kol\u00e1\u0159 byl kr\u00e1tkou dobu tak\u00e9 velvyslancem v\u00a0Rusku. Jeho mozek je ov\u0161em zatemn\u011bn rusofobi\u00ed, kter\u00e1 mu podobn\u011b, jako jin\u00fdm &#8222;strat\u00e9g\u016fm&#8220; zem\u00ed Z\u00e1padu, br\u00e1n\u00ed pochopit hospod\u00e1\u0159skou s\u00edlu Ruska. Jak chcete ekonomicky zlomit zemi, jako je Rusko, kter\u00e9 m\u00e1 k\u00a0dispozici v\u0161echny suroviny. Energetick\u00e9 suroviny, pr\u016fmyslov\u00e9 kovy, vz\u00e1cn\u00e9 zeminy a p\u0159itom je schopno vyv\u00e9zt do hladov\u011bj\u00edc\u00edho rozvojov\u00e9ho sv\u011bta ka\u017edoro\u010dn\u011b p\u0159es 50 milion\u016f tun p\u0161enice. Je z\u0159ejm\u00e9, \u017ee Rusko se op\u00edr\u00e1 hospod\u00e1\u0159sky o \u010c\u00ednu, v jej\u00edm\u017e strategick\u00e9m z\u00e1jmu nen\u00ed vojensk\u00e1 por\u00e1\u017eka Ruska na Ukrajin\u011b.<\/p>\n<p>Prost\u011b, na\u0161i progresivist\u00e9, \u010desk\u00e1 pravice, s\u00e1z\u00ed na dobrodru\u017enou zahrani\u010dn\u00ed politiku, kterou udr\u017euje sou\u010dasn\u00e1 americk\u00e1 administrativa. Nejsem \u017e\u00e1dn\u00fdm obdivovatelem D. Trumpa, ale mus\u00edm konstatovat, \u017ee za jeho vl\u00e1dy, nezah\u00e1jily Spojen\u00e9 st\u00e1ty \u017e\u00e1dnou, podtrhuji \u017e\u00e1dnou, novou v\u00e1lku. A naopak u\u010dinily prvn\u00ed kroky, k\u00a0ukon\u010den\u00ed nesmysln\u00e9 okupace Afgh\u00e1nist\u00e1nu.<\/p>\n<p>Mus\u00edm bohu\u017eel konstatovat, a\u010d velmi nerad, \u017ee n\u011bkter\u00e9 v\u00fdroky \u00a0P. Kol\u00e1\u0159e v\u00a0jeho dne\u0161n\u00edm\u00a0 rozhovoru s\u00a0Pr\u00e1vem, jsou extremistick\u00e9. Jako nap\u0159\u00edklad to, \u017ee by Z\u00e1pad (rozum\u011bj zem\u011b NATO, v\u010detn\u011b \u010ceska), mohly vytvo\u0159it nad Ukrajinou bezletovou z\u00f3nu. To by p\u0159ece vedlo k\u00a0p\u0159\u00edm\u00e9mu st\u0159etu rusk\u00e9ho letectva s\u00a0letectvem zem\u00ed NATO (v\u010detn\u011b \u010desk\u00e9ho letectva), k\u00a0nedoz\u00edrn\u00fdm n\u00e1sledk\u016fm a k jadern\u00e9 v\u00e1lce.<\/p>\n<p>Za p\u00e1r des\u00edtek hodin budeme zn\u00e1t v\u00fdsledek americk\u00fdch prezidentsk\u00fdch voleb. V\u017edy v\u00a0p\u0159edchoz\u00edch prezidentsk\u00fdch volb\u00e1ch, u\u017e od 60. let, jsem byl p\u0159\u00edznivcem kandid\u00e1t\u016f Demokratick\u00e9 strany Spojen\u00fdch st\u00e1t\u016f. V\u00a0roce 2007, p\u0159i sv\u00e9 n\u00e1v\u0161t\u011bv\u011b Washingtonu, jsem se dokonce se\u0161el s\u00a0tehdej\u0161\u00edm p\u0159edsedou t\u00e9to strany a m\u011bl jsem z\u00e1jem nav\u00e1zat u\u017e\u0161\u00ed spolupr\u00e1ci mezi \u010deskou soci\u00e1ln\u00ed demokraci\u00ed a touto stranou. Je to ov\u0161em, jako kdyby mal\u00fd sysl\u00edk cht\u011bl dojednat u\u017e\u0161\u00ed partnerstv\u00ed se slonem. Bylo by to hezk\u00e9, ale bylo to nerealistick\u00e9. Strany v\u00a0Evrop\u011b a ve Spojen\u00fdch st\u00e1tech maj\u00ed tak\u00e9 jinou funkci a jinou strukturu.<\/p>\n<p>Ale v\u00a0tomt\u00e9\u017e roce jsem jen tak mimochodem dohodl spolupr\u00e1ci s\u00a0p\u016flmilionovou stranou Spravedliv\u00e9 Rusko. Tedy, jakousi opozic\u00ed Jeho Veli\u010denstva vlada\u0159e v\u00a0Rusku. Moj\u00ed p\u0159edstavou v\u017edycky bylo a je, \u017ee by \u010cesko m\u011blo b\u00fdt mostem mezi Z\u00e1padem a V\u00fdchodem, a proto jsem podporoval zapojen\u00ed zem\u011b do z\u00e1padn\u00edch struktur. Ale tak\u00e9 jsem podporoval korektn\u00ed vztahy s\u00a0v\u00fdchodn\u00edmi mocnostmi \u2013 Ruskem, \u010c\u00ednou, Indi\u00ed a Japonskem. Sou\u010dasn\u00e1 administrativa, jak to v\u00a0pln\u00e9 nahot\u011b ve sv\u00e9m rozhovoru v\u00a0Pr\u00e1vu, pronesl hlavn\u00ed zahrani\u010dn\u00ed poradce na\u0161eho IQ 107, tedy prezidenta Pavla, Petr Kol\u00e1\u0159, se d\u00edv\u00e1 jen jedn\u00edm sm\u011brem. A te\u010f se dokonce klepe &#8211; spolu s dal\u0161\u00edmi progresivisty &#8211; strachy, \u017ee nevyhraje jejich vysn\u011bn\u00fd kandid\u00e1t z\u00a0\u0159ad Deep statu, ale Donald Trump. Docela bych jim to p\u0159\u00e1l&#8230;<\/p>\n<p><a href=\"https:\/\/vasevec.info\/komentare\/nebezpecna-vyjadreni-prezidentova-poradce\">Ji\u0159\u00ed Paroubek<\/a><\/p>\n<p><img decoding=\"async\" loading=\"lazy\" class=\"alignnone size-medium wp-image-2342\" src=\"http:\/\/www.infokuryr.cz\/n\/wp-content\/uploads\/2021\/06\/paroubek-300x208.jpg\" alt=\"\" width=\"300\" height=\"208\" srcset=\"https:\/\/www.infokuryr.cz\/n\/wp-content\/uploads\/2021\/06\/paroubek-300x208.jpg 300w, https:\/\/www.infokuryr.cz\/n\/wp-content\/uploads\/2021\/06\/paroubek.jpg 318w\" sizes=\"(max-width: 300px) 100vw, 300px\" \/><\/p>\n<p>&nbsp;<\/p>\n","protected":false},"excerpt":{"rendered":"<p>Poznal jsem dne\u0161n\u00edho zahrani\u010dn\u011b -politick\u00e9ho prezidentova poradce Petra Kol\u00e1\u0159e jako kvalifikovan\u00e9ho diplomata, v dob\u011b kdy&#8230;<\/p>\n","protected":false},"author":2,"featured_media":49646,"comment_status":"closed","ping_status":"closed","sticky":false,"template":"","format":"standard","meta":[],"categories":[6],"tags":[1503,4297,1173,2131,114],"_links":{"self":[{"href":"https:\/\/www.infokuryr.cz\/n\/wp-json\/wp\/v2\/posts\/65572"}],"collection":[{"href":"https:\/\/www.infokuryr.cz\/n\/wp-json\/wp\/v2\/posts"}],"about":[{"href":"https:\/\/www.infokuryr.cz\/n\/wp-json\/wp\/v2\/types\/post"}],"author":[{"embeddable":true,"href":"https:\/\/www.infokuryr.cz\/n\/wp-json\/wp\/v2\/users\/2"}],"replies":[{"embeddable":true,"href":"https:\/\/www.infokuryr.cz\/n\/wp-json\/wp\/v2\/comments?post=65572"}],"version-history":[{"count":1,"href":"https:\/\/www.infokuryr.cz\/n\/wp-json\/wp\/v2\/posts\/65572\/revisions"}],"predecessor-version":[{"id":65574,"href":"https:\/\/www.infokuryr.cz\/n\/wp-json\/wp\/v2\/posts\/65572\/revisions\/65574"}],"wp:featuredmedia":[{"embeddable":true,"href":"https:\/\/www.infokuryr.cz\/n\/wp-json\/wp\/v2\/media\/49646"}],"wp:attachment":[{"href":"https:\/\/www.infokuryr.cz\/n\/wp-json\/wp\/v2\/media?parent=65572"}],"wp:term":[{"taxonomy":"category","embeddable":true,"href":"https:\/\/www.infokuryr.cz\/n\/wp-json\/wp\/v2\/categories?post=65572"},{"taxonomy":"post_tag","embeddable":true,"href":"https:\/\/www.infokuryr.cz\/n\/wp-json\/wp\/v2\/tags?post=65572"}],"curies":[{"name":"wp","href":"https:\/\/api.w.org\/{rel}","templated":true}]}}