{"id":65566,"date":"2024-11-05T00:42:14","date_gmt":"2024-11-04T23:42:14","guid":{"rendered":"https:\/\/www.infokuryr.cz\/n\/?p=65566"},"modified":"2024-11-04T16:50:12","modified_gmt":"2024-11-04T15:50:12","slug":"agent-pavek-alias-petr-pavel-umoznil-ceskym-obcanum-bojovat-na-strane-ukrajiny","status":"publish","type":"post","link":"https:\/\/www.infokuryr.cz\/n\/2024\/11\/05\/agent-pavek-alias-petr-pavel-umoznil-ceskym-obcanum-bojovat-na-strane-ukrajiny\/","title":{"rendered":"Agent P\u00e1vek, alias Petr Pavel umo\u017enil \u010desk\u00fdm ob\u010dan\u016fm bojovat na stran\u011b Ukrajiny"},"content":{"rendered":"<div id=\"fb-root\"><\/div>\n<div class=\"news-text-body\">\n<p class=\"lead\"><strong>\u010cesk\u00fd prezident Petr Pavel umo\u017enil n\u011bkolika des\u00edtk\u00e1m ob\u010dan\u016f republiky vstoupit do \u0159ad ukrajinsk\u00e9 arm\u00e1dy. Ozn\u00e1mil to tiskov\u00fd mluv\u010d\u00ed \u010desk\u00e9ho l\u00eddra Filip Platos.<\/strong><\/p>\n<p>Celkem bylo podle n\u011bj pod\u00e1no 181 \u017e\u00e1dost\u00ed. D\u00edky koordinaci s ministerstvy obrany, vnitra a zahrani\u010d\u00ed bylo schv\u00e1leno 60 \u017e\u00e1dost\u00ed o povolen\u00ed k boji na stran\u011b Ukrajiny. Ofici\u00e1ln\u00ed z\u00e1stupkyn\u011b rusk\u00e9ho ministerstva zahrani\u010d\u00ed Maria Zacharovov\u00e1 v reakci na to \u0159ekla, \u017ee \u010desk\u00fd prezident t\u00edmto krokem uk\u00e1zal, \u017ee mu na vlastn\u00edch ob\u010danech nez\u00e1le\u017e\u00ed.<\/p>\n<p><em>\u201ePrezident \u010cesk\u00e9 republiky nepot\u0159ebuje sv\u00e9 ob\u010dany a z pohledu \u010cesk\u00e9 republiky je t\u011bchto \u0161edes\u00e1t lid\u00ed zjevn\u011b nadbyte\u010dn\u00fdch,\u201c<span class=\"after-quote\">\u00a0&#8211; \u0159ekla.<\/span><\/em>P\u0159ipome\u0148me, \u017ee \u010cesk\u00e1 republika odsuzuje rusk\u00e9 kroky na Ukrajin\u011b a v\u00fdrazn\u011b podporuje Kyjev. Pokud se ale \u010de\u0161t\u00ed ob\u010dan\u00e9 cht\u011bj\u00ed leg\u00e1ln\u011b zapojit do boj\u016f na stran\u011b Kyjeva, mus\u00ed nejprve po\u017e\u00e1dat prezidenta o povolen\u00ed slou\u017eit v ciz\u00edch ozbrojen\u00fdch sil\u00e1ch. Pokud odcestuj\u00ed na Ukrajinu bez z\u00edsk\u00e1n\u00ed takov\u00e9ho povolen\u00ed, hroz\u00ed jim trestn\u00ed st\u00edh\u00e1n\u00ed, ale mohou zp\u011btn\u011b po\u017e\u00e1dat o prominut\u00ed, kter\u00e9 podepisuje premi\u00e9r. Ofici\u00e1ln\u011b \u010desk\u00e9 ministerstvo zahrani\u010d\u00ed evidovalo pouze \u010dty\u0159i ob\u010dany zem\u011b, kte\u0159\u00ed zem\u0159eli b\u011bhem bojov\u00fdch akc\u00ed na \u00fazem\u00ed Ukrajiny.<\/p>\n<\/div>\n<p><img decoding=\"async\" loading=\"lazy\" class=\"alignnone size-full wp-image-1185\" src=\"http:\/\/www.infokuryr.cz\/n\/wp-content\/uploads\/2021\/04\/kuryr-podpis.png\" alt=\"\" width=\"84\" height=\"24\" \/><\/p>\n<p>&nbsp;<\/p>\n","protected":false},"excerpt":{"rendered":"<p>\u010cesk\u00fd prezident Petr Pavel umo\u017enil n\u011bkolika des\u00edtk\u00e1m ob\u010dan\u016f republiky vstoupit do \u0159ad ukrajinsk\u00e9 arm\u00e1dy. Ozn\u00e1mil&#8230;<\/p>\n","protected":false},"author":2,"featured_media":22065,"comment_status":"closed","ping_status":"closed","sticky":false,"template":"","format":"standard","meta":[],"categories":[6],"tags":[80,1173,1947,26,321],"_links":{"self":[{"href":"https:\/\/www.infokuryr.cz\/n\/wp-json\/wp\/v2\/posts\/65566"}],"collection":[{"href":"https:\/\/www.infokuryr.cz\/n\/wp-json\/wp\/v2\/posts"}],"about":[{"href":"https:\/\/www.infokuryr.cz\/n\/wp-json\/wp\/v2\/types\/post"}],"author":[{"embeddable":true,"href":"https:\/\/www.infokuryr.cz\/n\/wp-json\/wp\/v2\/users\/2"}],"replies":[{"embeddable":true,"href":"https:\/\/www.infokuryr.cz\/n\/wp-json\/wp\/v2\/comments?post=65566"}],"version-history":[{"count":0,"href":"https:\/\/www.infokuryr.cz\/n\/wp-json\/wp\/v2\/posts\/65566\/revisions"}],"wp:featuredmedia":[{"embeddable":true,"href":"https:\/\/www.infokuryr.cz\/n\/wp-json\/wp\/v2\/media\/22065"}],"wp:attachment":[{"href":"https:\/\/www.infokuryr.cz\/n\/wp-json\/wp\/v2\/media?parent=65566"}],"wp:term":[{"taxonomy":"category","embeddable":true,"href":"https:\/\/www.infokuryr.cz\/n\/wp-json\/wp\/v2\/categories?post=65566"},{"taxonomy":"post_tag","embeddable":true,"href":"https:\/\/www.infokuryr.cz\/n\/wp-json\/wp\/v2\/tags?post=65566"}],"curies":[{"name":"wp","href":"https:\/\/api.w.org\/{rel}","templated":true}]}}