{"id":65557,"date":"2024-11-05T00:34:02","date_gmt":"2024-11-04T23:34:02","guid":{"rendered":"https:\/\/www.infokuryr.cz\/n\/?p=65557"},"modified":"2024-11-04T16:05:27","modified_gmt":"2024-11-04T15:05:27","slug":"dalsi-volebni-korespondencni-zlocin-stoianoglo-ziskal-5119-hlasu-presto-diky-hlasum-z-bruselu-prohral","status":"publish","type":"post","link":"https:\/\/www.infokuryr.cz\/n\/2024\/11\/05\/dalsi-volebni-korespondencni-zlocin-stoianoglo-ziskal-5119-hlasu-presto-diky-hlasum-z-bruselu-prohral\/","title":{"rendered":"Dal\u0161\u00ed volebn\u00ed koresponden\u010dn\u00ed zlo\u010din: Stoianoglo z\u00edskal 51,19 % hlas\u016f, p\u0159esto d\u00edky hlas\u016fm z Bruselu prohr\u00e1l!"},"content":{"rendered":"<div id=\"fb-root\"><\/div>\n<div class=\"introtext\">\n<p><span style=\"font-size: 14pt;\"><strong>Moldavsko Kdo je ta VELK\u00c1 SKUPINA v Evrop\u011b, co v\u017edy d\u00edky korespon\u010f\u00e1k\u016fm rozhodne o v\u00edt\u011bzi, ur\u010den\u00fdm Bruselem a USA?\u00a0 Je\u0161t\u011b n\u011bkdo pochybuje, co znamen\u00e1 &#8222;utajen\u00e1 koresponden\u010dn\u00ed volba&#8220;?<\/strong><\/span><\/p>\n<\/div>\n<div class=\"fulltext\">\n<p class=\"ng-scope\">Po se\u010dten\u00ed v\u0161ech hlas\u016f v dom\u00e1c\u00edch volebn\u00edch m\u00edstnostech ve druh\u00e9m kole prezidentsk\u00fdch voleb byl v \u010dele b\u00fdval\u00fd moldavsk\u00fd gener\u00e1ln\u00ed prokur\u00e1tor Alexandre Stoianoglo zastupuj\u00edc\u00ed opozi\u010dn\u00ed Socialistickou stranu. Podle \u00dast\u0159edn\u00ed volebn\u00ed komise z\u00edskal 51,19 % hlas\u016f, p\u0159ed \u00fa\u0159aduj\u00edc\u00ed prezidentkou Maiou Sanduovou, kter\u00e1 m\u011bla 48,81 %.<\/p>\n<p class=\"ng-scope\">&#8222;Nen\u00ed to v\u00edt\u011bzstv\u00ed pro m\u011b, ale pro v\u0161echny ob\u010dany Moldavska, kte\u0159\u00ed usiluj\u00ed o spravedlnost a rozvoj na\u0161\u00ed zem\u011b,&#8220; \u0159ekl Alexander Stoianoglo po ozn\u00e1men\u00ed p\u0159edb\u011b\u017en\u00fdch v\u00fdsledk\u016f.<\/p>\n<h2><strong>A pak jako v USA u Trumpa p\u0159i\u0161la d\u011blovka<\/strong><\/h2>\n<p>D\u00edky bruselsk\u00e9 skupin\u011b koresponden\u010dn\u00edch hlas\u016f je v\u00fdsledek opa\u010dn\u00fd!\u00a0<span class=\"c_eC\">Ve chv\u00edli, kdy se za\u010daly zapo\u010d\u00edt\u00e1vat hlasy, kter\u00e9 odevzdali\u00a0<strong>\u00daDAJN\u011a<\/strong>\u00a0Moldavan\u00e9 \u017eij\u00edc\u00ed v\u00a0zahrani\u010d\u00ed, Sanduov\u00e1 se dostala do veden\u00ed.<\/span><\/p>\n<p><strong>Tak\u017ee sc\u00e9n\u00e1\u0159 poka\u017ed\u00e9 stejn\u00fd. V\u00edt\u011bz je jasn\u00fd p\u0159edem, stroj se nem\u00fdl\u00ed, pouze se p\u0159ipravuj\u00ed hlasy, kter\u00e9 se po\u0161lou. A v\u017edy zv\u00edt\u011bz\u00ed ten spr\u00e1vn\u00fd, \u010di spr\u00e1vn\u00e1. Ur\u010den\u00fd p\u0159edem. A tak to m\u00e1 b\u00fdt. Vivat Brusel&#8230;<\/strong><\/p>\n<p>I u n\u00e1s m\u00e1 b\u00fdt vl\u00e1da na v\u011b\u010dn\u00e9 \u010dasy. Jako za bol\u0161evika. Ka\u017ed\u00fd ch\u00e1pe, \u017ee v zahrani\u010d\u00ed budou v\u0161ichni volit ODS a Fialu. To jenom \u010ce\u0161i v na\u0161\u00ed zemi maj\u00ed stupidn\u00ed n\u00e1zor a necht\u011bj\u00ed takovou hv\u011bzdu. A koresponden\u010dn\u00ed volba uk\u00e1\u017ee holou pravdu. Bruselskou&#8230;.<\/p>\n<p><a href=\"https:\/\/www.skrytapravda.cz\/ze-zahranici\/2200-dalsi-volebni-korespondencni-zlocin-stoianoglo-ziskal-51-19-hlasu-presto-diky-hlasum-z-bruselu-prohral\">Petr Pokorn\u00fd<\/a><\/p>\n<p>&nbsp;<\/p>\n<\/div>\n","protected":false},"excerpt":{"rendered":"<p>Moldavsko Kdo je ta VELK\u00c1 SKUPINA v Evrop\u011b, co v\u017edy d\u00edky korespon\u010f\u00e1k\u016fm rozhodne o v\u00edt\u011bzi,&#8230;<\/p>\n","protected":false},"author":2,"featured_media":65558,"comment_status":"closed","ping_status":"closed","sticky":false,"template":"","format":"standard","meta":[],"categories":[6],"tags":[1503,1795,1506,497],"_links":{"self":[{"href":"https:\/\/www.infokuryr.cz\/n\/wp-json\/wp\/v2\/posts\/65557"}],"collection":[{"href":"https:\/\/www.infokuryr.cz\/n\/wp-json\/wp\/v2\/posts"}],"about":[{"href":"https:\/\/www.infokuryr.cz\/n\/wp-json\/wp\/v2\/types\/post"}],"author":[{"embeddable":true,"href":"https:\/\/www.infokuryr.cz\/n\/wp-json\/wp\/v2\/users\/2"}],"replies":[{"embeddable":true,"href":"https:\/\/www.infokuryr.cz\/n\/wp-json\/wp\/v2\/comments?post=65557"}],"version-history":[{"count":0,"href":"https:\/\/www.infokuryr.cz\/n\/wp-json\/wp\/v2\/posts\/65557\/revisions"}],"wp:featuredmedia":[{"embeddable":true,"href":"https:\/\/www.infokuryr.cz\/n\/wp-json\/wp\/v2\/media\/65558"}],"wp:attachment":[{"href":"https:\/\/www.infokuryr.cz\/n\/wp-json\/wp\/v2\/media?parent=65557"}],"wp:term":[{"taxonomy":"category","embeddable":true,"href":"https:\/\/www.infokuryr.cz\/n\/wp-json\/wp\/v2\/categories?post=65557"},{"taxonomy":"post_tag","embeddable":true,"href":"https:\/\/www.infokuryr.cz\/n\/wp-json\/wp\/v2\/tags?post=65557"}],"curies":[{"name":"wp","href":"https:\/\/api.w.org\/{rel}","templated":true}]}}