{"id":65534,"date":"2024-11-05T00:32:44","date_gmt":"2024-11-04T23:32:44","guid":{"rendered":"https:\/\/www.infokuryr.cz\/n\/?p=65534"},"modified":"2024-11-04T14:25:28","modified_gmt":"2024-11-04T13:25:28","slug":"svycarsko-posileni-vojenskych-cviceni-s-nato","status":"publish","type":"post","link":"https:\/\/www.infokuryr.cz\/n\/2024\/11\/05\/svycarsko-posileni-vojenskych-cviceni-s-nato\/","title":{"rendered":"\u0160v\u00fdcarsko: Pos\u00edlen\u00ed vojensk\u00fdch cvi\u010den\u00ed s NATO"},"content":{"rendered":"<div id=\"fb-root\"><\/div>\n<p><span>\u0160v\u00fdcarsko tento t\u00fdden prov\u00e1d\u00ed spole\u010dn\u00e1 cvi\u010den\u00ed vzdu\u0161n\u00fdch sil s USA, navzdory sv\u00e9 \u00fastavn\u00ed vojensk\u00e9 neutralit\u011b. Feder\u00e1ln\u00ed rada v pond\u011bl\u00ed potvrdila, \u017ee \u0161v\u00fdcarsk\u00e9 letectvo a americk\u00e9 letectvo v Evrop\u011b uspo\u0159\u00e1daj\u00ed od 28. do 30. \u0159\u00edjna 2024 v\u00fdcvikov\u00fd modul ve \u0161v\u00fdcarsk\u00e9m vzdu\u0161n\u00e9m prostoru. C\u00edlem cvi\u010den\u00ed je pos\u00edlen\u00ed obranyschopnosti \u0161v\u00fdcarsk\u00e9 arm\u00e1dy prost\u0159ednictv\u00edm mezin\u00e1rodn\u00ed spolupr\u00e1ce. \u201eCvi\u010den\u00ed slou\u017e\u00ed k v\u00fdm\u011bn\u011b zku\u0161enost\u00ed a testov\u00e1n\u00ed p\u0159ipravenosti na spole\u010dnou protivzdu\u0161nou obranu,\u201c uv\u00e1d\u00ed se v ofici\u00e1ln\u00edm prohl\u00e1\u0161en\u00ed \u0161v\u00fdcarsk\u00e9 vl\u00e1dy.<\/span><\/p>\n<p><span>\u0160v\u00fdcarsko, kter\u00e9 se tradi\u010dn\u011b hl\u00e1s\u00ed k vojensk\u00e9 neutralit\u011b, se v roce 2024\u00a0<\/span><a href=\"https:\/\/sputnikglobe.com\/20241028\/switzerlands-nato-collaboration-grows-as-joint-air-drills-with-us-spark-questions-on-neutrality-1120708668.html\" target=\"_blank\" rel=\"noreferrer noopener\" data-type=\"link\" data-id=\"https:\/\/sputnikglobe.com\/20241028\/switzerlands-nato-collaboration-grows-as-joint-air-drills-with-us-spark-questions-on-neutrality-1120708668.html\"><span>z\u00fa\u010dastn\u00ed celkem 24 vojensk\u00fdch cvi\u010den\u00ed se zem\u011bmi NATO<\/span><\/a><span>\u00a0, v\u010detn\u011b \u010dty\u0159 cvi\u010den\u00ed na vlastn\u00ed p\u016fd\u011b. Od za\u010d\u00e1tku ukrajinsk\u00e9 krize v \u00fanoru 2022 je \u0160v\u00fdcarsko st\u00e1le v\u00edce kritizov\u00e1no Ruskem. D\u016fvodem je jej\u00ed \u00fa\u010dast na \u010detn\u00fdch protirusk\u00fdch opat\u0159en\u00edch ze strany EU a NATO, a\u010dkoli \u0160v\u00fdcarsko nen\u00ed \u010dlenem t\u011bchto organizac\u00ed.<\/span><\/p>\n<p><strong><span style=\"font-size: 18pt;\">Zde jsou n\u011bkter\u00e1 ze cvi\u010den\u00ed NATO, kter\u00fdch se \u0160v\u00fdcarsko z\u00fa\u010dastn\u00ed v roce 2024 v r\u00e1mci sv\u00e9ho \u201ePartnerstv\u00ed pro m\u00edr\u201c:<\/span><\/strong><\/p>\n<ol class=\"wp-block-list\">\n<li><strong><span>Steadfast Defender 2024<\/span><\/strong><span>\u00a0: Komplexn\u00ed mnohon\u00e1rodn\u00ed cvi\u010den\u00ed pro zlep\u0161en\u00ed obrann\u00e9 p\u0159ipravenosti s p\u0159ibli\u017en\u011b 90 000 voj\u00e1ky NATO p\u016fsob\u00edc\u00edmi v r\u016fzn\u00fdch evropsk\u00fdch zem\u00edch v\u010detn\u011b \u0160v\u00fdcarska. Cvi\u010den\u00ed prob\u00edh\u00e1 od ledna do kv\u011btna a zam\u011b\u0159uje se na vyu\u017eit\u00ed pozemn\u00edch, leteck\u00fdch, n\u00e1mo\u0159n\u00edch, kybernetick\u00fdch a vesm\u00edrn\u00fdch operac\u00ed.<\/span><\/li>\n<li><strong><span>Swift Response 2024<\/span><\/strong><span>\u00a0: Cvi\u010den\u00ed vzdu\u0161n\u00e9 mobility pod veden\u00edm USA, kter\u00e9 procvi\u010d\u00ed shozy vojsk pod\u00e9l v\u00fdchodn\u00edho k\u0159\u00eddla NATO, aby otestovalo rychlou reakci na hrozby. Toto cvi\u010den\u00ed se \u00fa\u010dastn\u00ed n\u011bkolik tis\u00edc para\u0161utist\u016f a prob\u00edh\u00e1 v n\u011bkolika zem\u00edch pod\u00e9l v\u00fdchodn\u00edho k\u0159\u00eddla.<\/span><\/li>\n<li><strong><span>Kybernetick\u00e1 koalice<\/span><\/strong><span>\u00a0: V\u00fdznamn\u00e9 ka\u017edoro\u010dn\u00ed cvi\u010den\u00ed NATO v oblasti kybernetick\u00e9 bezpe\u010dnosti ur\u010den\u00e9 ke zlep\u0161en\u00ed spolupr\u00e1ce v oblasti kybernetick\u00e9 bezpe\u010dnosti. Toto cvi\u010den\u00ed m\u00e1 pos\u00edlit rozhodov\u00e1n\u00ed a technickou spolupr\u00e1ci a bude se konat v listopadu v Estonsku.<\/span><\/li>\n<li><strong><span>Dynamic Mongoose a Dynamic Mariner<\/span><\/strong><span>\u00a0: Cvi\u010den\u00ed ponorkov\u00e9ho a protiponorkov\u00e9ho boje a zlep\u0161en\u00ed interoperability n\u00e1mo\u0159n\u00edch sil NATO s um\u00edst\u011bn\u00edmi na Islandu a ve \u0160pan\u011blsku. Slou\u017e\u00ed k p\u0159\u00edprav\u011b na obrann\u00e9 operace v r\u00e1mci kolektivn\u00ed bezpe\u010dnosti.<\/span><\/li>\n<li><strong><span>Dynamic Manta<\/span><\/strong><span>\u00a0: Toto cvi\u010den\u00ed se zam\u011b\u0159uje na podmo\u0159sk\u00e9 a povrchov\u00e9 v\u00e1l\u010den\u00ed a je vedeno ve St\u0159edozemn\u00edm mo\u0159i za \u00fa\u010delem zv\u00fd\u0161en\u00ed efektivity a v\u00fdcviku spojeneck\u00fdch protiponorkov\u00fdch sil.<\/span><\/li>\n<\/ol>\n<p><span>C\u00edlem t\u011bchto cvi\u010den\u00ed je pos\u00edlit spolupr\u00e1ci a obrann\u00e9 schopnosti v r\u00e1mci asociace NATO.<\/span><\/p>\n<p><span>Zdroje:\u00a0<\/span><a href=\"https:\/\/en.wikipedia.org\/wiki\/Steadfast_Defender_2024\" target=\"_blank\" rel=\"noreferrer noopener\"><span>Wikipedie<\/span><\/a><span>\u00a0.\u00a0<\/span><a href=\"https:\/\/www.admin.ch\/gov\/en\/start\/documentation\/media-releases.msg-id-97814.html\" target=\"_blank\" rel=\"noreferrer noopener\"><span>Admin.ch<\/span><\/a><span>\u00a0.<\/span><a href=\"https:\/\/shape.nato.int\/news-archive\/2024\/us--nato-demonstrate-capacity-during-exercise-swift-response\" target=\"_blank\" rel=\"noreferrer noopener\"><span>\u200b Shape NATO<\/span><\/a><span>\u00a0.\u00a0<\/span><a href=\"https:\/\/www.act.nato.int\/article\/steadfast-defender-2024-signals-alliance-unity-and-preparedness\/\" target=\"_blank\" rel=\"noreferrer noopener\"><span>Akce NATO<\/span><\/a><span>\u00a0.\u00a0<\/span><a href=\"https:\/\/shape.nato.int\/nato-exercises\" target=\"_blank\" rel=\"noreferrer noopener\"><span>Formov\u00e1n\u00ed NATO<\/span><\/a><span>\u00a0.\u00a0<\/span><a href=\"https:\/\/www.admin.ch\/gov\/de\/start\/dokumentation\/medienmitteilungen.msg-id-102915.html\" target=\"_blank\" rel=\"noreferrer noopener\" data-type=\"link\" data-id=\"https:\/\/www.admin.ch\/gov\/de\/start\/dokumentation\/medienmitteilungen.msg-id-102915.html\"><span>admin.ch\u00a0<\/span><\/a><a href=\"https:\/\/www.admin.ch\/gov\/de\/start\/dokumentation\/medienmitteilungen.msg-id-102915.html\" target=\"_blank\" rel=\"noreferrer noopener\" data-type=\"link\" data-id=\"https:\/\/www.admin.ch\/gov\/de\/start\/dokumentation\/medienmitteilungen.msg-id-102915.html\"><span>admin.ch\u00a0<\/span><\/a><a href=\"https:\/\/www.admin.ch\/gov\/en\/start\/documentation\/media-releases.msg-id-97814.html\" target=\"_blank\" rel=\"noreferrer noopener\" data-type=\"link\" data-id=\"https:\/\/www.admin.ch\/gov\/en\/start\/documentation\/media-releases.msg-id-97814.html\"><span>admin.ch\u00a0<\/span><\/a><a href=\"https:\/\/www.vtg.admin.ch\/de\/search?search=nato&amp;sort=dateDecreasing&amp;page=1&amp;display=list\" target=\"_blank\" rel=\"noreferrer noopener\" data-type=\"link\" data-id=\"https:\/\/www.vtg.admin.ch\/de\/search?search=nato&amp;sort=dateDecreasing&amp;page=1&amp;display=list\"><span>vtg.admin.ch<\/span><\/a><\/p>\n<p><span>Dal\u0161\u00ed v\u00e1le\u010dn\u00e1 cvi\u010den\u00ed NATO uveden\u00e1 n\u00ed\u017ee:<\/span><\/p>\n<p><span>Informace o p\u0159esn\u00e9 \u00fa\u010dasti \u0160v\u00fdcarska jsou \u010dasto m\u00e9n\u011b v\u00fdrazn\u00e9, proto\u017ee spolupracuje v r\u00e1mci Partnerstv\u00ed pro m\u00edr (PfP).<\/span><\/p>\n<ol class=\"wp-block-list\">\n<li><strong><span>Steadfast Defender 2024<\/span><\/strong><br \/>\n<a><span>cvi\u010den\u00ed NATO Steadfast Defender<\/span><\/a><\/li>\n<li><strong><span>Swift Response 24<\/span><\/strong><br \/>\n<a href=\"https:\/\/shape.nato.int\/news-archive\/2024\/us--nato-demonstrate-capacity-during-exercise-swift-response\"><span>Swift Response \u2013 Allied Air Command<\/span><\/a><\/li>\n<li><strong><span>Cyber \u200b\u200b\u200b\u200bCoalition 2024<\/span><\/strong><br \/>\n<a><span>NATO Cyber \u200b\u200b\u200b\u200bCoalition<\/span><\/a><\/li>\n<li><strong><span>Dynamick\u00fd mangust<\/span><\/strong><br \/>\n<a><span>Dynamick\u00fd mangusta \u2013 zpr\u00e1vy NATO<\/span><\/a><\/li>\n<li><strong><span>Dynamic Mariner<\/span><\/strong><br \/>\n<a><span>Dynamic Mariner \u2013 NATO Maritime<\/span><\/a><\/li>\n<li><strong><span>Dynamic Manta<\/span><\/strong><br \/>\n<a><span>Dynamic Manta \u2013 Spojeneck\u00e9 n\u00e1mo\u0159n\u00ed velitelstv\u00ed NATO<\/span><\/a><\/li>\n<li><strong><span>Brilantn\u00ed skok 24<\/span><\/strong><br \/>\n<a href=\"https:\/\/www.joint-forces.com\/\"><span>Brilantn\u00ed skok 24<\/span><\/a><\/li>\n<li><strong><span>Okam\u017eit\u00e1 odezva 24<\/span><\/strong><br \/>\n<a href=\"https:\/\/shape.nato.int\/\"><span>Cvi\u010den\u00ed okam\u017eit\u00e9 odezvy<\/span><\/a><\/li>\n<li><strong><span>Trojan Footprint 24<\/span><\/strong><br \/>\n<a href=\"https:\/\/www.socom.mil\/\"><span>Trojan Footprint \u2013 SOCEUR<\/span><\/a><\/li>\n<li><strong><span>Jarn\u00ed bou\u0159e<\/span><\/strong><br \/>\n<a href=\"https:\/\/shape.nato.int\/\"><span>Jarn\u00ed bou\u0159e \u2013 NATO<\/span><\/a><\/li>\n<li><strong><span>Saber Strike 24<\/span><\/strong><br \/>\n<a href=\"https:\/\/www.eur.army.mil\/\"><span>Saber Strike<\/span><\/a><\/li>\n<li><strong><span>Crystal Arrow<\/span><\/strong><br \/>\n<a href=\"https:\/\/www.eur.army.mil\/\"><span>Crystal Arrow<\/span><\/a><\/li>\n<li><strong><span>Grand Quadriga<\/span><\/strong><br \/>\n<a href=\"https:\/\/www.bundeswehr.de\/\"><span>Grand Quadriga<\/span><\/a><\/li>\n<li><strong><span>Spole\u010dn\u00fd v\u00e1le\u010dn\u00edk<\/span><\/strong><br \/>\n<a href=\"https:\/\/www.gov.uk\/\"><span>Spole\u010dn\u00fd v\u00e1le\u010dn\u00edk<\/span><\/a><\/li>\n<li><strong><span>Dragon 24<\/span><\/strong><br \/>\n<a href=\"https:\/\/www.gov.pl\/\"><span>Dragon 24 \u2013 Polsk\u00e1 arm\u00e1da<\/span><\/a><\/li>\n<li><strong><span>Nordic Response<\/span><\/strong><br \/>\n<a href=\"https:\/\/forsvaret.no\/\"><span>Nordic Response<\/span><\/a><\/li>\n<li><strong><span>State\u010dn\u00fd bojovn\u00edk<\/span><\/strong><br \/>\n<a href=\"https:\/\/www.honvedelem.hu\/\"><span>State\u010dn\u00fd bojovn\u00edk \u2013 Ma\u010farsk\u00e1 arm\u00e1da<\/span><\/a><\/li>\n<li><strong><span>Ramstein Alloy<\/span><\/strong><br \/>\n<a href=\"https:\/\/ac.nato.int\/\"><span>Ramstein Alloy<\/span><\/a><\/li>\n<li><strong><span>Steadfast Poledne<\/span><\/strong><br \/>\n<a href=\"https:\/\/shape.nato.int\/\"><span>Steadfast Poledne \u2013 NATO Nuclear Deterrence<\/span><\/a><\/li>\n<li><strong><span>Cold Response<\/span><\/strong><br \/>\n<a href=\"https:\/\/forsvaret.no\/\"><span>Cold Response \u2013 Forsvaret<\/span><\/a><\/li>\n<li><strong><span>Griffin Lightning<\/span><\/strong><br \/>\n<a href=\"https:\/\/mncne.pl\/\"><span>Griffin Lightning<\/span><\/a><\/li>\n<li><strong><span>Sea Breeze<\/span><\/strong><br \/>\n<a href=\"https:\/\/www.c6f.navy.mil\/\"><span>Sea Breeze \u2013 US Navy<\/span><\/a><\/li>\n<li><strong><span>Dynamick\u00e1 garda<\/span><\/strong><br \/>\n<a><span>Dynamick\u00e1 garda \u2013 NATO Maritime<\/span><\/a><\/li>\n<li><strong><span>Locked Shields<\/span><\/strong><br \/>\n<a href=\"https:\/\/ccdcoe.org\/\"><span>Locked Shields \u2013 NATO CCDCOE<\/span><\/a><\/li>\n<\/ol>\n<p><img decoding=\"async\" loading=\"lazy\" class=\"alignnone size-full wp-image-1185\" src=\"http:\/\/www.infokuryr.cz\/n\/wp-content\/uploads\/2021\/04\/kuryr-podpis.png\" alt=\"\" width=\"84\" height=\"24\" \/><\/p>\n<p>&nbsp;<\/p>\n","protected":false},"excerpt":{"rendered":"<p>\u0160v\u00fdcarsko tento t\u00fdden prov\u00e1d\u00ed spole\u010dn\u00e1 cvi\u010den\u00ed vzdu\u0161n\u00fdch sil s USA, navzdory sv\u00e9 \u00fastavn\u00ed vojensk\u00e9 neutralit\u011b&#8230;.<\/p>\n","protected":false},"author":2,"featured_media":56585,"comment_status":"closed","ping_status":"closed","sticky":false,"template":"","format":"standard","meta":[],"categories":[7],"tags":[1503,39,1942,467],"_links":{"self":[{"href":"https:\/\/www.infokuryr.cz\/n\/wp-json\/wp\/v2\/posts\/65534"}],"collection":[{"href":"https:\/\/www.infokuryr.cz\/n\/wp-json\/wp\/v2\/posts"}],"about":[{"href":"https:\/\/www.infokuryr.cz\/n\/wp-json\/wp\/v2\/types\/post"}],"author":[{"embeddable":true,"href":"https:\/\/www.infokuryr.cz\/n\/wp-json\/wp\/v2\/users\/2"}],"replies":[{"embeddable":true,"href":"https:\/\/www.infokuryr.cz\/n\/wp-json\/wp\/v2\/comments?post=65534"}],"version-history":[{"count":0,"href":"https:\/\/www.infokuryr.cz\/n\/wp-json\/wp\/v2\/posts\/65534\/revisions"}],"wp:featuredmedia":[{"embeddable":true,"href":"https:\/\/www.infokuryr.cz\/n\/wp-json\/wp\/v2\/media\/56585"}],"wp:attachment":[{"href":"https:\/\/www.infokuryr.cz\/n\/wp-json\/wp\/v2\/media?parent=65534"}],"wp:term":[{"taxonomy":"category","embeddable":true,"href":"https:\/\/www.infokuryr.cz\/n\/wp-json\/wp\/v2\/categories?post=65534"},{"taxonomy":"post_tag","embeddable":true,"href":"https:\/\/www.infokuryr.cz\/n\/wp-json\/wp\/v2\/tags?post=65534"}],"curies":[{"name":"wp","href":"https:\/\/api.w.org\/{rel}","templated":true}]}}