{"id":65529,"date":"2024-11-04T05:50:22","date_gmt":"2024-11-04T04:50:22","guid":{"rendered":"https:\/\/www.infokuryr.cz\/n\/?p=65529"},"modified":"2024-11-04T05:50:22","modified_gmt":"2024-11-04T04:50:22","slug":"michael-svatos-zelenskyj-u-kyjeva-buduje-hrbitov-pro-150-000-vojaku","status":"publish","type":"post","link":"https:\/\/www.infokuryr.cz\/n\/2024\/11\/04\/michael-svatos-zelenskyj-u-kyjeva-buduje-hrbitov-pro-150-000-vojaku\/","title":{"rendered":"Michael Svato\u0161: Zelenskyj u Kyjeva buduje h\u0159bitov pro 150 000 voj\u00e1k\u016f&#8230;"},"content":{"rendered":"<div id=\"fb-root\"><\/div>\n<p><span style=\"font-size: 14pt;\"><strong>Zelenskyj u Kyjeva buduje h\u0159bitov pro 150 000 voj\u00e1k\u016f. St\u00e1da ukrajinsk\u00fdch krav se maj\u00ed d\u00edky tu\u010dn\u00fdm Bruselsk\u00fdm dotac\u00edm rozr\u016fst 10 kr\u00e1t. S \u010desk\u00fdmi a slovensk\u00fdmi kravami se u\u017e v budoucnu nepo\u010d\u00edt\u00e1! Bruselsk\u00e1 dotace 500 milion\u016f EUR na latifundii, nebo zem\u011bd\u011blsk\u00fd konglomer\u00e1t, pr\u00fd nic zvl\u00e1\u0161tn\u00edho! (I. d\u00edl.)<\/strong><\/span><\/p>\n<p>N\u00e1m\u011bstkyn\u011b ukrajinsk\u00e9ho ministra zdravotnictv\u00ed Marina Slobodnichenko\u00a0<a href=\"https:\/\/m.censor.net\/ru\/news\/3518109\/standarty_pytnoyi_vody_v_ukrayini_ne_vidpovidayut_yevropeyiskym\">v\u010dera ve\u0159ejn\u011b p\u0159iznala<\/a>, \u017ee Ukrajina v p\u0159\u00edpad\u011b vstupu do EU bude nucena z\u00e1konem deklarovat svoji ve\u0161kerou pitnou vodu za vodu pouze \u201cpr\u016fmyslovou\u201d, proto\u017ee pitn\u00e1 voda v kvalit\u011b po\u017eadovan\u00e9 EU na Ukrajin\u011b prost\u011b neexistuje. Toto p\u0159izn\u00e1n\u00ed ukrajinsk\u00e9 n\u00e1m\u011bstkyn\u011b zdravotnictv\u00ed je \u0161okuj\u00edc\u00edm varov\u00e1n\u00edm pro \u010desk\u00e9 zem\u011bd\u011blce, potravin\u00e1\u0159e i spot\u0159ebitele.\u00a0<a href=\"https:\/\/www.agroaquapro.cz\/zemedelstvi\/landing-page-kategorie\/\">Podle norem platn\u00fdch v \u010cR mus\u00ed b\u00fdt v\u0161echna \u201cnap\u00e1jec\u00ed voda\u201d pro \u010desk\u00e1 i evropsk\u00e1 hospod\u00e1\u0159sk\u00e1 zv\u00ed\u0159ata pouze \u201cvoda pitn\u00e1\u201d<\/a>. D\u016fvod je prost\u00fd, kontaminovan\u00e1 voda, kter\u00e1 nespl\u0148uje podm\u00ednky pro pitnou vodu, ohro\u017euje zdravotn\u00ed stav hospod\u00e1\u0159sk\u00fdch zv\u00ed\u0159at, a t\u00edm n\u00e1sledn\u011b i zdrav\u00ed konzument\u016f \u017eivo\u010di\u0161n\u00fdch produkt\u016f.<\/p>\n<p>Pokud Ukrajina nem\u00e1 k dispozici \u017e\u00e1dnou evropskou \u201cpitnou vodu\u201d, v\u0161em norm\u00e1ln\u00edm lidem bude rychle jasn\u00e9, \u017ee ani nem\u016f\u017ee masov\u011b produkovat stejn\u011b kvalitn\u00ed \u017eivo\u010di\u0161n\u00e9 potraviny, jak\u00e9 produkuj\u00ed evrop\u0161t\u00ed, \u010de\u0161t\u00ed a sloven\u0161t\u00ed farm\u00e1\u0159i. Co je jasn\u00e9 ob\u010dan\u016fm, je ov\u0161em bu\u0159t Eurokrat\u016fm, a ti cht\u011bj\u00ed Ukrajinu, co nejrychleji p\u0159ijmout do EU. Podle euro-pl\u00e1n\u016f se m\u00e1 v p\u0159\u00ed\u0161t\u00edch letech z Ukrajiny do EU dramaticky zv\u00fd\u0161it dovoz levn\u00e9 dr\u016fbe\u017ee, vajec, ml\u00e9ka, s\u00fdr\u016f, m\u00e1sla a masn\u00fdch produkt\u016f. Ukrajinsk\u00e9 ministerstvo zem\u011bd\u011blstv\u00ed uspo\u0159\u00e1dalo ned\u00e1vno velkou konferenci \u201cml\u00e9ka\u0159\u016f\u201d a na n\u00ed zazn\u011bly pro \u010desk\u00e9 zem\u011bd\u011blce alarmuj\u00edc\u00ed novinky.<\/p>\n<p>Podle \u0412\u0430\u043b\u0435\u043d\u0442\u0438\u043d\u0430 \u0417\u0430\u043f\u043e\u0440\u043e\u0449\u0443\u043a\u0430 \u0159editele mamut\u00ed ml\u00e9k\u00e1rny\u00a0<span class=\"mw-page-title-main\"><a href=\"https:\/\/uk.wikipedia.org\/wiki\/%D0%86%D1%87%D0%BD%D1%8F%D0%BD%D1%81%D1%8C%D0%BA%D0%B8%D0%B9_%D0%BC%D0%BE%D0%BB%D0%BE%D1%87%D0%BD%D0%BE-%D0%BA%D0%BE%D0%BD%D1%81%D0%B5%D1%80%D0%B2%D0%BD%D0%B8%D0%B9_%D0%BA%D0%BE%D0%BC%D0%B1%D1%96%D0%BD%D0%B0%D1%82#cite_note-5\">\u0406\u0447\u043d\u044f\u043d\u0441\u044c\u043a\u0438\u0439<\/a>, kter\u00e1 byla v minulosti kontrolami n\u011bkolikr\u00e1t na\u010dapan\u00e1,\u00a0<a href=\"https:\/\/web.archive.org\/web\/20130429203741\/http:\/\/test.org.ua\/tests\/food\/217\">\u017ee do ml\u00e9ka p\u0159im\u00edch\u00e1v\u00e1 a\u017e 90% rostlinn\u00e9ho tuku<\/a>, se o\u010dek\u00e1v\u00e1, \u017ee Ukrajina bude po p\u0159ijet\u00ed do EU produkovat a\u017e 30 milion\u016f tun ml\u00e9ka ro\u010dn\u011b, a stane se dominantn\u00edm hr\u00e1\u010dem na evropsk\u00e9m ml\u00e9\u010dn\u00e9m trhu. Podle \u0417\u0430\u043f\u043e\u0440\u043e\u0449\u0443\u043aa nyn\u00ed Ukrajina produkuje jen necel\u00fdch 8 milion\u016f tun ml\u00e9ka, 3.6 milion\u016f vesnick\u00e9 dom\u00e1cnosti s n\u011bkolika kravkami, a 4 miliony velk\u00e9 konglomer\u00e1ty.<\/span><\/p>\n<p><span class=\"mw-page-title-main\"><a href=\"https:\/\/www.mikrop.cz\/magazin\/ekonomika-vyroby-mleka-2023~m2032\">\u010cR vyprodukovala v roce 2023 celkem 3,2 milionu tun ml\u00e9ka<\/a>. Produkce ml\u00e9ka byla loni sice 143% \u010dist\u00e9 dom\u00e1c\u00ed spot\u0159eby, ale velk\u00e1 \u010d\u00e1st nezpracovan\u00e9ho ml\u00e9ka se v\u0161ak vyv\u00e1\u017e\u00ed. Neuspokojen\u00fd rozd\u00edl mezi dom\u00e1c\u00ed spot\u0159ebou a v\u00fdvozem se pak vyrovn\u00e1v\u00e1 dovozem ml\u00e9ka ekonomicky zhodnocen\u00e9ho v z\u00e1padn\u00edm zahrani\u010d\u00ed na pokro\u010dil\u00e9 ml\u00e9\u010dn\u00e9 produkty. \u010cesk\u00e9 ml\u00e9k\u00e1renstv\u00ed tak d\u00edky nerovn\u00e9 dota\u010dn\u00ed politice EU vykazuje typick\u00e9 rysy koloni\u00e1ln\u00edho zem\u011bd\u011blstv\u00ed.\u00a0 Pl\u00e1ny, kter\u00e9 zve\u0159ejnil \u0417\u0430\u043f\u043e\u0440\u043e\u0449\u0443\u043a, na produkci 30 milion\u016f tun ml\u00e9ka, tak \u010desk\u00fdm farm\u00e1\u0159\u016fm \u201c<a href=\"https:\/\/www.ptejteseknihovny.cz\/dotazy\/zvoni-hrana\">zvon\u00ed hranou<\/a>\u201c, proto\u017ee s ni\u017e\u0161\u00edmi dotacemi nebudou ukrajinsk\u00e9 koloni\u00e1ln\u00ed produkci ml\u00e9ka na rozd\u00edl od z\u00e1padn\u00edch zem\u011bd\u011blc\u016f schopni konkurovat. Vyvst\u00e1v\u00e1 typick\u00e1 ot\u00e1zka \u2013 co s t\u00edmto budouc\u00edm neradostn\u00fdm stavem \u010desk\u00e9ho zem\u011bd\u011blstv\u00ed hodlaj\u00ed podniknout jeho dom\u00e1c\u00ed str\u016fjci \u2013 \u010de\u0161t\u00ed fialov\u00ed politici?\u00a0<\/span><\/p>\n<p>Na konferenci ukrajinsk\u00fdch velko-ml\u00e9ka\u0159\u016f vystoupil i tamn\u00ed ministr zem\u011bd\u011blstv\u00ed\u00a0<a href=\"https:\/\/uk.wikipedia.org\/wiki\/%D0%9A%D0%BE%D0%B2%D0%B0%D0%BB%D1%8C_%D0%92%D1%96%D1%82%D0%B0%D0%BB%D1%96%D0%B9_%D0%A1%D1%82%D0%B0%D0%BD%D1%96%D1%81%D0%BB%D0%B0%D0%B2%D0%BE%D0%B2%D0%B8%D1%87\">\u0412\u0456\u0442\u0430\u043b\u0456 \u041a\u043e\u0432\u0430\u043b<\/a>, a sliboval v\u0161em ukrajinsk\u00fdm zem\u011bd\u011blc\u016fm tu\u010dn\u00e9 evropsk\u00e9 dotace. \u0158editel\u00a0<a href=\"https:\/\/uk.wikipedia.org\/wiki\/%D0%A4%D0%B5%D0%B4%D0%B5%D1%80%D0%B0%D1%86%D1%96%D1%8F_%D1%80%D0%BE%D0%B1%D0%BE%D1%82%D0%BE%D0%B4%D0%B0%D0%B2%D1%86%D1%96%D0%B2_%D0%A3%D0%BA%D1%80%D0%B0%D1%97%D0%BD%D0%B8\">Ukrajinsk\u00e9ho svazu zam\u011bstnavatel\u016f<\/a>\u00a0\u0420\u0443\u0441\u043b\u0430\u043d \u0406\u043b\u043b\u0456\u0447\u043e\u0432 dokonce hovo\u0159il, \u017ee \u201c<a href=\"https:\/\/landlord.ua\/news\/tvarinnitstvo\/v-ukrayini-ochikuyetsya-rekordne-zrostannya-czin-na-moloko-cherez-deficzyt-syrovyny-ta-problemy-galuzi\/\">Brusel nem\u00e1 ani probl\u00e9m nad\u011blovat velk\u00fdm agr\u00e1rn\u00edm uskupen\u00edm kompenzace v jednor\u00e1zov\u00e9 v\u00fd\u0161i 500 milion\u016f EUR<\/a>\u201d na jednu latifundii. Dotace maj\u00ed od EU dostat jak mal\u00ed farm\u00e1\u0159i, tak velc\u00ed hr\u00e1\u010di agr\u00e1rn\u00edho trhu. Podle z\u00e1v\u011br\u016f konference bude Brusel financovat hlavn\u011b mal\u00e9 farm\u00e1\u0159e, = (mal\u00e9 vesnick\u00e9 producenty ml\u00e9ka), proto\u017ee jejich ml\u00e9ko se \u201cnyn\u00ed nesm\u00ed vykupovat do ml\u00e9k\u00e1ren, kter\u00e9 vyv\u00e1\u017eej\u00ed do EU, proto\u017ee nespl\u0148uje hygienick\u00e9 normy\u201d. Kolik bude Brusel a Kyjev st\u00e1t, aby navedly hygienu a zajistily pitnou vodu pro po\u010det ukrajinsk\u00fdch krav v majetku mal\u00fdch zem\u011bd\u011blc\u016f, kter\u00e9 vyprodukuj\u00ed o 10% v\u00edce ml\u00e9ka ne\u017e v\u0161echny \u010desk\u00e9 kr\u00e1vy chovan\u00e9 v hygienick\u00fdch podm\u00ednk\u00e1ch a nap\u00e1jen\u00e9 pitnou vodou nadoj\u00ed dohromady, si nedovedu p\u0159edstavit. Kolik v\u0161ak bude st\u00e1t zaveden\u00ed pitn\u00e9 vody pro v\u0161ech 6 milion\u016f krav, kter\u00e9 maj\u00ed podle pl\u00e1n\u016f Bruselu a Kyjeva ro\u010dn\u011b nadojit 30 000 milion\u016f litr\u016f ml\u00e9ka, si u\u017e rad\u011bji ani p\u0159edstavovat nechci. (<a href=\"https:\/\/www.mikrop.cz\/magazin\/ekonomika-vyroby-mleka-2023~m2032\">V \u010cR v roce 2023 nadojilo 568 472 krav 3 287 milion\u016f litr\u016f ml\u00e9ka<\/a>.) Zd\u00e1 se v\u0161ak jasn\u00e9, \u017ee tlak Bruselu proti evropsk\u00fdm a \u010desk\u00fdm krav\u00e1m v posledn\u00edch letech nespadl jen tak z \u010dist\u00e9 oblohy, ale m\u00e1 sp\u00ed\u0161e co do \u010din\u011bn\u00ed s p\u0159em\u011bnou Ukrajiny na jednu velkou ml\u00e9\u010dnou latifundii vlastn\u011bnou p\u00e1r kyjevsk\u00fdmi oligarchy a n\u011bkolika z\u00e1padn\u00edmi korporacemi.<\/p>\n<p>Cena pitn\u00e9 vody v \u010cR\u00a0<a href=\"https:\/\/www.klik.cz\/blog\/kolik-stoji-kubik-vody\/\">se letos obecn\u011b pohybuje okolo 100 a\u017e 140 CZK<\/a>\u00a0za 1 metr krychlov\u00fd.\u00a0<a href=\"https:\/\/informator.ua\/ru\/v-ukraine-net-pitevoy-vody-po-standartam-es-tolko-tehnicheskaya-minzdrav\">Na Ukrajin\u011b byla v l\u00e9t\u011b nejvy\u0161\u0161\u00ed cena za 1 metr \u201cevropsk\u00e9 nepitn\u00e9 vody\u201d 131 UAH<\/a>, (74 CZK). Odhl\u00e9dneme-li od skute\u010dnosti, \u017ee obdobou \u201cukrajinsk\u00e9 evropsk\u00e9 nepitn\u00e9 vody\u201d nelze z d\u016fvod\u016f hrozby zdravotn\u00edch rizik pro evropsk\u00e9 ob\u010dany \u010desk\u00e9 kr\u00e1vy nap\u00e1jet, maj\u00ed i tak \u010de\u0161t\u00ed ml\u00e9ka\u0159i probl\u00e9m. Jedna \u010desk\u00e1 vysokoproduk\u010dn\u00ed hol\u0161t\u00fdnsk\u00e1 dojnice spot\u0159ebuje 120 litr\u016f kvalitn\u00ed \u010desk\u00e9 pitn\u00e9 vody denn\u011b, v dob\u011b letn\u00edho horka i dvojn\u00e1sobek.\u00a0<a href=\"https:\/\/naschov.cz\/proc-je-voda-nezbytna-prehodnotte-pristup-krav-k-vode\/\">P\u0159i pom\u011bru 2.4 kg vypit\u00e9 vody na 1 litr nadojen\u00e9ho ml\u00e9ka<\/a>, je \u010desk\u00e9 ml\u00e9ko d\u00edky vy\u0161\u0161\u00ed cen\u011b kvalitn\u00ed \u010desk\u00e9 pitn\u00e9 vody o 20 hal\u00ed\u0159\u016f na litr dra\u017e\u0161\u00ed ne\u017e ukrajinsk\u00e9 z evropsk\u00e9 nepitn\u00e9 vody. Hal\u00ed\u0159e d\u011blaj\u00ed tal\u00ed\u0159e. P\u0159i pl\u00e1novan\u00fdch 30 milionech tun\u00e1ch ml\u00e9ka budouc\u00ed ukrajinsk\u00e9 produkce, je jen \u00faspora na ukrajinsk\u00e9 evropsk\u00e9 nepitn\u00e9 vod\u011b v ml\u00e9\u010dn\u00e9 produkci 6 miliard CZK ro\u010dn\u011b. Naopak cel\u00e1 \u010desk\u00e1 ro\u010dn\u00ed produkce ml\u00e9ka je oproti ukrajinsk\u00e9 zat\u00ed\u017eena dodate\u010dn\u00fdmi\u00a0 680 miliony CZK jen z \u010desk\u00e9 kvalitn\u00ed pitn\u00e9 vody. Hal\u00ed\u0159e d\u011blaj\u00ed tal\u00ed\u0159e. Je tomu p\u00e1r dn\u00ed, kdy Rumunsko i Bulharsko<a href=\"https:\/\/agravery.com\/uk\/posts\/section\/show\/poultry-farming\">\u00a0po\u017e\u00e1daly EU o zastaven\u00ed dovozu ukrajinsk\u00fdch vajec a dr\u016fbe\u017ee<\/a>, proto\u017ee jejich dr\u016fbe\u017e\u00e1\u0159i nejsou schopni ukrajinsk\u00fdm cen\u00e1m dosahovan\u00fdm nedodr\u017eov\u00e1n\u00edm evropsk\u00fdch p\u0159edpis\u016f a standard\u016f konkurovat.<\/p>\n<p>Podle v\u010derej\u0161\u00edho sd\u011blen\u00ed n\u00e1m\u011bstkyn\u011b ukrajinsk\u00e9ho ministra zdravotnictv\u00ed Marina Slobodnichenko, Brusel nepo\u017eaduje, aby Ukrajina splnila podm\u00ednky, a na cel\u00e9m sv\u00e9m \u00fazem\u00ed zavedla \u201cevropskou pitnou vodu\u201d, jak v\u0161echny zem\u011b EU musely. Ale posta\u010d\u00ed, kdy\u017e Ukrajina z\u00e1konem ozna\u010d\u00ed v\u0161echnu svoji vodu za \u201ctechnickou\u201d. Ukazuje se tak, \u017ee zaveden\u00ed pitn\u00e9 vody na Ukrajin\u011b bude mimo\u0159\u00e1dn\u011b n\u00e1kladn\u00e9, a Brusel ani Kyjev si jej\u00ed zaveden\u00ed nemohou finan\u010dn\u011b dovolit. Jak ozn\u00e1mila Slobodnichenko, pitn\u00e1 voda se na Ukrajin\u011b z\u00e1konem p\u0159ezna\u010d\u00ed za technickou, a sn\u00ed\u017e\u00ed se tak jej\u00ed cena pro obyvatele i firmy. Vznikne tak je\u0161t\u011b v\u011bt\u0161\u00ed probl\u00e9m pro \u010desk\u00e9 zem\u011bd\u011blce. Voda pro ukrajinsk\u00e9 zem\u011bd\u011blce bude je\u0161t\u011b levn\u011bj\u0161\u00ed. Cena elekt\u0159iny na Ukrajin\u011b nyn\u00ed je 4.32 UAH za 1kWh, (2.42 CZK),\u00a0<a href=\"https:\/\/www.michalapetr.com\/map-2016-fiala-hubitel-naroda-orban-globalisty-vcera-veleben-a-davan-za-priklad-zelenskyj-se-poprve-vzeprel-us-jestrabum\/\">zat\u00edmco \u010ce\u0161i letos podle Bruselu plat\u00ed 6 nejvy\u0161\u0161\u00ed cenu 0,2574 EURO za 1kWh<\/a>, (6.56 CZK). Ka\u017ed\u00fd zem\u011bd\u011blsk\u00fd i pr\u016fmyslov\u00fd ekonom si snadno spo\u010d\u00edt\u00e1, \u017ee ukrajinsk\u00e9 zem\u011bd\u011blsk\u00e9 produkci za t\u011bchto podm\u00ednek nelze konkurovat. Co na to Fiala?<\/p>\n<p>Fajn\u0161mek\u0159i\u00a0<a href=\"https:\/\/archiv.szu.cz\/uploads\/documents\/chzp\/voda\/pdf\/Stanovisko_NRC_k_AVex_2_2019.pdf\">zde najdou v PDF<\/a>\u00a0z\u00e1znam zu\u0159iv\u00e9ho sporu St\u00e1tn\u00edho zdravotn\u00edho \u00fastavu s Akademi\u00ed v\u011bd \u010cR o tom zda je v \u010cR bezpe\u010dn\u00e1 pitn\u00e1 voda.\u00a0<a class=\"mfp-iframe lightbox-added\" href=\"https:\/\/www.youtube.com\/watch?v=kRqRVQhl2k4\">A zde na R\u00e1dio Universum<\/a>\u00a0speci\u00e1l o pitn\u00e9 vod\u011b v \u010cR s Radkem Novotn\u00fdm.<\/p>\n<p>Pokra\u010dov\u00e1n\u00ed p\u0159\u00ed\u0161t\u011b.<\/p>\n<p><a href=\"https:\/\/www.michalapetr.com\/map-2132-zelenskyj-u-kyjeva-buduje-hrbitov-pro-150-000-vojaku-stada-ukrajinskych-krav-se-maji-diky-tucnym-bruselskym-dotacim-rozrust-10-krat-s-ceskymi-a-slovenskymi-kravami-se-uz-v-budoucnu-nepocita\/\">Michael Svato\u0161<\/a><\/p>\n<p><img decoding=\"async\" loading=\"lazy\" class=\"alignnone size-full wp-image-27204\" src=\"http:\/\/www.infokuryr.cz\/n\/wp-content\/uploads\/2023\/05\/Michael_Svatos.png\" alt=\"\" width=\"180\" height=\"180\" srcset=\"https:\/\/www.infokuryr.cz\/n\/wp-content\/uploads\/2023\/05\/Michael_Svatos.png 180w, https:\/\/www.infokuryr.cz\/n\/wp-content\/uploads\/2023\/05\/Michael_Svatos-150x150.png 150w\" sizes=\"(max-width: 180px) 100vw, 180px\" \/><\/p>\n<p>&nbsp;<\/p>\n","protected":false},"excerpt":{"rendered":"<p>Zelenskyj u Kyjeva buduje h\u0159bitov pro 150 000 voj\u00e1k\u016f. St\u00e1da ukrajinsk\u00fdch krav se maj\u00ed d\u00edky&#8230;<\/p>\n","protected":false},"author":2,"featured_media":21198,"comment_status":"closed","ping_status":"closed","sticky":false,"template":"","format":"standard","meta":[],"categories":[6],"tags":[1042,920,41,6064,26,104],"_links":{"self":[{"href":"https:\/\/www.infokuryr.cz\/n\/wp-json\/wp\/v2\/posts\/65529"}],"collection":[{"href":"https:\/\/www.infokuryr.cz\/n\/wp-json\/wp\/v2\/posts"}],"about":[{"href":"https:\/\/www.infokuryr.cz\/n\/wp-json\/wp\/v2\/types\/post"}],"author":[{"embeddable":true,"href":"https:\/\/www.infokuryr.cz\/n\/wp-json\/wp\/v2\/users\/2"}],"replies":[{"embeddable":true,"href":"https:\/\/www.infokuryr.cz\/n\/wp-json\/wp\/v2\/comments?post=65529"}],"version-history":[{"count":0,"href":"https:\/\/www.infokuryr.cz\/n\/wp-json\/wp\/v2\/posts\/65529\/revisions"}],"wp:featuredmedia":[{"embeddable":true,"href":"https:\/\/www.infokuryr.cz\/n\/wp-json\/wp\/v2\/media\/21198"}],"wp:attachment":[{"href":"https:\/\/www.infokuryr.cz\/n\/wp-json\/wp\/v2\/media?parent=65529"}],"wp:term":[{"taxonomy":"category","embeddable":true,"href":"https:\/\/www.infokuryr.cz\/n\/wp-json\/wp\/v2\/categories?post=65529"},{"taxonomy":"post_tag","embeddable":true,"href":"https:\/\/www.infokuryr.cz\/n\/wp-json\/wp\/v2\/tags?post=65529"}],"curies":[{"name":"wp","href":"https:\/\/api.w.org\/{rel}","templated":true}]}}