{"id":65520,"date":"2024-11-04T05:12:03","date_gmt":"2024-11-04T04:12:03","guid":{"rendered":"https:\/\/www.infokuryr.cz\/n\/?p=65520"},"modified":"2024-11-04T05:12:03","modified_gmt":"2024-11-04T04:12:03","slug":"moldavske-proevropska-prezidentka-deklaruje-vitezstvi-ve-velmi-spornych-volbach","status":"publish","type":"post","link":"https:\/\/www.infokuryr.cz\/n\/2024\/11\/04\/moldavske-proevropska-prezidentka-deklaruje-vitezstvi-ve-velmi-spornych-volbach\/","title":{"rendered":"Moldavsk\u00e9 proevropsk\u00e1 prezidentka deklaruje v\u00edt\u011bzstv\u00ed ve velmi sporn\u00fdch volb\u00e1ch"},"content":{"rendered":"<div id=\"fb-root\"><\/div>\n<p><span style=\"font-size: 18pt;\"><strong>Moldavsk\u00e1 Maia Sanduov\u00e1 v ned\u011bli \u00fadajn\u011b z\u00edskala 55,03 % hlas\u016f<\/strong><\/span><\/p>\n<p><span>\u00da\u0159aduj\u00edc\u00ed moldavsk\u00e1 proevropsk\u00e1 prezidentka Maia Sanduov\u00e1 prohl\u00e1sila v\u00edt\u011bzstv\u00ed v ned\u011bln\u00edm druh\u00e9m kole voleb pot\u00e9, co ofici\u00e1ln\u00ed s\u010d\u00edt\u00e1n\u00ed odhalilo jej\u00ed desetibodov\u00fd n\u00e1skok p\u0159ed b\u00fdval\u00fdm gener\u00e1ln\u00edm prokur\u00e1torem Alexandrem Stoianoglom.<\/span><\/p>\n<p><span>S v\u00edce ne\u017e 98 % se\u010dten\u00fdch hlasovac\u00edch l\u00edstk\u016f z\u00edskala Sandu 55,03 % hlas\u016f, zat\u00edmco Stoianoglo z\u00edskal 44,97 %, informoval v ned\u011bli v rann\u00edch hodin\u00e1ch zpravodajsk\u00fd kan\u00e1l TVR s odkazem na \u00dast\u0159edn\u00ed volebn\u00ed komisi.<\/span><\/p>\n<p><span>P\u0159esto\u017ee prvn\u00ed v\u00fdsledky nazna\u010dovaly nepatrn\u00fd n\u00e1skok Stoianogla, Sandu kolem p\u016flnoci n\u00e1skok p\u0159edb\u011bhla a propast mezi nimi se postupn\u011b zv\u011bt\u0161ovala, jak se p\u0159es noc po\u010d\u00edtaly dal\u0161\u00ed hlasy.\u00a0<\/span><\/p>\n<p><em><span>&#8222;Moldavsko, dnes jsi zv\u00edt\u011bzilo.&#8220; Spole\u010dn\u011b jsme uk\u00e1zali s\u00edlu na\u0161\u00ed jednoty, demokracie a odhodl\u00e1n\u00ed k d\u016fstojn\u00e9 budoucnosti,\u201c<\/span><\/em><span> napsala Sandu na X v pond\u011bl\u00ed kr\u00e1tce po 1:00 m\u00edstn\u00edho \u010dasu.\u00a0<\/span><\/p>\n<p><span>B\u011bhem tiskov\u00e9 konference Sandu popsala v\u00fdsledky voleb jako <\/span><em><span>\u201elekci demokracie, kter\u00e1 si zaslou\u017e\u00ed b\u00fdt zahrnuta do historick\u00fdch knih\u201c.<\/span><\/em><span>\u00a0V projevu k ruskojazy\u010dn\u00e9 men\u0161in\u011b v zemi sl\u00edbila, \u017ee bude\u00a0<\/span><em><span>\u201eprezidentkou pro v\u0161echny\u201c.<\/span><\/em><\/p>\n<p><em><span>&#8222;M\u016f\u017eeme m\u00edt rozd\u00edln\u00e9 n\u00e1zory a m\u016f\u017eeme mluvit r\u016fzn\u00fdmi jazyky, ale v\u0161ichni chceme m\u00edr, vz\u00e1jemn\u00e9 porozum\u011bn\u00ed a d\u016fstojn\u00fd \u017eivot pro na\u0161e d\u011bti,&#8220;<\/span><\/em><span> \u0159ekla Sandu.\u00a0<\/span><\/p>\n<p><span>P\u0159edsedkyn\u011b Evropsk\u00e9 komise Ursula von der Leyenov\u00e1 poblahop\u0159\u00e1la Sandu a \u0159ekla, \u017ee se t\u011b\u0161\u00ed na\u00a0<\/span><em><span>\u201epokra\u010dov\u00e1n\u00ed ve spolupr\u00e1ci s v\u00e1mi na evropsk\u00e9 budoucnosti pro Moldavsko a jeho lid\u201c.<\/span><\/em><\/p>\n<p><span>Protikandid\u00e1t Stoianoglo, kter\u00fd se zasazuje o dobr\u00e9 vztahy s EU i Ruskem, p\u0159ed vyhl\u00e1\u0161en\u00edm v\u00fdsledk\u016f v\u0161echny vyzval, aby zachovali klid. <\/span><em><span>\u201eUp\u0159\u00edmn\u011b douf\u00e1m, \u017ee skoncujeme s nen\u00e1vist\u00ed a rozd\u011blen\u00edm, kter\u00e9 na n\u00e1s byly uvaleny,\u201c<\/span><\/em><span>\u00a0\u0159ekl.\u00a0<\/span><\/p>\n<p><span>Volby, kter\u00e9 jsou v\u0161eobecn\u011b pova\u017eov\u00e1ny za kl\u00ed\u010dov\u00e9 pro aspirace Moldavska na vstup do EU, byly poznamen\u00e1ny obvin\u011bn\u00edmi z machinac\u00ed a manipulace s voli\u010di ze strany vl\u00e1dy i opozice.<\/span><\/p>\n<p><span>Strana socialist\u016f, kter\u00e1 podporuje Stoianoglo, a dal\u0161\u00ed opozi\u010dn\u00ed skupiny kritizovaly \u00fa\u0159ady za otev\u0159en\u00ed pouze dvou volebn\u00edch m\u00edstnost\u00ed na moldavsk\u00e9 ambas\u00e1d\u011b v Moskv\u011b, navzdory velk\u00e9mu po\u010dtu moldavsk\u00fdch expat\u016f \u017eij\u00edc\u00edch v Rusku.\u00a0<\/span><\/p>\n<p><span>Moldavan\u00e9 \u017eij\u00edc\u00ed v z\u00e1padn\u00ed Evrop\u011b v\u00fdrazn\u011b p\u0159isp\u011bli k v\u00edt\u011bzstv\u00ed Sanduov\u00e9 b\u011bhem prvn\u00edho kola voleb 20. \u0159\u00edjna. Prezidentka v ned\u011bli pod\u011bkovala komunit\u011b expat\u016f. <\/span><em><span>\u201e\u00da\u010dast diaspory dos\u00e1hla rekordn\u00edho maxima, p\u0159i\u010dem\u017e Moldavan\u00e9 st\u00e1le hlasuj\u00ed nap\u0159\u00ed\u010d [\u010dasov\u00fdmi p\u00e1smy]. Jsem na ka\u017ed\u00e9ho z v\u00e1s hrd\u00e1, \u017ee je v\u00e1\u0161 hlas sly\u0161et,\u201c<\/span><\/em><span>\u00a0napsala.\u00a0<\/span><\/p>\n<p><span>Sandu obvinila Rusko z vm\u011b\u0161ov\u00e1n\u00ed do voleb a bl\u00ed\u017ee nespecifikovan\u00e9 <\/span><em><span>\u201ezlo\u010dineck\u00e9 skupiny\u201c<\/span><\/em><span>\u00a0z pokus\u016f\u00a0<\/span><em><span>\u201ekoupit\u201c<\/span><\/em><span>\u00a0hlasy. Sandu\u016fv poradce pro n\u00e1rodn\u00ed bezpe\u010dnost Stanislav Secrieru na X napsal, \u017ee monitoruje ozna\u010denou\u00a0<\/span><em><span>\u201eorganizovanou dopravu voli\u010d\u016f\u201c<\/span><\/em><span>\u00a0k volebn\u00edm urn\u00e1m, co\u017e je podle moldavsk\u00fdch z\u00e1kon\u016f nez\u00e1konn\u00e9. Rusko odm\u00edtlo v\u0161echna tvrzen\u00ed o zahrani\u010dn\u00edm vm\u011b\u0161ov\u00e1n\u00ed jako nepodlo\u017een\u00e1.<\/span><\/p>\n<p><span>Moldavsko minul\u00fd m\u011bs\u00edc uspo\u0159\u00e1dalo referendum o tom, zda by m\u011bl b\u00fdt\u00a0<\/span><em><span>\u201estrategick\u00fd c\u00edl\u201c<\/span><\/em><span>\u00a0integrace s EU zakotven v jej\u00ed \u00fastav\u011b, p\u0159i\u010dem\u017e 50,35 % hlasovalo pro dodatek a 49,65 % hlasovalo proti.<\/span><\/p>\n<p><img decoding=\"async\" loading=\"lazy\" class=\"alignnone size-full wp-image-1185\" src=\"http:\/\/www.infokuryr.cz\/n\/wp-content\/uploads\/2021\/04\/kuryr-podpis.png\" alt=\"\" width=\"84\" height=\"24\" \/><\/p>\n<p>&nbsp;<\/p>\n","protected":false},"excerpt":{"rendered":"<p>Moldavsk\u00e1 Maia Sanduov\u00e1 v ned\u011bli \u00fadajn\u011b z\u00edskala 55,03 % hlas\u016f \u00da\u0159aduj\u00edc\u00ed moldavsk\u00e1 proevropsk\u00e1 prezidentka Maia&#8230;<\/p>\n","protected":false},"author":2,"featured_media":65521,"comment_status":"closed","ping_status":"closed","sticky":false,"template":"","format":"standard","meta":[],"categories":[7],"tags":[1506,2867,27],"_links":{"self":[{"href":"https:\/\/www.infokuryr.cz\/n\/wp-json\/wp\/v2\/posts\/65520"}],"collection":[{"href":"https:\/\/www.infokuryr.cz\/n\/wp-json\/wp\/v2\/posts"}],"about":[{"href":"https:\/\/www.infokuryr.cz\/n\/wp-json\/wp\/v2\/types\/post"}],"author":[{"embeddable":true,"href":"https:\/\/www.infokuryr.cz\/n\/wp-json\/wp\/v2\/users\/2"}],"replies":[{"embeddable":true,"href":"https:\/\/www.infokuryr.cz\/n\/wp-json\/wp\/v2\/comments?post=65520"}],"version-history":[{"count":0,"href":"https:\/\/www.infokuryr.cz\/n\/wp-json\/wp\/v2\/posts\/65520\/revisions"}],"wp:featuredmedia":[{"embeddable":true,"href":"https:\/\/www.infokuryr.cz\/n\/wp-json\/wp\/v2\/media\/65521"}],"wp:attachment":[{"href":"https:\/\/www.infokuryr.cz\/n\/wp-json\/wp\/v2\/media?parent=65520"}],"wp:term":[{"taxonomy":"category","embeddable":true,"href":"https:\/\/www.infokuryr.cz\/n\/wp-json\/wp\/v2\/categories?post=65520"},{"taxonomy":"post_tag","embeddable":true,"href":"https:\/\/www.infokuryr.cz\/n\/wp-json\/wp\/v2\/tags?post=65520"}],"curies":[{"name":"wp","href":"https:\/\/api.w.org\/{rel}","templated":true}]}}