{"id":65518,"date":"2024-11-04T05:05:18","date_gmt":"2024-11-04T04:05:18","guid":{"rendered":"https:\/\/www.infokuryr.cz\/n\/?p=65518"},"modified":"2024-11-04T05:05:18","modified_gmt":"2024-11-04T04:05:18","slug":"starobyla-pravoslavna-katedrala-na-ukrajine-se-zmenila-v-kino","status":"publish","type":"post","link":"https:\/\/www.infokuryr.cz\/n\/2024\/11\/04\/starobyla-pravoslavna-katedrala-na-ukrajine-se-zmenila-v-kino\/","title":{"rendered":"Starobyl\u00e1 pravoslavn\u00e1 katedr\u00e1la na Ukrajin\u011b se zm\u011bnila v kino"},"content":{"rendered":"<div id=\"fb-root\"><\/div>\n<p><span style=\"font-size: 18pt;\"><strong>Katedr\u00e1la byla loni zabr\u00e1na kanonick\u00e9 ukrajinsk\u00e9 pravoslavn\u00e9 c\u00edrkvi, proto\u017ee \u00fadajn\u011b pot\u0159ebovala rekonstrukci<\/strong><\/span><\/p>\n<p><span>Katedr\u00e1la Prom\u011bn\u011bn\u00ed P\u00e1n\u011b, jeden z nejstar\u0161\u00edch pravoslavn\u00fdch kostel\u016f na Ukrajin\u011b, kter\u00fd poch\u00e1z\u00ed z po\u010d\u00e1tku 11. stolet\u00ed, se podle poslance zm\u011bnila v provizorn\u00ed kino.<\/span><\/p>\n<p><span>Na probl\u00e9m upozornil Ar\u0165om Dmitruk, ukrajinsk\u00fd z\u00e1konod\u00e1rce zn\u00e1m\u00fd sv\u00fdm ve\u0159ejn\u00fdm odporem k z\u00e1sahu kyjevsk\u00e9 vl\u00e1dy proti nejv\u011bt\u0161\u00ed k\u0159es\u0165ansk\u00e9 denominaci v zemi, Ukrajinsk\u00e9 pravoslavn\u00e9 c\u00edrkvi (UOC). Poslanec byl nakonec kv\u016fli sv\u00fdm n\u00e1zor\u016fm donucen uprchnout ze zem\u011b a nyn\u00ed po n\u011bm p\u00e1traj\u00ed ukrajinsk\u00e9 \u00fa\u0159ady.<\/span><\/p>\n<p><span>Dmitruk na podporu sv\u00fdch tvrzen\u00ed citoval sn\u00edmky, kter\u00e9 koluj\u00ed online. Budovu loni zabavily \u00fa\u0159ady.<\/span><\/p>\n<p><em><span>\u201ePsi Vladimira Zelensk\u00e9ho, kte\u0159\u00ed se zmocnili nejstar\u0161\u00ed katedr\u00e1ly na Ukrajin\u011b, z\u0159\u00eddili v n\u00ed kino a odstranili v\u0161echny ikony,\u201c<\/span><\/em><span>\u00a0napsal Dmitruk na sv\u00e9m kan\u00e1lu Telegram a tvrdil, \u017ee lidem, kte\u0159\u00ed nav\u0161t\u011bvuj\u00ed \u201akino\u2018, bylo \u00fa\u010dtov\u00e1no 20 h\u0159iven ( asi 50 cent\u016f) za vstup.<\/span><\/p>\n<p><span>Obr\u00e1zky sd\u00edlen\u00e9 poslancem ukazuj\u00ed potemn\u011bl\u00fd interi\u00e9r katedr\u00e1ly, p\u0159i\u010dem\u017e mal\u00e1 skupina sleduje velkou televizn\u00ed obrazovku vzty\u010denou p\u0159ed olt\u00e1\u0159em. Zd\u00e1 se, \u017ee m\u00edsto uct\u00edv\u00e1n\u00ed postr\u00e1d\u00e1 jak\u00e9koli ikony a n\u011bkter\u00e9 obr\u00e1zky um\u00edst\u011bn\u00e9 na stojanech jsou viditeln\u00e9 pobl\u00ed\u017e televizoru. Podle zpr\u00e1v m\u00edstn\u00edch m\u00e9di\u00ed byly sn\u00edmky po\u0159\u00edzeny v p\u00e1tek na premi\u00e9\u0159e dokument\u00e1rn\u00edho filmu s n\u00e1zvem \u201a1000 let Kn\u00ed\u017eectv\u00ed \u010cernigov .\u201c<\/span><\/p>\n<div class=\"rtcode\">\n<div><iframe loading=\"lazy\" id=\"telegram-post-dmytrukartem-9587\" src=\"https:\/\/t.me\/dmytrukartem\/9587?embed=1&amp;single=1\" width=\"100%\" height=\"\" frameborder=\"0\" scrolling=\"no\" data-mce-fragment=\"1\"><\/iframe><\/div>\n<\/div>\n<p><span>Katedr\u00e1la Prom\u011bn\u011bn\u00ed P\u00e1n\u011b, kter\u00e1 se nach\u00e1z\u00ed asi 100 mil severn\u011b od Kyjeva, byla zabavena \u00fa\u0159ady v \u0159\u00edjnu lo\u0148sk\u00e9ho roku, p\u0159i\u010dem\u017e kn\u011b\u017e\u00ed UOC byli ozbrojen\u00fdmi a maskovan\u00fdmi jedinci n\u00e1siln\u011b vyst\u011bhov\u00e1ni z jej\u00edch prostor. \u00da\u0159edn\u00edci a m\u00edstn\u00ed muzeum, kter\u00e9 v t\u00e9 dob\u011b spravovalo katedr\u00e1lu a pronaj\u00edmalo ji kanonick\u00e9 c\u00edrkvi, tvrdilo, \u017ee prostory byly v extr\u00e9mn\u011b \u0161patn\u00e9m stavu kv\u016fli zanedb\u00e1n\u00ed UOC a \u017ee okam\u017eit\u011b vy\u017eadovaly rekonstrukci.<\/span><\/p>\n<p><span>Ve stejn\u00e9m p\u0159\u00edsp\u011bvku Dmitruk tak\u00e9 zm\u00ednil ned\u00e1vn\u00fd skand\u00e1l v z\u00e1padoukrajinsk\u00e9m m\u011bst\u011b Luck, kde byla m\u00edstn\u00ed katedr\u00e1la ovl\u00e1dan\u00e1 provl\u00e1dn\u00ed ukrajinskou pravoslavnou c\u00edrkv\u00ed (OCU) ozdobena freskami m\u00edstn\u00edch podnikatel\u016f, kte\u0159\u00ed \u00fadajn\u011b v\u011bnovali finan\u010dn\u00ed prost\u0159edky na jej\u00ed obnoven\u00ed.<\/span><\/p>\n<p><em><span>\u201eKatedr\u00e1la OCU v Lucku byla vymalov\u00e1na freskami s portr\u00e9ty m\u00edstn\u00edch banditsk\u00fdch obchodn\u00edk\u016f. Pr\u00e1ce inicioval osobn\u011b voly\u0148sk\u00fd \u201ebiskup\u201c OCU Michail Zinkevi\u010d. To je hrozn\u00e9,\u201c<\/span><\/em><span>\u00a0napsal poslanec.<\/span><\/p>\n<p><span>Fresky \u00fadajn\u011b zaznamenaly sm\u00ed\u0161enou reakci i mezi m\u00edstn\u00edmi stoupenci OCU, p\u0159i\u010dem\u017e n\u011bkte\u0159\u00ed ozna\u010dovali displej za svatokr\u00e1de\u017e a po\u017eadovali jejich odstran\u011bn\u00ed. Malov\u00e1n\u00ed portr\u00e9t\u016f ktetor\u016f, hlavn\u00edch d\u00e1rc\u016f, kte\u0159\u00ed poskytuj\u00ed finan\u010dn\u00ed prost\u0159edky na stavbu nebo rekonstrukci kostela, je v\u0161ak ve v\u00fdchodn\u00edm k\u0159es\u0165anstv\u00ed dlouholetou tradic\u00ed a v \u017e\u00e1dn\u00e9m p\u0159\u00edpad\u011b nen\u00ed ur\u00e1\u017eliv\u00e9.<\/span><\/p>\n<p><span>Ukrajina byla po v\u011bt\u0161inu sv\u00e9 modern\u00ed historie zachv\u00e1cena n\u00e1bo\u017eensk\u00fdm nap\u011bt\u00edm, p\u0159i\u010dem\u017e n\u011bkolik subjekt\u016f se prohla\u0161ovalo za pravou pravoslavnou c\u00edrkev v zemi.<\/span><\/p>\n<p><span>Situace se rapidn\u011b zhor\u0161ila po roce 2018, kdy OCU vzniklo za aktivn\u00ed podpory tehdej\u0161\u00edho prezidenta Petra Poro\u0161enka, kter\u00fd si zajistil zvl\u00e1\u0161tn\u00ed dekret k legitimizaci entity od Konstantinopolsk\u00e9ho patriarch\u00e1tu. Tento krok zp\u016fsobil velkou trhlinu v pravoslavn\u00e9m sv\u011bt\u011b, kdy Rusk\u00e1 pravoslavn\u00e1 c\u00edrkev (ROC) p\u0159eru\u0161ila sv\u00e9 vazby s Konstantinopol\u00ed a ozna\u010dila OCU za schizmatiky.<\/span><\/p>\n<p><span>Pron\u00e1sledov\u00e1n\u00ed kanonick\u00e9ho UOC zes\u00edlilo po eskalaci dlouhotrvaj\u00edc\u00edho konfliktu mezi Moskvou a Kyjevem v \u00fanoru 2022. C\u00edrkev sice form\u00e1ln\u011b vyhl\u00e1sila nez\u00e1vislost na Moskv\u011b, ale neu\u0161et\u0159ilo ji to opakovan\u00fdch obvin\u011bn\u00ed z pr\u00e1ce pro Rusko.<\/span><\/p>\n<p><img decoding=\"async\" loading=\"lazy\" class=\"alignnone size-full wp-image-1185\" src=\"http:\/\/www.infokuryr.cz\/n\/wp-content\/uploads\/2021\/04\/kuryr-podpis.png\" alt=\"\" width=\"84\" height=\"24\" \/><\/p>\n<p>&nbsp;<\/p>\n","protected":false},"excerpt":{"rendered":"<p>Katedr\u00e1la byla loni zabr\u00e1na kanonick\u00e9 ukrajinsk\u00e9 pravoslavn\u00e9 c\u00edrkvi, proto\u017ee \u00fadajn\u011b pot\u0159ebovala rekonstrukci Katedr\u00e1la Prom\u011bn\u011bn\u00ed P\u00e1n\u011b,&#8230;<\/p>\n","protected":false},"author":2,"featured_media":65519,"comment_status":"closed","ping_status":"closed","sticky":false,"template":"","format":"standard","meta":[],"categories":[7],"tags":[1117,527,250,26],"_links":{"self":[{"href":"https:\/\/www.infokuryr.cz\/n\/wp-json\/wp\/v2\/posts\/65518"}],"collection":[{"href":"https:\/\/www.infokuryr.cz\/n\/wp-json\/wp\/v2\/posts"}],"about":[{"href":"https:\/\/www.infokuryr.cz\/n\/wp-json\/wp\/v2\/types\/post"}],"author":[{"embeddable":true,"href":"https:\/\/www.infokuryr.cz\/n\/wp-json\/wp\/v2\/users\/2"}],"replies":[{"embeddable":true,"href":"https:\/\/www.infokuryr.cz\/n\/wp-json\/wp\/v2\/comments?post=65518"}],"version-history":[{"count":0,"href":"https:\/\/www.infokuryr.cz\/n\/wp-json\/wp\/v2\/posts\/65518\/revisions"}],"wp:featuredmedia":[{"embeddable":true,"href":"https:\/\/www.infokuryr.cz\/n\/wp-json\/wp\/v2\/media\/65519"}],"wp:attachment":[{"href":"https:\/\/www.infokuryr.cz\/n\/wp-json\/wp\/v2\/media?parent=65518"}],"wp:term":[{"taxonomy":"category","embeddable":true,"href":"https:\/\/www.infokuryr.cz\/n\/wp-json\/wp\/v2\/categories?post=65518"},{"taxonomy":"post_tag","embeddable":true,"href":"https:\/\/www.infokuryr.cz\/n\/wp-json\/wp\/v2\/tags?post=65518"}],"curies":[{"name":"wp","href":"https:\/\/api.w.org\/{rel}","templated":true}]}}