{"id":6551,"date":"2021-12-01T03:36:38","date_gmt":"2021-12-01T02:36:38","guid":{"rendered":"http:\/\/www.infokuryr.cz\/n\/?p=6551"},"modified":"2021-12-01T03:36:38","modified_gmt":"2021-12-01T02:36:38","slug":"jourova-jsem-velmi-frustrovana-z-toho-co-se-deje-v-polsku","status":"publish","type":"post","link":"https:\/\/www.infokuryr.cz\/n\/2021\/12\/01\/jourova-jsem-velmi-frustrovana-z-toho-co-se-deje-v-polsku\/","title":{"rendered":"Jourov\u00e1: Jsem velmi frustrovan\u00e1 z toho, co se d\u011bje v Polsku"},"content":{"rendered":"<div id=\"fb-root\"><\/div>\n<p>Jsem velmi frustrovan\u00e1 z toho, co se d\u011bje v Polsku, prohl\u00e1sila\u00a0 Jourov\u00e1 na margo \u010dtvrt\u00e9 nejv\u011bt\u0161\u00ed zem\u011b EU. Vid\u00ed probl\u00e9m mezi EU a Polsk\u00fdm parlamentem ne mezi EU a Polskem, pokusila se rozd\u011blit polskou pospolitost eurokomisa\u0159ka. Oh\u00e1n\u011bla se p\u0159itom evropsk\u00fdmi hodnotami, kter\u00e9 \u010d\u00edm d\u00e1l v\u00edce Evropan\u016f spat\u0159uje jako ul\u00edtl\u00e9. Troj\u010den\u00ed, aby pol\u0161t\u00ed soudci podl\u00e9hali rozhodnut\u00edm Evropsk\u00e9ho soudu nem\u00e1 v\u00fd\u0161ku a je vr\u00e1\u017een\u00edm kl\u00ednu do dosavadn\u00ed evropsk\u00e9 soudr\u017enosti, v n\u00ed\u017e Polsko hr\u00e1lo v\u00fdznamnou roli. Ztrat\u00ed-li EU presti\u017e v Polsku, ztrat\u00ed ji ve v\u00fdchodn\u00ed polovin\u011b EU.<\/p>\n<p>Historie z\u0159ejm\u011b v\u0161ak posoud\u00ed Jourovou a jej\u00ed kon\u00e1n\u00ed jinak ne\u017e si sama p\u0159edstavuje.<\/p>\n<p><a href=\"https:\/\/dorzeczy.pl\/opinie\/232747\/vera-jourova-jestem-sfrustrowana-tym-co-dzieje-sie-w-polsce.html\">ZDROJ<\/a><\/p>\n<p>&nbsp;<\/p>\n","protected":false},"excerpt":{"rendered":"<p>Jsem velmi frustrovan\u00e1 z toho, co se d\u011bje v Polsku, prohl\u00e1sila\u00a0 Jourov\u00e1 na margo \u010dtvrt\u00e9&#8230;<\/p>\n","protected":false},"author":2,"featured_media":829,"comment_status":"closed","ping_status":"closed","sticky":false,"template":"","format":"standard","meta":[],"categories":[6],"tags":[41,31,222],"_links":{"self":[{"href":"https:\/\/www.infokuryr.cz\/n\/wp-json\/wp\/v2\/posts\/6551"}],"collection":[{"href":"https:\/\/www.infokuryr.cz\/n\/wp-json\/wp\/v2\/posts"}],"about":[{"href":"https:\/\/www.infokuryr.cz\/n\/wp-json\/wp\/v2\/types\/post"}],"author":[{"embeddable":true,"href":"https:\/\/www.infokuryr.cz\/n\/wp-json\/wp\/v2\/users\/2"}],"replies":[{"embeddable":true,"href":"https:\/\/www.infokuryr.cz\/n\/wp-json\/wp\/v2\/comments?post=6551"}],"version-history":[{"count":0,"href":"https:\/\/www.infokuryr.cz\/n\/wp-json\/wp\/v2\/posts\/6551\/revisions"}],"wp:featuredmedia":[{"embeddable":true,"href":"https:\/\/www.infokuryr.cz\/n\/wp-json\/wp\/v2\/media\/829"}],"wp:attachment":[{"href":"https:\/\/www.infokuryr.cz\/n\/wp-json\/wp\/v2\/media?parent=6551"}],"wp:term":[{"taxonomy":"category","embeddable":true,"href":"https:\/\/www.infokuryr.cz\/n\/wp-json\/wp\/v2\/categories?post=6551"},{"taxonomy":"post_tag","embeddable":true,"href":"https:\/\/www.infokuryr.cz\/n\/wp-json\/wp\/v2\/tags?post=6551"}],"curies":[{"name":"wp","href":"https:\/\/api.w.org\/{rel}","templated":true}]}}