{"id":65493,"date":"2024-11-04T00:38:42","date_gmt":"2024-11-03T23:38:42","guid":{"rendered":"https:\/\/www.infokuryr.cz\/n\/?p=65493"},"modified":"2024-11-03T17:29:25","modified_gmt":"2024-11-03T16:29:25","slug":"hizballah-ostreloval-shromazdeni-izraelske-armady","status":"publish","type":"post","link":"https:\/\/www.infokuryr.cz\/n\/2024\/11\/04\/hizballah-ostreloval-shromazdeni-izraelske-armady\/","title":{"rendered":"Hizball\u00e1h ost\u0159eloval shrom\u00e1\u017ed\u011bn\u00ed izraelsk\u00e9 arm\u00e1dy"},"content":{"rendered":"<div id=\"fb-root\"><\/div>\n<p><strong>Hizball\u00e1h odp\u00e1lil 3. listopadu des\u00edtky raket z Libanonu, kter\u00e9 zam\u00ed\u0159ily na n\u011bkolik shrom\u00e1\u017ed\u011bn\u00ed izraelsk\u00fdch obrann\u00fdch sil (IDF).<\/strong><\/p>\n<p>V samostatn\u00fdch prohl\u00e1\u0161en\u00edch skupina uvedla, \u017ee ost\u0159elovala shrom\u00e1\u017ed\u011bn\u00ed v osad\u00e1ch Kedem, Shamir, Shlomi, Ro\u0161 Hanikra, Baram, Metzova, Even Menachem, Shomera a Zer&#8217;it.<\/p>\n<p>IDF uvedla, \u017ee z Libanonu bylo na severn\u00ed Izrael odp\u00e1leno v\u00edce ne\u017e 60 raket, p\u0159i\u010dem\u017e n\u011bkter\u00e9 byly zachyceny protivzdu\u0161nou obranou a jin\u00e9 dopadly na otev\u0159en\u00e9 oblasti. Hebrejsk\u00e1 m\u00e9dia nehl\u00e1sila \u017e\u00e1dn\u00e9 ob\u011bti, i kdy\u017e lidsk\u00e9 ztr\u00e1ty obvykle izraelsk\u00e9 \u00fa\u0159ady bezprost\u0159edn\u011b po takov\u00fdch \u00fatoc\u00edch neuzn\u00e1vaj\u00ed.<\/p>\n<p><iframe loading=\"lazy\" src=\"https:\/\/s5.cdnstatic.space\/wp-content\/uploads\/2024\/11\/video_2024-11-03_16-15-37.mp4\" width=\"600\" height=\"338\" data-mce-fragment=\"1\"><\/iframe><\/p>\n<p><iframe loading=\"lazy\" src=\"https:\/\/s5.cdnstatic.space\/wp-content\/uploads\/2024\/11\/video_2024-11-03_16-15-27.mp4\" width=\"600\" height=\"338\" data-mce-fragment=\"1\"><\/iframe><\/p>\n<p>Uprost\u0159ed \u00fatok\u016f Hizball\u00e1hu galilejsk\u00e9 l\u00e9ka\u0159sk\u00e9 centrum ozn\u00e1milo, \u017ee mu\u017e zem\u0159el na zran\u011bn\u00ed utrp\u011bn\u00e1 b\u011bhem raketov\u00e9 palby vyp\u00e1len\u00e9 na m\u011bsto Nahar\u00edja minul\u00fd m\u011bs\u00edc.<\/p>\n<p>Mu\u017e byl \u00fadajn\u011b zasa\u017een do hlavy \u0161rapnelem po p\u0159\u00edvalu 25 raket zam\u011b\u0159en\u00fdch na Nahariya 23. \u0159\u00edjna. Byl hospitalizov\u00e1n na jednotce intenzivn\u00ed p\u00e9\u010de a podstoupil \u0159adu operac\u00ed, uvedlo zdravotnick\u00e9 st\u0159edisko.<\/p>\n<p>St\u0159ety na libanonsko-izraelsk\u00e9 hranici poprv\u00e9 vypukly po za\u010d\u00e1tku v\u00e1lky v p\u00e1smu Gazy, kdy Hizball\u00e1h zah\u00e1jil \u00fatoky na podporu palestinsk\u00e9 enkl\u00e1vy. Izrael eskaloval sv\u00e9 \u00fatoky na Libanon po\u010d\u00ednaje 17. z\u00e1\u0159\u00edm a 27. z\u00e1\u0159\u00ed zavra\u017edil gener\u00e1ln\u00edho tajemn\u00edka Hizball\u00e1hu Hasana Nassrall\u00e1ha.<\/p>\n<p>IDF ofici\u00e1ln\u011b ozn\u00e1mila zah\u00e1jen\u00ed omezen\u00e9 pozemn\u00ed operace proti Hizball\u00e1hu v ji\u017en\u00edm Libanonu 30. z\u00e1\u0159\u00ed.<\/p>\n<p>Konfrontace si dosud vy\u017e\u00e1dala 40 mrtv\u00fdch civilist\u016f v Izraeli a na okupovan\u00fdch syrsk\u00fdch Golansk\u00fdch v\u00fd\u0161in\u00e1ch a tak\u00e9 smrt nejm\u00e9n\u011b 61 voj\u00e1k\u016f a bezpe\u010dnostn\u00edch d\u016fstojn\u00edk\u016f. Na libanonsk\u00e9 stran\u011b bylo zabito v\u00edce ne\u017e 2800 lid\u00ed, v\u010detn\u011b v\u00edce ne\u017e 500 \u010dlen\u016f Hizball\u00e1hu.<\/p>\n<p><img decoding=\"async\" loading=\"lazy\" class=\"alignnone size-full wp-image-1185\" src=\"http:\/\/www.infokuryr.cz\/n\/wp-content\/uploads\/2021\/04\/kuryr-podpis.png\" alt=\"\" width=\"84\" height=\"24\" \/><\/p>\n<p>&nbsp;<\/p>\n","protected":false},"excerpt":{"rendered":"<p>Hizball\u00e1h odp\u00e1lil 3. listopadu des\u00edtky raket z Libanonu, kter\u00e9 zam\u00ed\u0159ily na n\u011bkolik shrom\u00e1\u017ed\u011bn\u00ed izraelsk\u00fdch obrann\u00fdch&#8230;<\/p>\n","protected":false},"author":2,"featured_media":51026,"comment_status":"closed","ping_status":"closed","sticky":false,"template":"","format":"standard","meta":[],"categories":[7],"tags":[6772,107,5135],"_links":{"self":[{"href":"https:\/\/www.infokuryr.cz\/n\/wp-json\/wp\/v2\/posts\/65493"}],"collection":[{"href":"https:\/\/www.infokuryr.cz\/n\/wp-json\/wp\/v2\/posts"}],"about":[{"href":"https:\/\/www.infokuryr.cz\/n\/wp-json\/wp\/v2\/types\/post"}],"author":[{"embeddable":true,"href":"https:\/\/www.infokuryr.cz\/n\/wp-json\/wp\/v2\/users\/2"}],"replies":[{"embeddable":true,"href":"https:\/\/www.infokuryr.cz\/n\/wp-json\/wp\/v2\/comments?post=65493"}],"version-history":[{"count":0,"href":"https:\/\/www.infokuryr.cz\/n\/wp-json\/wp\/v2\/posts\/65493\/revisions"}],"wp:featuredmedia":[{"embeddable":true,"href":"https:\/\/www.infokuryr.cz\/n\/wp-json\/wp\/v2\/media\/51026"}],"wp:attachment":[{"href":"https:\/\/www.infokuryr.cz\/n\/wp-json\/wp\/v2\/media?parent=65493"}],"wp:term":[{"taxonomy":"category","embeddable":true,"href":"https:\/\/www.infokuryr.cz\/n\/wp-json\/wp\/v2\/categories?post=65493"},{"taxonomy":"post_tag","embeddable":true,"href":"https:\/\/www.infokuryr.cz\/n\/wp-json\/wp\/v2\/tags?post=65493"}],"curies":[{"name":"wp","href":"https:\/\/api.w.org\/{rel}","templated":true}]}}