{"id":65488,"date":"2024-11-04T00:37:56","date_gmt":"2024-11-03T23:37:56","guid":{"rendered":"https:\/\/www.infokuryr.cz\/n\/?p=65488"},"modified":"2024-11-03T16:37:18","modified_gmt":"2024-11-03T15:37:18","slug":"izrael-pohrozil-iraku-opakovanymi-utoky-dronu","status":"publish","type":"post","link":"https:\/\/www.infokuryr.cz\/n\/2024\/11\/04\/izrael-pohrozil-iraku-opakovanymi-utoky-dronu\/","title":{"rendered":"Izrael pohrozil Ir\u00e1ku opakovan\u00fdmi \u00fatoky dron\u016f"},"content":{"rendered":"<div id=\"fb-root\"><\/div>\n<p><strong><span>Izrael pohrozil Ir\u00e1ku opakovan\u00fdmi bezpilotn\u00edmi \u00fatoky ozbrojen\u00fdch frakc\u00ed podporovan\u00fdch \u00cdr\u00e1nem ze sv\u00fdch \u00fazem\u00ed, uvedl 3. listopadu lond\u00fdnsk\u00fd sa\u00fadsk\u00fd zpravodajsk\u00fd server Elaph.<\/span><\/strong><\/p>\n<p><span>Nejmenovan\u00ed p\u0159edstavitel\u00e9 webu sd\u011blili, \u017ee satelity monitorovaly Teher\u00e1n, jak pracuje na p\u0159esunu balistick\u00fdch raket a souvisej\u00edc\u00edho vojensk\u00e9ho vybaven\u00ed z \u00cdr\u00e1nu na ir\u00e1ck\u00e9 \u00fazem\u00ed, s p\u0159edpokl\u00e1dan\u00fdm c\u00edlem je pou\u017e\u00edt p\u0159i o\u010dek\u00e1van\u00e9m nadch\u00e1zej\u00edc\u00edm \u00fatoku na Izrael.<\/span><\/p>\n<p><span>Elaphova zpr\u00e1va uv\u00e1d\u00ed, \u017ee Izrael monitoruje a identifikuje c\u00edle pat\u0159\u00edc\u00ed k frakc\u00edm podporovan\u00fdm \u00cdr\u00e1nem, stejn\u011b jako ir\u00e1ck\u00e9 st\u00e1tn\u00ed c\u00edle, a varovala Bagd\u00e1d, \u017ee mus\u00ed tyto frakce ovl\u00e1dnout a zabr\u00e1nit jim ve vyu\u017e\u00edv\u00e1n\u00ed sv\u00e9ho \u00fazem\u00ed k \u00fatok\u016fm.<\/span><\/p>\n<p><span>Zpr\u00e1va p\u0159i\u0161la pot\u00e9, co zpravodajsk\u00fd web Axios se s\u00eddlem v USA 31. \u0159\u00edjna s odkazem na nejmenovan\u00e9 izraelsk\u00e9 p\u0159edstavitele uvedl, \u017ee izraelsk\u00e1 rozv\u011bdka se v nadch\u00e1zej\u00edc\u00edch dnech p\u0159ipravuje na \u00fatok zahrnuj\u00edc\u00ed velk\u00e9 mno\u017estv\u00ed balistick\u00fdch raket a sebevra\u017eedn\u00fdch dron\u016f vypu\u0161t\u011bn\u00fdch \u00edr\u00e1nsk\u00fdmi spojenci v Ir\u00e1ku.<\/span><\/p>\n<p><span>O\u010dek\u00e1van\u00fd \u00fatok by byl reakc\u00ed \u00cdr\u00e1nu na izraelsk\u00e9 \u00fadery na jeho \u00fazem\u00ed z 26. \u0159\u00edjna. Bylo zasa\u017eeno n\u011bkolik \u00edr\u00e1nsk\u00fdch vojensk\u00fdch c\u00edl\u016f, v\u010detn\u011b protivzdu\u0161n\u00e9 obrany a raketov\u00fdch stanovi\u0161\u0165 a \u010dty\u0159i d\u016fstojn\u00edci byli zabiti.<\/span><\/p>\n<p><span>\u00dadery byly samy o sob\u011b reakc\u00ed na rozs\u00e1hl\u00fd \u00fader balistick\u00fdmi raketami zah\u00e1jen\u00fd Teher\u00e1nem, jeho\u017e c\u00edlem byl Izrael 1. \u0159\u00edjna.<\/span><\/p>\n<p><span>Zast\u0159e\u0161uj\u00edc\u00ed skupina frakc\u00ed podporovan\u00fdch \u00cdr\u00e1nem v Ir\u00e1ku, zn\u00e1m\u00e1 jako Isl\u00e1msk\u00fd odpor v Ir\u00e1ku (IRI), za\u010dala loni v \u0159\u00edjnu v reakci na izraelskou v\u00e1lku podnikat \u00fatoky proti Izraeli a proti sil\u00e1m Spojen\u00fdch st\u00e1t\u016f v Ir\u00e1ku a sousedn\u00ed S\u00fdrii. P\u00e1smo Gazy.<\/span><\/p>\n<p><span>Skupina eskalovala sv\u00e9 \u00fatoky proti Izraeli v z\u00e1\u0159\u00ed v reakci na pokra\u010duj\u00edc\u00ed izraelskou leteckou kampa\u0148 a pozemn\u00ed operace proti Hizball\u00e1hu v Libanonu.<\/span><\/p>\n<p><span>\u00datoky IRI jsou st\u00e1le \u00fa\u010dinn\u011bj\u0161\u00ed, hebrejsk\u00e1 m\u00e9dia v posledn\u00edch t\u00fddnech v\u00edce ne\u017e jednou p\u0159izn\u00e1vaj\u00ed \u0161kody a ob\u011bti.<\/span><\/p>\n<p><span>3. listopadu skupina ozn\u00e1mila, \u017ee vypustila drony na \u201e\u017eivotn\u011b d\u016fle\u017eit\u00e9 izraelsk\u00e9 c\u00edle\u201c v \u00fadol\u00ed Jord\u00e1nu a na okupovan\u00fdch syrsk\u00fdch Golansk\u00fdch v\u00fd\u0161in\u00e1ch. Izraelsk\u00e1 arm\u00e1da potvrdila, \u017ee do Golan pronikl dron, ale nehl\u00e1sila \u017e\u00e1dn\u00e9 zachycen\u00ed nebo dopady.<\/span><\/p>\n<p><span>Elaphova zpr\u00e1va p\u0159i\u0161la pot\u00e9, co nejmenovan\u00fd region\u00e1ln\u00ed bezpe\u010dnostn\u00ed \u010dinitel \u0159ekl 1. listopadu The Associated Press, \u017ee ned\u00e1vn\u00fd n\u00e1r\u016fst \u00fatok\u016f bezpilotn\u00edmi letouny by mohl brzy p\u0159im\u011bt Izrael k zah\u00e1jen\u00ed odvetn\u00e9ho \u00fatoku proti Ir\u00e1ku. To by byla ze strany Izraele velmi nebezpe\u010dn\u00e1 eskalace.<\/span><\/p>\n<p><img decoding=\"async\" loading=\"lazy\" class=\"alignnone size-full wp-image-1185\" src=\"http:\/\/www.infokuryr.cz\/n\/wp-content\/uploads\/2021\/04\/kuryr-podpis.png\" alt=\"\" width=\"84\" height=\"24\" \/><\/p>\n<p>&nbsp;<\/p>\n","protected":false},"excerpt":{"rendered":"<p>Izrael pohrozil Ir\u00e1ku opakovan\u00fdmi bezpilotn\u00edmi \u00fatoky ozbrojen\u00fdch frakc\u00ed podporovan\u00fdch \u00cdr\u00e1nem ze sv\u00fdch \u00fazem\u00ed, uvedl 3&#8230;.<\/p>\n","protected":false},"author":2,"featured_media":65489,"comment_status":"closed","ping_status":"closed","sticky":false,"template":"","format":"standard","meta":[],"categories":[7],"tags":[3455,38,107],"_links":{"self":[{"href":"https:\/\/www.infokuryr.cz\/n\/wp-json\/wp\/v2\/posts\/65488"}],"collection":[{"href":"https:\/\/www.infokuryr.cz\/n\/wp-json\/wp\/v2\/posts"}],"about":[{"href":"https:\/\/www.infokuryr.cz\/n\/wp-json\/wp\/v2\/types\/post"}],"author":[{"embeddable":true,"href":"https:\/\/www.infokuryr.cz\/n\/wp-json\/wp\/v2\/users\/2"}],"replies":[{"embeddable":true,"href":"https:\/\/www.infokuryr.cz\/n\/wp-json\/wp\/v2\/comments?post=65488"}],"version-history":[{"count":0,"href":"https:\/\/www.infokuryr.cz\/n\/wp-json\/wp\/v2\/posts\/65488\/revisions"}],"wp:featuredmedia":[{"embeddable":true,"href":"https:\/\/www.infokuryr.cz\/n\/wp-json\/wp\/v2\/media\/65489"}],"wp:attachment":[{"href":"https:\/\/www.infokuryr.cz\/n\/wp-json\/wp\/v2\/media?parent=65488"}],"wp:term":[{"taxonomy":"category","embeddable":true,"href":"https:\/\/www.infokuryr.cz\/n\/wp-json\/wp\/v2\/categories?post=65488"},{"taxonomy":"post_tag","embeddable":true,"href":"https:\/\/www.infokuryr.cz\/n\/wp-json\/wp\/v2\/tags?post=65488"}],"curies":[{"name":"wp","href":"https:\/\/api.w.org\/{rel}","templated":true}]}}