{"id":65485,"date":"2024-11-04T00:36:33","date_gmt":"2024-11-03T23:36:33","guid":{"rendered":"https:\/\/www.infokuryr.cz\/n\/?p=65485"},"modified":"2024-11-03T16:34:16","modified_gmt":"2024-11-03T15:34:16","slug":"selhani-uradu-v-zaplavove-zone-spanelsky-kralovsky-par-napadl-rozzureny-dav","status":"publish","type":"post","link":"https:\/\/www.infokuryr.cz\/n\/2024\/11\/04\/selhani-uradu-v-zaplavove-zone-spanelsky-kralovsky-par-napadl-rozzureny-dav\/","title":{"rendered":"Selh\u00e1n\u00ed \u00fa\u0159ad\u016f v z\u00e1plavov\u00e9 z\u00f3n\u011b: \u200b\u200b\u0160pan\u011blsk\u00fd kr\u00e1lovsk\u00fd p\u00e1r napadl rozzu\u0159en\u00fd dav"},"content":{"rendered":"<div id=\"fb-root\"><\/div>\n<div class=\"leadIn\">\n<p><span>N\u00e1v\u0161t\u011bva \u0161pan\u011blsk\u00e9ho kr\u00e1lovsk\u00e9ho p\u00e1ru, kr\u00e1le Felipe VI. a jeho man\u017eelky Letizie, eskaloval do rozzu\u0159en\u00e9ho davu. V ned\u011bli byli oba zasyp\u00e1ni bahnem, kameny a klacky, kdy\u017e nav\u0161t\u00edvili z\u00e1plavovou oblast v Paiporta ve Valencii. Z davu se oz\u00fdvaly v\u00fdk\u0159iky \u201e <\/span><em><span>vrah<\/span><\/em><span>\u00a0\u201c a \u201e\u00a0<\/span><em><span>vypadni<\/span><\/em><span>\u00a0\u201c . \u0160pan\u011blsk\u00fd kr\u00e1lovsk\u00fd p\u00e1r musela chr\u00e1nit ochranka. Komu se to nepovedlo. aby je dostal do bezpe\u010d\u00ed. Policie dokonce musela nasadit j\u00edzdn\u00ed d\u016fstojn\u00edky.<\/span><\/p>\n<p><span>Kr\u00e1lovsk\u00fd p\u00e1r se v minulosti opakovan\u011b dostal na tituln\u00ed str\u00e1nky kv\u016fli skand\u00e1lu ohledn\u011b sexu\u00e1ln\u00ed nev\u011bry v rodin\u011b.<\/span><\/p>\n<p><span>Kr\u00e1lovna byla ura\u017eena:<\/span><\/p>\n<p><span>&#8220;\u00a0<\/span><em><span>Nic ti nechyb\u00ed&#8230;a lid\u00e9 tady um\u00edraj\u00ed!&#8220; &#8222;Voda ti nechyb\u00ed!&#8220; Nem\u00e1me nic! A kr\u00e1l je pes! Lid\u00e9 tu um\u00edraj\u00ed! Nic v\u00e1m nechyb\u00ed! Nic v\u00e1m nechyb\u00ed!<\/span><\/em><span>\u00a0\u201c<\/span><\/p>\n<p><img decoding=\"async\" loading=\"lazy\" class=\"aligncenter\" src=\"https:\/\/imagenes.elpais.com\/resizer\/v2\/6JNNU6QJGVFV7GHSYFCAUFWSG4.jpg?auth=043b9271c80fa71f989cfdab93f2f81570fb0748018cd9f07b8178f84b932675&amp;width=414\" alt=\"Reina Letizia s barro en la cara vydr\u017eela n\u00e1v\u0161t\u011bvu Paiporta este Domingo.\" width=\"677\" height=\"451\" \/><\/p>\n<p style=\"text-align: center;\"><em>S bl\u00e1tem na tv\u00e1\u0159i: Kr\u00e1lovna Letitia<\/em><\/p>\n<p><span>Ale premi\u00e9r S\u00e1nchez, kter\u00fd byl zapleten do mnoha korup\u010dn\u00edch skand\u00e1l\u016f, tak\u00e9 v\u011bd\u011bl, jak b\u00fdt evakuov\u00e1n do nouzov\u00e9ho centra \u201eCentro de Emergencias\u201c ve Valencii.<\/span><\/p>\n<\/div>\n<div>\n<div style=\"width: 640px;\" class=\"wp-video\"><!--[if lt IE 9]><script>document.createElement('video');<\/script><![endif]-->\n<video class=\"wp-video-shortcode\" id=\"video-65485-1\" width=\"640\" height=\"360\" preload=\"metadata\" controls=\"controls\"><source type=\"video\/mp4\" src=\"http:\/\/www.infokuryr.cz\/n\/wp-content\/uploads\/2024\/11\/1003726_132834_video_1800.mp4?_=1\" \/><a href=\"http:\/\/www.infokuryr.cz\/n\/wp-content\/uploads\/2024\/11\/1003726_132834_video_1800.mp4\">http:\/\/www.infokuryr.cz\/n\/wp-content\/uploads\/2024\/11\/1003726_132834_video_1800.mp4<\/a><\/video><\/div>\n<\/div>\n<div><\/div>\n<div class=\"leadIn\">\n<p><span>Sc\u00e9ny jsou ale pravd\u011bpodobn\u011b tak\u00e9 jak\u00fdmsi varov\u00e1n\u00edm p\u0159ed skute\u010dnou situac\u00ed zcela nedota\u017een\u00fdch a n\u011bkdy zkorumpovan\u00fdch elit EU, kter\u00e9 pl\u00fdtvaj\u00ed prost\u0159edky na v\u00e1le\u010dn\u00e9 \u0161tvanice a nesmysln\u00e9 probuzen\u00ed a migra\u010dn\u00ed agendy.<\/span><\/p>\n<p><span>Nyn\u00ed byly zve\u0159ejn\u011bny informace, kter\u00e9 se po cel\u00e9m \u0160pan\u011blsku hromadily o v\u00e1\u017en\u00fdch selh\u00e1n\u00edch \u00fa\u0159ad\u016f v d\u016fsledku povod\u0148ov\u00e9 katastrofy: Kritizujeme pozdn\u00ed varov\u00e1n\u00ed, rozpu\u0161t\u011bn\u00ed meteorologick\u00e9ho \u00fastavu a pomal\u00e9 tempo pomoci ze strany \u0161pan\u011blsk\u00e9 arm\u00e1dy, zat\u00edmco tis\u00edce dobrovoln\u00edk\u016f m\u011bly b\u00fdt vyzv\u00e1n.<\/span><\/p>\n<\/div>\n<div class=\"textBlock\">\n<p><span>Jedna z nejhor\u0161\u00edch povodn\u00ed za posledn\u00ed desetilet\u00ed si vy\u017e\u00e1dala ji\u017e 217 ob\u011bt\u00ed, z toho 213 v regionu Valencie. Stovky se st\u00e1le poh\u0159e\u0161uj\u00ed. Mnoz\u00ed z nich se pr\u00fd utopili ve sv\u00fdch autech v zatopen\u00fdch podzemn\u00edch parkovi\u0161t\u00edch,<\/span><\/p>\n<p>&nbsp;<\/p>\n<\/div>\n<div class=\"twitter-tweet twitter-tweet-rendered\"><iframe id=\"twitter-widget-0\" class=\"\" title=\"X Post\" src=\"https:\/\/platform.twitter.com\/embed\/Tweet.html?dnt=false&amp;embedId=twitter-widget-0&amp;features=eyJ0ZndfdGltZWxpbmVfbGlzdCI6eyJidWNrZXQiOltdLCJ2ZXJzaW9uIjpudWxsfSwidGZ3X2ZvbGxvd2VyX2NvdW50X3N1bnNldCI6eyJidWNrZXQiOnRydWUsInZlcnNpb24iOm51bGx9LCJ0ZndfdHdlZXRfZWRpdF9iYWNrZW5kIjp7ImJ1Y2tldCI6Im9uIiwidmVyc2lvbiI6bnVsbH0sInRmd19yZWZzcmNfc2Vzc2lvbiI6eyJidWNrZXQiOiJvbiIsInZlcnNpb24iOm51bGx9LCJ0ZndfZm9zbnJfc29mdF9pbnRlcnZlbnRpb25zX2VuYWJsZWQiOnsiYnVja2V0Ijoib24iLCJ2ZXJzaW9uIjpudWxsfSwidGZ3X21peGVkX21lZGlhXzE1ODk3Ijp7ImJ1Y2tldCI6InRyZWF0bWVudCIsInZlcnNpb24iOm51bGx9LCJ0ZndfZXhwZXJpbWVudHNfY29va2llX2V4cGlyYXRpb24iOnsiYnVja2V0IjoxMjA5NjAwLCJ2ZXJzaW9uIjpudWxsfSwidGZ3X3Nob3dfYmlyZHdhdGNoX3Bpdm90c19lbmFibGVkIjp7ImJ1Y2tldCI6Im9uIiwidmVyc2lvbiI6bnVsbH0sInRmd19kdXBsaWNhdGVfc2NyaWJlc190b19zZXR0aW5ncyI6eyJidWNrZXQiOiJvbiIsInZlcnNpb24iOm51bGx9LCJ0ZndfdXNlX3Byb2ZpbGVfaW1hZ2Vfc2hhcGVfZW5hYmxlZCI6eyJidWNrZXQiOiJvbiIsInZlcnNpb24iOm51bGx9LCJ0ZndfdmlkZW9faGxzX2R5bmFtaWNfbWFuaWZlc3RzXzE1MDgyIjp7ImJ1Y2tldCI6InRydWVfYml0cmF0ZSIsInZlcnNpb24iOm51bGx9LCJ0ZndfbGVnYWN5X3RpbWVsaW5lX3N1bnNldCI6eyJidWNrZXQiOnRydWUsInZlcnNpb24iOm51bGx9LCJ0ZndfdHdlZXRfZWRpdF9mcm9udGVuZCI6eyJidWNrZXQiOiJvbiIsInZlcnNpb24iOm51bGx9fQ%3D%3D&amp;frame=false&amp;hideCard=false&amp;hideThread=false&amp;id=1853053262254969279&amp;lang=cs&amp;maxWidth=560px&amp;origin=https%3A%2F%2Funser-mitteleuropa.com%2F150538&amp;sessionId=7b6a4fcead58506eeae4c3c88598a4a6fc8e7f93&amp;siteScreenName=UNSER%20MITTELEUROPA&amp;theme=light&amp;widgetsVersion=2615f7e52b7e0%3A1702314776716&amp;width=550px\" frameborder=\"0\" scrolling=\"no\" allowfullscreen=\"allowfullscreen\" data-tweet-id=\"1853053262254969279\" data-mce-fragment=\"1\"><\/iframe><\/div>\n<p>&nbsp;<\/p>\n<p><iframe loading=\"lazy\" title=\"Protesty ve \u0160pan\u011blsku jako kr\u00e1l nav\u0161t\u00edv\u00ed oblast smrt\u00edc\u00edch z\u00e1plav\" src=\"https:\/\/www.youtube.com\/embed\/75kRkxz2kUg?feature=oembed\" width=\"640\" height=\"360\" frameborder=\"0\" allowfullscreen=\"allowfullscreen\" data-mce-fragment=\"1\"><\/iframe><\/p>\n<p><img decoding=\"async\" loading=\"lazy\" class=\"alignnone size-full wp-image-1185\" src=\"http:\/\/www.infokuryr.cz\/n\/wp-content\/uploads\/2021\/04\/kuryr-podpis.png\" alt=\"\" width=\"84\" height=\"24\" \/><\/p>\n<p>&nbsp;<\/p>\n","protected":false},"excerpt":{"rendered":"<p>N\u00e1v\u0161t\u011bva \u0161pan\u011blsk\u00e9ho kr\u00e1lovsk\u00e9ho p\u00e1ru, kr\u00e1le Felipe VI. a jeho man\u017eelky Letizie, eskaloval do rozzu\u0159en\u00e9ho davu&#8230;.<\/p>\n","protected":false},"author":2,"featured_media":65487,"comment_status":"closed","ping_status":"closed","sticky":false,"template":"","format":"standard","meta":[],"categories":[7],"tags":[2583,5382,440,889,4772],"_links":{"self":[{"href":"https:\/\/www.infokuryr.cz\/n\/wp-json\/wp\/v2\/posts\/65485"}],"collection":[{"href":"https:\/\/www.infokuryr.cz\/n\/wp-json\/wp\/v2\/posts"}],"about":[{"href":"https:\/\/www.infokuryr.cz\/n\/wp-json\/wp\/v2\/types\/post"}],"author":[{"embeddable":true,"href":"https:\/\/www.infokuryr.cz\/n\/wp-json\/wp\/v2\/users\/2"}],"replies":[{"embeddable":true,"href":"https:\/\/www.infokuryr.cz\/n\/wp-json\/wp\/v2\/comments?post=65485"}],"version-history":[{"count":0,"href":"https:\/\/www.infokuryr.cz\/n\/wp-json\/wp\/v2\/posts\/65485\/revisions"}],"wp:featuredmedia":[{"embeddable":true,"href":"https:\/\/www.infokuryr.cz\/n\/wp-json\/wp\/v2\/media\/65487"}],"wp:attachment":[{"href":"https:\/\/www.infokuryr.cz\/n\/wp-json\/wp\/v2\/media?parent=65485"}],"wp:term":[{"taxonomy":"category","embeddable":true,"href":"https:\/\/www.infokuryr.cz\/n\/wp-json\/wp\/v2\/categories?post=65485"},{"taxonomy":"post_tag","embeddable":true,"href":"https:\/\/www.infokuryr.cz\/n\/wp-json\/wp\/v2\/tags?post=65485"}],"curies":[{"name":"wp","href":"https:\/\/api.w.org\/{rel}","templated":true}]}}