{"id":65473,"date":"2024-11-03T06:37:37","date_gmt":"2024-11-03T05:37:37","guid":{"rendered":"https:\/\/www.infokuryr.cz\/n\/?p=65473"},"modified":"2024-11-03T06:37:37","modified_gmt":"2024-11-03T05:37:37","slug":"argentinske-urady-obvinily-exprezidenta-bolivie-z-pedofilie-a-obchodovani-s-lidmi","status":"publish","type":"post","link":"https:\/\/www.infokuryr.cz\/n\/2024\/11\/03\/argentinske-urady-obvinily-exprezidenta-bolivie-z-pedofilie-a-obchodovani-s-lidmi\/","title":{"rendered":"Argentinsk\u00e9 \u00fa\u0159ady obvinily exprezidenta Bol\u00edvie z pedofilie a obchodov\u00e1n\u00ed s lidmi"},"content":{"rendered":"<div id=\"fb-root\"><\/div>\n<p class=\"lead\"><strong>Argentina po Bol\u00edvii obvinila exprezidenta Evo Moralese ze sou\u017eit\u00ed s \u200b\u200bnezletil\u00fdmi a je tak\u00e9 obvin\u011bn z obchodov\u00e1n\u00ed s lidmi. Ozn\u00e1mila to argentinsk\u00e1 ministryn\u011b bezpe\u010dnosti Patricia Bullrichov\u00e1, uv\u00e1d\u00ed La Nacion.<\/strong><\/p>\n<p><em>\u201eK p\u0159\u00edpadu zneu\u017e\u00edv\u00e1n\u00ed d\u011bt\u00ed, kter\u00fd byl zah\u00e1jen v Bol\u00edvii, se p\u0159idal je\u0161t\u011b nenorm\u00e1ln\u011bj\u0161\u00ed p\u0159\u00edpad: bolivijsk\u00fd exprezident je obvin\u011bn ze sou\u017eit\u00ed se \u010dty\u0159mi nezletil\u00fdmi v dob\u011b, kdy mu byl ud\u011blen politick\u00fd azyl (v Argentin\u011b),\u201c<span class=\"after-quote\">\u00a0&#8211; \u0159ekl ministr.<\/span><\/em><\/p>\n<p><span>Objasnila, \u017ee p\u0159ed 15 dny ministerstvo podalo \u017ealobu \u201eo mo\u017en\u00e9m obchodov\u00e1n\u00ed s lidmi a sexu\u00e1ln\u00edm n\u00e1sil\u00ed\u201c.<\/span><\/p>\n<p><span>Bullrich poznamenal, \u017ee proces nebyl zve\u0159ejn\u011bn kv\u016fli \u201e\u00farovni n\u00e1sil\u00ed, kter\u00e1 v t\u00e9 dob\u011b v Bol\u00edvii existovala\u201c.<\/span><\/p>\n<p><em>&#8222;Te\u010f, kdy\u017e jsou dal\u0161\u00ed st\u00ed\u017enosti, m\u016f\u017eeme o tom mluvit,&#8220;<span class=\"after-quote\">\u00a0&#8211; vysv\u011btlil ministr.<\/span><\/em><\/p>\n<p><span>Podle listu La Nacion je Morales obvin\u011bn z toho, \u017ee b\u011bhem sv\u00e9ho pobytu v Argentin\u011b v letech 2019 a\u017e 2020 \u017eil s nezletil\u00fdmi. Mohli b\u00fdt p\u0159ivezeni do zem\u011b z Bol\u00edvie, aby d\u011blali dom\u00e1c\u00ed pr\u00e1ce, p\u00ed\u0161\u00ed noviny.<\/span><\/p>\n<p><span>V\u00fdpov\u011bdi sv\u011bdk\u016f zahrnut\u00e9 v p\u0159\u00edpadu zmi\u0148uj\u00ed slova Moralesovy bl\u00edzk\u00e9 p\u0159\u00edtelkyn\u011b\u00a0<\/span><strong><span>Angelique Ponce<\/span><\/strong><span>\u00a0, uvedl den\u00edk. Podle La Nacion \u017eena uvedla, \u017ee nezletil\u00ed vykon\u00e1vali \u201eotrock\u00e9\u201c role v rezidenci, kde byl Morales placen argentinskou vl\u00e1dou. Podle n\u00ed Morales dost\u00e1val \u201ed\u00edvky jako d\u00e1rky\u201c.<\/span><\/p>\n<p><span>D\u0159\u00edve bolivijsk\u00e9 ministerstvo spravedlnosti zah\u00e1jilo vy\u0161et\u0159ov\u00e1n\u00ed proti Moralesovi v roce 2020, ale nebylo dokon\u010deno. Podle st\u00e1tn\u00edch z\u00e1stupc\u016f Morales v roce 2015 zn\u00e1silnil 15letou d\u00edvku, kter\u00e1 ot\u011bhotn\u011bla a porodila. Vy\u0161et\u0159ov\u00e1n\u00ed se domn\u00edv\u00e1, \u017ee jej\u00ed rodi\u010de \u201et\u011b\u017eili\u201c ze spojen\u00ed jejich dcery s Moralesem, zejm\u00e9na jej\u00ed matka m\u011bla b\u00fdt nominov\u00e1na jako kandid\u00e1tka do z\u00e1konod\u00e1rn\u00e9ho sboru departementu Tarija. Zatyka\u010d st\u00e1tn\u00edho z\u00e1stupce tak\u00e9 uv\u00e1d\u00ed, \u017ee existuje dostatek d\u016fkaz\u016f spojuj\u00edc\u00edch b\u00fdval\u00e9ho prezidenta s obchodov\u00e1n\u00edm s lidmi.<\/span><\/p>\n<p><span>Ministerstvo spravedlnosti tak\u00e9 po\u017eadovalo vy\u0161et\u0159en\u00ed soudce, kter\u00fd p\u0159\u00edpad Morales \u0159e\u0161il.<\/span><\/p>\n<p><span>S\u00e1m b\u00fdval\u00fd prezident ozna\u010dil vy\u0161et\u0159ov\u00e1n\u00ed za \u201epr\u00e1vn\u00ed v\u00e1lku\u201c (Lawfare) a zn\u00e1siln\u011bn\u00ed za \u201efiktivn\u00ed\u201c. Morales na sv\u00e9m \u00fa\u010dtu na soci\u00e1ln\u00ed s\u00edti X napsal, \u017ee vy\u0161et\u0159ov\u00e1n\u00ed bylo zp\u016fsobeno touhou zak\u00e1zat mu \u00fa\u010dast v p\u0159\u00ed\u0161t\u00edch prezidentsk\u00fdch volb\u00e1ch (konaj\u00ed se v roce 2025). Sv\u016fj z\u00e1m\u011br kandidovat za vl\u00e1dnouc\u00ed Hnut\u00ed za socialismus u\u017e ozn\u00e1mil, up\u0159es\u0148uje RBC.<\/span><\/p>\n<p><img decoding=\"async\" loading=\"lazy\" class=\"alignnone size-full wp-image-1185\" src=\"http:\/\/www.infokuryr.cz\/n\/wp-content\/uploads\/2021\/04\/kuryr-podpis.png\" alt=\"\" width=\"84\" height=\"24\" \/><\/p>\n<p>&nbsp;<\/p>\n","protected":false},"excerpt":{"rendered":"<p>Argentina po Bol\u00edvii obvinila exprezidenta Evo Moralese ze sou\u017eit\u00ed s \u200b\u200bnezletil\u00fdmi a je tak\u00e9 obvin\u011bn&#8230;<\/p>\n","protected":false},"author":2,"featured_media":65474,"comment_status":"closed","ping_status":"closed","sticky":false,"template":"","format":"standard","meta":[],"categories":[7],"tags":[756,6187,6063,1226],"_links":{"self":[{"href":"https:\/\/www.infokuryr.cz\/n\/wp-json\/wp\/v2\/posts\/65473"}],"collection":[{"href":"https:\/\/www.infokuryr.cz\/n\/wp-json\/wp\/v2\/posts"}],"about":[{"href":"https:\/\/www.infokuryr.cz\/n\/wp-json\/wp\/v2\/types\/post"}],"author":[{"embeddable":true,"href":"https:\/\/www.infokuryr.cz\/n\/wp-json\/wp\/v2\/users\/2"}],"replies":[{"embeddable":true,"href":"https:\/\/www.infokuryr.cz\/n\/wp-json\/wp\/v2\/comments?post=65473"}],"version-history":[{"count":0,"href":"https:\/\/www.infokuryr.cz\/n\/wp-json\/wp\/v2\/posts\/65473\/revisions"}],"wp:featuredmedia":[{"embeddable":true,"href":"https:\/\/www.infokuryr.cz\/n\/wp-json\/wp\/v2\/media\/65474"}],"wp:attachment":[{"href":"https:\/\/www.infokuryr.cz\/n\/wp-json\/wp\/v2\/media?parent=65473"}],"wp:term":[{"taxonomy":"category","embeddable":true,"href":"https:\/\/www.infokuryr.cz\/n\/wp-json\/wp\/v2\/categories?post=65473"},{"taxonomy":"post_tag","embeddable":true,"href":"https:\/\/www.infokuryr.cz\/n\/wp-json\/wp\/v2\/tags?post=65473"}],"curies":[{"name":"wp","href":"https:\/\/api.w.org\/{rel}","templated":true}]}}