{"id":65470,"date":"2024-11-03T06:27:48","date_gmt":"2024-11-03T05:27:48","guid":{"rendered":"https:\/\/www.infokuryr.cz\/n\/?p=65470"},"modified":"2024-11-03T06:27:48","modified_gmt":"2024-11-03T05:27:48","slug":"v-kyjeve-doslo-v-noci-dvakrat-k-serii-vybuchu","status":"publish","type":"post","link":"https:\/\/www.infokuryr.cz\/n\/2024\/11\/03\/v-kyjeve-doslo-v-noci-dvakrat-k-serii-vybuchu\/","title":{"rendered":"V Kyjev\u011b do\u0161lo v noci dvakr\u00e1t k s\u00e9rii v\u00fdbuch\u016f"},"content":{"rendered":"<div id=\"fb-root\"><\/div>\n<p class=\"lead\"><strong>V Kyjev\u011b byly b\u011bhem varov\u00e1n\u00ed p\u0159ed n\u00e1letem sly\u0161et opakovan\u00e9 exploze, uv\u00e1d\u00ed m\u00edstn\u00ed televizn\u00ed kan\u00e1l TSN.<\/strong><\/p>\n<p><em>\u201eOpakovan\u00e9 exploze v Kyjev\u011b\u201c<span class=\"after-quote\">\u00a0&#8211; \u0159\u00edk\u00e1 zpr\u00e1vu na kan\u00e1lu telegramu TSN.<\/span><\/em><\/p>\n<p><span>Podle online mapy ukrajinsk\u00e9ho ministerstva pro digit\u00e1ln\u00ed transformaci byl v Kyjev\u011b, stejn\u011b jako v Kyjev\u011b a dal\u0161\u00edch \u0161esti regionech Ukrajiny, vyhl\u00e1\u0161en leteck\u00fd poplach.<\/span><\/p>\n<p><span>Ukrajinsk\u00e1 m\u00e9dia ji\u017e d\u0159\u00edve informovala o s\u00e9rii v\u00fdbuch\u016f v Kyjev\u011b a oblasti Kyjeva.<\/span><\/p>\n<p><span>Rusk\u00e9 ozbrojen\u00e9 s\u00edly za\u010daly ude\u0159it na ukrajinskou infrastrukturu 10. \u0159\u00edjna 2022, dva dny po teroristick\u00e9m \u00fatoku na Krymsk\u00fd most, kter\u00fd podle rusk\u00fdch \u00fa\u0159ad\u016f st\u00e1l za ukrajinsk\u00fdmi speci\u00e1ln\u00edmi slu\u017ebami. V cel\u00e9 zemi prob\u00edhaj\u00ed st\u00e1vky proti energetice, obrann\u00e9mu pr\u016fmyslu, vojensk\u00e9mu velitelstv\u00ed a komunika\u010dn\u00edm za\u0159\u00edzen\u00edm. Od t\u00e9 doby jsou v ukrajinsk\u00fdch regionech, n\u011bkdy i v cel\u00e9 zemi, ka\u017ed\u00fd den vyhla\u0161ov\u00e1ny leteck\u00e9 poplachy.<\/span><\/p>\n<p><img decoding=\"async\" loading=\"lazy\" class=\"alignnone size-full wp-image-1185\" src=\"http:\/\/www.infokuryr.cz\/n\/wp-content\/uploads\/2021\/04\/kuryr-podpis.png\" alt=\"\" width=\"84\" height=\"24\" \/><\/p>\n<p>&nbsp;<\/p>\n<p>&nbsp;<\/p>\n","protected":false},"excerpt":{"rendered":"<p>V Kyjev\u011b byly b\u011bhem varov\u00e1n\u00ed p\u0159ed n\u00e1letem sly\u0161et opakovan\u00e9 exploze, uv\u00e1d\u00ed m\u00edstn\u00ed televizn\u00ed kan\u00e1l TSN&#8230;.<\/p>\n","protected":false},"author":2,"featured_media":65471,"comment_status":"closed","ping_status":"closed","sticky":false,"template":"","format":"standard","meta":[],"categories":[7],"tags":[221,3535,3533],"_links":{"self":[{"href":"https:\/\/www.infokuryr.cz\/n\/wp-json\/wp\/v2\/posts\/65470"}],"collection":[{"href":"https:\/\/www.infokuryr.cz\/n\/wp-json\/wp\/v2\/posts"}],"about":[{"href":"https:\/\/www.infokuryr.cz\/n\/wp-json\/wp\/v2\/types\/post"}],"author":[{"embeddable":true,"href":"https:\/\/www.infokuryr.cz\/n\/wp-json\/wp\/v2\/users\/2"}],"replies":[{"embeddable":true,"href":"https:\/\/www.infokuryr.cz\/n\/wp-json\/wp\/v2\/comments?post=65470"}],"version-history":[{"count":0,"href":"https:\/\/www.infokuryr.cz\/n\/wp-json\/wp\/v2\/posts\/65470\/revisions"}],"wp:featuredmedia":[{"embeddable":true,"href":"https:\/\/www.infokuryr.cz\/n\/wp-json\/wp\/v2\/media\/65471"}],"wp:attachment":[{"href":"https:\/\/www.infokuryr.cz\/n\/wp-json\/wp\/v2\/media?parent=65470"}],"wp:term":[{"taxonomy":"category","embeddable":true,"href":"https:\/\/www.infokuryr.cz\/n\/wp-json\/wp\/v2\/categories?post=65470"},{"taxonomy":"post_tag","embeddable":true,"href":"https:\/\/www.infokuryr.cz\/n\/wp-json\/wp\/v2\/tags?post=65470"}],"curies":[{"name":"wp","href":"https:\/\/api.w.org\/{rel}","templated":true}]}}