{"id":65442,"date":"2024-11-03T00:43:12","date_gmt":"2024-11-02T23:43:12","guid":{"rendered":"https:\/\/www.infokuryr.cz\/n\/?p=65442"},"modified":"2024-11-02T15:43:26","modified_gmt":"2024-11-02T14:43:26","slug":"izraelska-komanda-zadrzela-muze-behem-naletu-v-severnim-libanonu","status":"publish","type":"post","link":"https:\/\/www.infokuryr.cz\/n\/2024\/11\/03\/izraelska-komanda-zadrzela-muze-behem-naletu-v-severnim-libanonu\/","title":{"rendered":"Izraelsk\u00e1 komanda zadr\u017eela mu\u017ee b\u011bhem n\u00e1letu v severn\u00edm Libanonu"},"content":{"rendered":"<div id=\"fb-root\"><\/div>\n<p><strong><span>Izraelsk\u00e1 n\u00e1mo\u0159n\u00ed komanda provedla 1. listopadu n\u00e1let v severn\u00edm Libanonu, kde podle libanonsk\u00e9ho novin\u00e1\u0159e\u00a0<\/span><a href=\"https:\/\/twitter.com\/Hasanillaik?ref_src=twsrc%5Etfw%7Ctwcamp%5Etweetembed%7Ctwterm%5E1852654751235588465%7Ctwgr%5E939d6c051e5af39c33ba07f1d95b1877d4ebc385%7Ctwcon%5Es1_&amp;ref_url=https%3A%2F%2Fsouthfront.press%2F%3Fp%3D212626\"><span>Hasana Illaika<\/span><\/a><span>\u00a0zajala jednoho mu\u017ee .<\/span><\/strong><\/p>\n<p><span>V\u00edce ne\u017e 25 izraelsk\u00fdch voj\u00e1k\u016f dorazilo na pob\u0159e\u017e\u00ed m\u011bsta Batroun, ji\u017en\u011b od p\u0159\u00edstavn\u00edho m\u011bsta Tripolis, a p\u0159epadlo chatu na pl\u00e1\u017ei, uvedl Illaik v p\u0159\u00edsp\u011bvku na soci\u00e1ln\u00ed s\u00edti X a dodal, \u017ee Libanonec, kter\u00fd byl s\u00e1m, byl odvezen z oblasti a speci\u00e1ln\u00ed jednotky opustily oblast pomoc\u00ed motorov\u00fdch \u010dlun\u016f.<\/span><\/p>\n<p><span>Novin\u00e1\u0159 spekuloval, \u017ee n\u00e1let provedla elitn\u00ed izraelsk\u00e1 vojensk\u00e1 jednotka, bu\u010f Shayetet 13 izraelsk\u00e9ho n\u00e1mo\u0159nictva, nebo Sayeret Matkal, kter\u00e1 je sou\u010d\u00e1st\u00ed gener\u00e1ln\u00edho \u0161t\u00e1bu zem\u011b, a poznamenal, \u017ee n\u011bmeck\u00e9 n\u00e1mo\u0159nictvo operuj\u00edc\u00ed u pob\u0159e\u017e\u00ed Libanonu jako sou\u010d\u00e1st Organizace spojen\u00fdch n\u00e1rod\u016f Do\u010dasn\u00e1 s\u00edla v Libanonu byla pravd\u011bpodobn\u011b spoluvin\u00edkem.<\/span><\/p>\n<p><span>Illaik sd\u00edl\u00ed z\u00e1b\u011bry z bezpe\u010dnostn\u00ed kamery \u00fadajn\u011b z n\u00e1letu. Zobrazuje voj\u00e1ky, kte\u0159\u00ed s sebou berou zadr\u017eenou osobu. \u0158ekl, \u017ee libanon\u0161t\u00ed bezpe\u010dnostn\u00ed \u00fa\u0159edn\u00edci vy\u0161et\u0159uj\u00ed bezpe\u010dnostn\u00ed incident.<\/span><\/p>\n<div class=\"twitter-tweet twitter-tweet-rendered\"><a href=\"https:\/\/x.com\/Hasanillaik\/status\/1852654751235588465?ref_src=twsrc%5Etfw%7Ctwcamp%5Etweetembed%7Ctwterm%5E1852654751235588465%7Ctwgr%5Ea77e55948c639b5d9691a9244d11ecd0370d665a%7Ctwcon%5Es1_&amp;ref_url=https%3A%2F%2Fsouthfront.press%2Fisraeli-commandos-captured-man-during-raid-in-northern-lebanon-video%2F\"><img decoding=\"async\" loading=\"lazy\" class=\"wp-image-65443 aligncenter\" src=\"http:\/\/www.infokuryr.cz\/n\/wp-content\/uploads\/2024\/11\/v1-272x300.jpg\" alt=\"\" width=\"550\" height=\"607\" srcset=\"https:\/\/www.infokuryr.cz\/n\/wp-content\/uploads\/2024\/11\/v1-272x300.jpg 272w, https:\/\/www.infokuryr.cz\/n\/wp-content\/uploads\/2024\/11\/v1.jpg 549w\" sizes=\"(max-width: 550px) 100vw, 550px\" \/><\/a><\/div>\n<p><span>Po zve\u0159ejn\u011bn\u00ed z\u00e1b\u011br\u016f libanonsk\u00fd ministr ve\u0159ejn\u00fdch prac\u00ed a dopravy Ali Hamie potvrdil, \u017ee Libanonec byl zajat izraelsk\u00fdmi n\u00e1mo\u0159n\u00edmi komandy v severn\u00edm Libanonu.<\/span><\/p>\n<p><span>Hamie \u0159ekl m\u00edstn\u00ed televizi Al Jadeed News, \u017ee mu\u017e, identifikovan\u00fd jako Imad Amhaz, byl kapit\u00e1nem civiln\u00edch lod\u00ed a studoval na civiln\u00edm n\u00e1mo\u0159n\u00edm institutu pot\u00e9, co n\u011bkter\u00e9 zpr\u00e1vy tvrdily, \u017ee byl v libanonsk\u00e9m n\u00e1mo\u0159nictvu.<\/span><\/p>\n<p><span>Zpravodajsk\u00fd kan\u00e1l Al-Hadath vlastn\u011bn\u00fd Sa\u00fadskou Ar\u00e1bi\u00ed uvedl, \u017ee Amhaz byl \u00fa\u0159edn\u00edkem Hizball\u00e1hu. Informoval o tom i Axios.<\/span><\/p>\n<p><span>Zpravodajsk\u00fd web se s\u00eddlem ve Spojen\u00fdch st\u00e1tech uvedl s odkazem na izraelsk\u00e9ho p\u0159edstavitele, \u017ee Amhaz byl vysoce postaven\u00fdm \u010dlenem n\u00e1mo\u0159n\u00edch sil Hizball\u00e1hu. Nejmenovan\u00fd p\u0159edstavitel uvedl, \u017ee mu\u017e byl p\u0159evezen do Izraele, aby byl vyslechnut ohledn\u011b n\u00e1mo\u0159n\u00edch aktivit skupiny spojenc\u016f s \u00cdr\u00e1nem.<\/span><\/p>\n<p><span>K n\u00e1letu do\u0161lo b\u011bhem ostr\u00e9ho st\u0159etu mezi Hizball\u00e1hem a izraelskou arm\u00e1dou. Konfrontace poprv\u00e9 vypukla po za\u010d\u00e1tku v\u00e1lky v p\u00e1smu Gazy, kdy skupina zah\u00e1jila \u00fatoky z Libanonu na podporu palestinsk\u00e9 enkl\u00e1vy.<\/span><\/p>\n<p><span>Izrael eskaloval sv\u00e9 \u00fatoky na Libanon od 17. z\u00e1\u0159\u00ed a 30. z\u00e1\u0159\u00ed proti skupin\u011b zah\u00e1jil pozemn\u00ed operaci.<\/span><\/p>\n<p><img decoding=\"async\" loading=\"lazy\" class=\"alignnone size-full wp-image-1185\" src=\"http:\/\/www.infokuryr.cz\/n\/wp-content\/uploads\/2021\/04\/kuryr-podpis.png\" alt=\"\" width=\"84\" height=\"24\" \/><\/p>\n<p>&nbsp;<\/p>\n","protected":false},"excerpt":{"rendered":"<p>Izraelsk\u00e1 n\u00e1mo\u0159n\u00ed komanda provedla 1. listopadu n\u00e1let v severn\u00edm Libanonu, kde podle libanonsk\u00e9ho novin\u00e1\u0159e\u00a0Hasana Illaika\u00a0zajala&#8230;<\/p>\n","protected":false},"author":2,"featured_media":65444,"comment_status":"closed","ping_status":"closed","sticky":false,"template":"","format":"standard","meta":[],"categories":[7],"tags":[107,405,321],"_links":{"self":[{"href":"https:\/\/www.infokuryr.cz\/n\/wp-json\/wp\/v2\/posts\/65442"}],"collection":[{"href":"https:\/\/www.infokuryr.cz\/n\/wp-json\/wp\/v2\/posts"}],"about":[{"href":"https:\/\/www.infokuryr.cz\/n\/wp-json\/wp\/v2\/types\/post"}],"author":[{"embeddable":true,"href":"https:\/\/www.infokuryr.cz\/n\/wp-json\/wp\/v2\/users\/2"}],"replies":[{"embeddable":true,"href":"https:\/\/www.infokuryr.cz\/n\/wp-json\/wp\/v2\/comments?post=65442"}],"version-history":[{"count":1,"href":"https:\/\/www.infokuryr.cz\/n\/wp-json\/wp\/v2\/posts\/65442\/revisions"}],"predecessor-version":[{"id":65445,"href":"https:\/\/www.infokuryr.cz\/n\/wp-json\/wp\/v2\/posts\/65442\/revisions\/65445"}],"wp:featuredmedia":[{"embeddable":true,"href":"https:\/\/www.infokuryr.cz\/n\/wp-json\/wp\/v2\/media\/65444"}],"wp:attachment":[{"href":"https:\/\/www.infokuryr.cz\/n\/wp-json\/wp\/v2\/media?parent=65442"}],"wp:term":[{"taxonomy":"category","embeddable":true,"href":"https:\/\/www.infokuryr.cz\/n\/wp-json\/wp\/v2\/categories?post=65442"},{"taxonomy":"post_tag","embeddable":true,"href":"https:\/\/www.infokuryr.cz\/n\/wp-json\/wp\/v2\/tags?post=65442"}],"curies":[{"name":"wp","href":"https:\/\/api.w.org\/{rel}","templated":true}]}}