{"id":65439,"date":"2024-11-03T00:40:26","date_gmt":"2024-11-02T23:40:26","guid":{"rendered":"https:\/\/www.infokuryr.cz\/n\/?p=65439"},"modified":"2024-11-02T15:34:54","modified_gmt":"2024-11-02T14:34:54","slug":"chamenei-asistent-varuje-ze-iran-by-mohl-prezkoumat-svoji-jadernou-doktrinu","status":"publish","type":"post","link":"https:\/\/www.infokuryr.cz\/n\/2024\/11\/03\/chamenei-asistent-varuje-ze-iran-by-mohl-prezkoumat-svoji-jadernou-doktrinu\/","title":{"rendered":"Chamene\u00ed asistent varuje, \u017ee \u00cdr\u00e1n by mohl p\u0159ezkoumat svoji jadernou doktr\u00ednu"},"content":{"rendered":"<div id=\"fb-root\"><\/div>\n<p><strong><span>Kamal Kharrazi, poradce \u00edr\u00e1nsk\u00e9ho nejvy\u0161\u0161\u00edho v\u016fdce ajatoll\u00e1ha Al\u00edho Chamene\u00edho, 1. listopadu varoval, \u017ee Isl\u00e1msk\u00e1 republika m\u016f\u017ee p\u0159ezkoumat svou jadernou doktr\u00ednu, pokud bude Teher\u00e1n vystaven \u201eexisten\u010dn\u00ed hrozb\u011b\u201c.<\/span><\/strong><\/p>\n<p><span>Chamene\u00ed zak\u00e1zal v\u00fdvoj jadern\u00fdch zbran\u00ed ve ve\u0159ejn\u00e9 fatw\u011b [pr\u00e1vn\u00ed rozhodnut\u00ed o bodu isl\u00e1msk\u00e9ho pr\u00e1va] v roce 2003.<\/span><\/p>\n<p><span>V roce 2019 znovu potvrdil stejn\u00fd postoj, kdy\u017e \u0159ekl: \u201eStavba a hromad\u011bn\u00ed jadern\u00fdch bomb je \u0161patn\u00e9 a jejich pou\u017eit\u00ed je haram [n\u00e1bo\u017eensky zak\u00e1z\u00e1no]\u2026 I kdy\u017e m\u00e1me jadernou technologii, \u00cdr\u00e1n se j\u00ed rozhodn\u011b vyh\u00fdb\u00e1.\u201c<\/span><\/p>\n<p><em>&#8222;Nyn\u00ed m\u00e1me technick\u00e9 mo\u017enosti nezbytn\u00e9 k v\u00fdrob\u011b jadern\u00fdch zbran\u00ed&#8230; V sou\u010dasnosti to zakazuje pouze fatva nejvy\u0161\u0161\u00edho v\u016fdce,&#8220; \u0159ekl Kharrazi v rozhovoru pro libanonskou televizi Al-Mayadeen TV.<\/em><\/p>\n<p><span>Kharraziho varov\u00e1n\u00ed p\u0159i\u0161lo v dob\u011b zv\u00fd\u0161en\u00e9ho nap\u011bt\u00ed s Izraelem, kter\u00fd 26. \u0159\u00edjna zah\u00e1jil \u00fatok proti \u00edr\u00e1nsk\u00e9mu \u00fazem\u00ed.<\/span><\/p>\n<p><span>B\u011bhem \u00fatoku, kter\u00fd si vy\u017e\u00e1dal \u017eivoty \u010dty\u0159 d\u016fstojn\u00edk\u016f, bylo zasa\u017eeno n\u011bkolik \u00edr\u00e1nsk\u00fdch vojensk\u00fdch c\u00edl\u016f, v\u010detn\u011b protivzdu\u0161n\u00e9 obrany a raketov\u00fdch stanovi\u0161\u0165. \u00datok byl s\u00e1m o sob\u011b reakc\u00ed na rozs\u00e1hl\u00fd \u00fader balistick\u00fdch raket zah\u00e1jen\u00fd Teher\u00e1nem proti Izraeli 1. \u0159\u00edjna.<\/span><\/p>\n<p><span>Kharrazi b\u011bhem sv\u00e9ho rozhovoru s Al-Mayadeenem zopakoval, \u017ee \u00cdr\u00e1n odpov\u00ed na izraelsk\u00fd \u00fatok ve vhodnou dobu a zp\u016fsobem, a dodal, \u017ee Teher\u00e1n tak\u00e9 pravd\u011bpodobn\u011b zv\u00fd\u0161\u00ed dolet sv\u00fdch balistick\u00fdch st\u0159el.<\/span><\/p>\n<p><em>&#8222;Jsme p\u0159ipraveni na v\u00e1lku, ale nechceme eskalovat, proto\u017ee jsme v sou\u010dasn\u00e9 dob\u011b prok\u00e1zali na\u0161i schopnost od toho odradit,&#8220; \u0159ekl vysok\u00fd \u00fa\u0159edn\u00edk podle p\u0159ekladu rozhovoru pro The Telegraph.<\/em><\/p>\n<p><em>\u201eZ\u00e1le\u017eitost je na Izraelc\u00edch, pokud opravdu cht\u011bj\u00ed pokra\u010dovat, odpov\u00edme jim. Na\u0161e raketov\u00e9 schopnosti jsou ka\u017ed\u00e9mu jasn\u00e9 a ka\u017ed\u00fd v n\u011b v\u011b\u0159\u00ed, co\u017e jsme b\u011bhem na\u0161ich operac\u00ed dok\u00e1zali,\u201c dodal.<\/em><\/p>\n<p><span>31. \u0159\u00edjna zpravodajsk\u00fd server Axios se s\u00eddlem ve Spojen\u00fdch st\u00e1tech uvedl s odkazem na dva izraelsk\u00e9 zdroje, \u017ee izraelsk\u00e1 rozv\u011bdka se p\u0159ipravuje na \u00fatok v nadch\u00e1zej\u00edc\u00edch dnech zahrnuj\u00edc\u00ed velk\u00e9 mno\u017estv\u00ed balistick\u00fdch raket a sebevra\u017eedn\u00fdch dron\u016f vypu\u0161t\u011bn\u00fdch \u00edr\u00e1nsk\u00fdmi spojenci v Ir\u00e1ku.<\/span><\/p>\n<p><span>Izraelsk\u00fd Kan tak\u00e9 1. listopadu informoval, \u017ee Izrael zv\u00fd\u0161il sv\u00e1 bezpe\u010dnostn\u00ed opat\u0159en\u00ed v citliv\u00e9m bezpe\u010dnostn\u00edm za\u0159\u00edzen\u00ed. Podle ve\u0159ejnopr\u00e1vn\u00ed televize Izrael nad\u00e1le hodnot\u00ed o\u010dek\u00e1van\u00fd rozsah a na\u010dasov\u00e1n\u00ed \u00edr\u00e1nsk\u00e9ho \u00fatoku ve sv\u011btle prezidentsk\u00fdch voleb v USA p\u0159\u00ed\u0161t\u00ed t\u00fdden.<\/span><\/p>\n<p><span>Izrael\u0161t\u00ed p\u0159edstavitel\u00e9 v\u011b\u0159\u00ed, \u017ee Tehan skute\u010dn\u011b odpov\u00ed, a\u0165 u\u017e p\u0159\u00edmo nebo prost\u0159ednictv\u00edm sv\u00fdch spojenc\u016f v Ir\u00e1ku a Jemenu, uvedl Kan.<\/span><\/p>\n<p><span>Na obranu Izraele ozn\u00e1milo americk\u00e9 ministerstvo obrany 1. listopadu, \u017ee rozm\u00edst\u00ed na St\u0159edn\u00ed v\u00fdchod dal\u0161\u00ed torp\u00e9doborce proti balistick\u00fdm raket\u00e1m, st\u00edhac\u00ed perut\u011b, tankovac\u00ed letadla a n\u011bkolik bombard\u00e9r\u016f dlouh\u00e9ho doletu B-52.<\/span><\/p>\n<p><img decoding=\"async\" loading=\"lazy\" class=\"alignnone size-full wp-image-1185\" src=\"http:\/\/www.infokuryr.cz\/n\/wp-content\/uploads\/2021\/04\/kuryr-podpis.png\" alt=\"\" width=\"84\" height=\"24\" \/><\/p>\n<p>&nbsp;<\/p>\n","protected":false},"excerpt":{"rendered":"<p>Kamal Kharrazi, poradce \u00edr\u00e1nsk\u00e9ho nejvy\u0161\u0161\u00edho v\u016fdce ajatoll\u00e1ha Al\u00edho Chamene\u00edho, 1. listopadu varoval, \u017ee Isl\u00e1msk\u00e1 republika&#8230;<\/p>\n","protected":false},"author":2,"featured_media":63501,"comment_status":"closed","ping_status":"closed","sticky":false,"template":"","format":"standard","meta":[],"categories":[7],"tags":[38,7424,2975],"_links":{"self":[{"href":"https:\/\/www.infokuryr.cz\/n\/wp-json\/wp\/v2\/posts\/65439"}],"collection":[{"href":"https:\/\/www.infokuryr.cz\/n\/wp-json\/wp\/v2\/posts"}],"about":[{"href":"https:\/\/www.infokuryr.cz\/n\/wp-json\/wp\/v2\/types\/post"}],"author":[{"embeddable":true,"href":"https:\/\/www.infokuryr.cz\/n\/wp-json\/wp\/v2\/users\/2"}],"replies":[{"embeddable":true,"href":"https:\/\/www.infokuryr.cz\/n\/wp-json\/wp\/v2\/comments?post=65439"}],"version-history":[{"count":0,"href":"https:\/\/www.infokuryr.cz\/n\/wp-json\/wp\/v2\/posts\/65439\/revisions"}],"wp:featuredmedia":[{"embeddable":true,"href":"https:\/\/www.infokuryr.cz\/n\/wp-json\/wp\/v2\/media\/63501"}],"wp:attachment":[{"href":"https:\/\/www.infokuryr.cz\/n\/wp-json\/wp\/v2\/media?parent=65439"}],"wp:term":[{"taxonomy":"category","embeddable":true,"href":"https:\/\/www.infokuryr.cz\/n\/wp-json\/wp\/v2\/categories?post=65439"},{"taxonomy":"post_tag","embeddable":true,"href":"https:\/\/www.infokuryr.cz\/n\/wp-json\/wp\/v2\/tags?post=65439"}],"curies":[{"name":"wp","href":"https:\/\/api.w.org\/{rel}","templated":true}]}}