{"id":65389,"date":"2024-11-02T00:42:39","date_gmt":"2024-11-01T23:42:39","guid":{"rendered":"https:\/\/www.infokuryr.cz\/n\/?p=65389"},"modified":"2024-11-01T16:22:12","modified_gmt":"2024-11-01T15:22:12","slug":"korupce-v-eu-policie-se-zameri-na-notoricky-znameho-nepritele-orbana-sefa-epp-manfreda-webera","status":"publish","type":"post","link":"https:\/\/www.infokuryr.cz\/n\/2024\/11\/02\/korupce-v-eu-policie-se-zameri-na-notoricky-znameho-nepritele-orbana-sefa-epp-manfreda-webera\/","title":{"rendered":"Korupce v EU: Policie se zam\u011b\u0159\u00ed na notoricky zn\u00e1m\u00e9ho nep\u0159\u00edtele Orb\u00e1na, \u0161\u00e9fa EPP Manfreda Webera"},"content":{"rendered":"<div id=\"fb-root\"><\/div>\n<h2 class=\"s-tagline fw-tagline\"><span>\u00da\u0159ady potvrdily, \u017ee nov\u00fd gener\u00e1ln\u00ed tajemn\u00edk stranick\u00e9 rodiny Ouarda Bensouag je vy\u0161et\u0159ov\u00e1n<\/span><\/h2>\n<p><span>Nejvy\u0161\u0161\u00ed st\u00e1tn\u00ed z\u00e1stupci Evropsk\u00e9 unie zrychluj\u00ed vy\u0161et\u0159ov\u00e1n\u00ed podvod\u016f a korupce souvisej\u00edc\u00ed s volebn\u00ed kampan\u00ed Manfreda Webera v roce 2019 do Evropsk\u00e9ho parlamentu. Weber je jedn\u00edm z nejmocn\u011bj\u0161\u00edch politik\u016f v Bruselu a stoj\u00ed v \u010dele nejmocn\u011bj\u0161\u00ed skupiny, Evropsk\u00e9 lidov\u00e9 strany (EPP). N\u00e1hodou je tak\u00e9 jedn\u00edm z nejv\u011bt\u0161\u00edch nep\u0159\u00e1tel Viktora Orb\u00e1na,\u00a0<\/span><a href=\"https:\/\/rmx.news\/article\/hungary-s-fidesz-leaves-the-increasingly-left-wing-epp-behind\/\"><span>kter\u00fd slou\u017eil jako kl\u00ed\u010dov\u00e1 postava p\u0159i vytla\u010den\u00ed Orb\u00e1novy strany Fidesz ze skupiny v roce 2021<\/span><\/a><span>\u00a0.<\/span><\/p>\n<p><span>Vy\u0161et\u0159ov\u00e1n\u00ed se zab\u00fdv\u00e1 zneu\u017eit\u00edm fond\u016f EU pro kampa\u0148 v roce 2019, p\u0159i\u010dem\u017e \u00da\u0159ad evropsk\u00e9ho ve\u0159ejn\u00e9ho \u017ealobce (EPPO) a belgick\u00e9 \u00fa\u0159ady zam\u011b\u0159uj\u00ed sv\u00e9 vy\u0161et\u0159ov\u00e1n\u00ed na t\u0159i osoby spojen\u00e9 s Weberovou kampan\u00ed.<\/span><\/p>\n<p><span>Politico ji\u017e d\u0159\u00edve z\u00edskalo p\u0159\u00edstup k\u00a0<\/span><a href=\"https:\/\/www.politico.eu\/article\/fraud-busters-eppo-investigate-eu-parliaments-most-powerful-group-epp-manfred-weber\/?utm_source=email&amp;utm_medium=alert&amp;utm_campaign=Fraud%20busters%20investigate%20EU%20Parliament%E2%80%99s%20most%20powerful%20group\"><span>policejn\u00edm p\u0159edvol\u00e1n\u00edm pro sv\u011bdky<\/span><\/a><span>\u00a0t\u00fdkaj\u00edc\u00ed se r\u016fzn\u00fdch trestn\u00fdch \u010din\u016f, v\u010detn\u011b \u201eporu\u0161en\u00ed d\u016fv\u011bry\u201c, \u201epad\u011bl\u00e1n\u00ed ve\u0159ejn\u00e9 listiny\u201c a \u201epad\u011bl\u00e1n\u00ed ve\u0159ejn\u00fdch listin st\u00e1tn\u00edm \u00fa\u0159edn\u00edkem p\u0159i pln\u011bn\u00ed povinnost\u00ed\u201c. Rovn\u011b\u017e byla zaznamen\u00e1na obvin\u011bn\u00ed z podvodu a \u201eve\u0159ejn\u00e9 korupce\u201c.\u00a0\u00a0<\/span><\/p>\n<p><span>Podle \u0161pan\u011blsk\u00e9ho listu\u00a0<\/span><a href=\"https:\/\/gaceta.es\/europa\/el-presidente-del-partido-popular-europeo-nombra-como-nueva-secretaria-general-a-su-exjefa-de-gabinete-investigada-por-corrupcion-20241028-0303\/\"><span>La Gaceta<\/span><\/a><span>\u00a0vy\u0161et\u0159uj\u00ed belgick\u00e9 \u00fa\u0159ady Ouardu Bensouaga, b\u00fdval\u00e9ho \u0161\u00e9fa francouzsk\u00e9ho \u0161t\u00e1bu Manfreda Webera, kter\u00fd se m\u00e1 ode dne\u0161ka ujmout funkce gener\u00e1ln\u00edho tajemn\u00edka stranick\u00e9 rodiny, nejvy\u0161\u0161\u00ed \u00farovn\u011b moci na evropsk\u00e9 \u00farovni. . List potvrdil, \u017ee je vy\u0161et\u0159ov\u00e1na, p\u0159i\u010dem\u017e belgick\u00e1 prokuratura tvrd\u00ed, \u017ee Bensouagov\u00e1 pob\u00edrala plat od EPP i Evropsk\u00e9ho parlamentu sou\u010dasn\u011b, co\u017e je v rozporu s kodexem chov\u00e1n\u00ed EP.\u00a0<\/span><\/p>\n<p><span>\u201eChcete-li z\u00edskat dodate\u010dn\u00fd plat k tomu, co ji\u017e dost\u00e1v\u00e1te od Parlamentu, mus\u00edte to ozn\u00e1mit a lze jej povolit pouze v p\u0159\u00edpad\u011b, \u017ee se \u010dinnost li\u0161\u00ed od toho, co je ji\u017e vykon\u00e1v\u00e1na, a nezahrnuje z\u00e1sahy, kter\u00e9 by mohly po\u0161kodit z\u00e1jmy org\u00e1nu. \u201c poznamenal list.\u00a0<\/span><\/p>\n<p><span>Pen\u00edze pro parlamentn\u00ed skupiny, kter\u00e9 poch\u00e1zej\u00ed od da\u0148ov\u00fdch poplatn\u00edk\u016f EU, je zak\u00e1z\u00e1no utr\u00e1cet na politick\u00e9 kampan\u011b.<\/span><\/p>\n<p><span>Tiskov\u00fd \u0159editel EPP Lopez de Pablo v rozhovoru pro\u00a0<\/span><a href=\"https:\/\/brusselssignal.eu\/2024\/10\/epp-spending-probe-reports-designed-to-damage-manfred-weber\/\"><span>Brussels Signal<\/span><\/a><span>\u00a0trv\u00e1 na tom, \u017ee spolupracuj\u00ed s \u00fa\u0159ady a \u017ee \u201eprobl\u00e9m byl \u201ap\u0159eh\u0159\u00edv\u00e1n\u2018, aby podkopal Webera.<\/span><\/p>\n<p><span>Poznamenal tak\u00e9, \u017ee \u201eprob\u00edhaj\u00edc\u00ed vy\u0161et\u0159ov\u00e1n\u00ed\u201c zah\u00e1jen\u00e9 v roce 2019 \u201ese omezilo na samotnou stranu, a nikoli na skupinu Evropsk\u00e9ho parlamentu\u201c.<\/span><\/p>\n<p><img decoding=\"async\" loading=\"lazy\" class=\"alignnone size-full wp-image-1185\" src=\"http:\/\/www.infokuryr.cz\/n\/wp-content\/uploads\/2021\/04\/kuryr-podpis.png\" alt=\"\" width=\"84\" height=\"24\" \/><\/p>\n<p>&nbsp;<\/p>\n","protected":false},"excerpt":{"rendered":"<p>\u00da\u0159ady potvrdily, \u017ee nov\u00fd gener\u00e1ln\u00ed tajemn\u00edk stranick\u00e9 rodiny Ouarda Bensouag je vy\u0161et\u0159ov\u00e1n Nejvy\u0161\u0161\u00ed st\u00e1tn\u00ed z\u00e1stupci&#8230;<\/p>\n","protected":false},"author":2,"featured_media":65390,"comment_status":"closed","ping_status":"closed","sticky":false,"template":"","format":"standard","meta":[],"categories":[7],"tags":[41,207,428,8150],"_links":{"self":[{"href":"https:\/\/www.infokuryr.cz\/n\/wp-json\/wp\/v2\/posts\/65389"}],"collection":[{"href":"https:\/\/www.infokuryr.cz\/n\/wp-json\/wp\/v2\/posts"}],"about":[{"href":"https:\/\/www.infokuryr.cz\/n\/wp-json\/wp\/v2\/types\/post"}],"author":[{"embeddable":true,"href":"https:\/\/www.infokuryr.cz\/n\/wp-json\/wp\/v2\/users\/2"}],"replies":[{"embeddable":true,"href":"https:\/\/www.infokuryr.cz\/n\/wp-json\/wp\/v2\/comments?post=65389"}],"version-history":[{"count":0,"href":"https:\/\/www.infokuryr.cz\/n\/wp-json\/wp\/v2\/posts\/65389\/revisions"}],"wp:featuredmedia":[{"embeddable":true,"href":"https:\/\/www.infokuryr.cz\/n\/wp-json\/wp\/v2\/media\/65390"}],"wp:attachment":[{"href":"https:\/\/www.infokuryr.cz\/n\/wp-json\/wp\/v2\/media?parent=65389"}],"wp:term":[{"taxonomy":"category","embeddable":true,"href":"https:\/\/www.infokuryr.cz\/n\/wp-json\/wp\/v2\/categories?post=65389"},{"taxonomy":"post_tag","embeddable":true,"href":"https:\/\/www.infokuryr.cz\/n\/wp-json\/wp\/v2\/tags?post=65389"}],"curies":[{"name":"wp","href":"https:\/\/api.w.org\/{rel}","templated":true}]}}