{"id":65386,"date":"2024-11-02T00:41:36","date_gmt":"2024-11-01T23:41:36","guid":{"rendered":"https:\/\/www.infokuryr.cz\/n\/?p=65386"},"modified":"2024-11-01T16:16:21","modified_gmt":"2024-11-01T15:16:21","slug":"zacina-vystavba-polskeho-vychodniho-stitu-sousediciho-s-ruskem-vetsina-polaku-tento-krok-podporuje","status":"publish","type":"post","link":"https:\/\/www.infokuryr.cz\/n\/2024\/11\/02\/zacina-vystavba-polskeho-vychodniho-stitu-sousediciho-s-ruskem-vetsina-polaku-tento-krok-podporuje\/","title":{"rendered":"Za\u010d\u00edn\u00e1 v\u00fdstavba polsk\u00e9ho v\u00fdchodn\u00edho \u0161t\u00edtu soused\u00edc\u00edho s Ruskem, v\u011bt\u0161ina Pol\u00e1k\u016f tento krok podporuje"},"content":{"rendered":"<div id=\"fb-root\"><\/div>\n<h2 class=\"s-tagline fw-tagline\">V\u00edce ne\u017e 78 % respondent\u016f ned\u00e1vn\u00e9ho pr\u016fzkumu podpo\u0159ilo pos\u00edlen\u00ed hranice budov\u00e1n\u00edm opevn\u011bn\u00ed a posil<\/h2>\n<p>Premi\u00e9r Donald Tusk ve \u010dtvrtek ve\u010der na soci\u00e1ln\u00edch s\u00edt\u00edch ozn\u00e1mil zah\u00e1jen\u00ed prac\u00ed na v\u00fdchodn\u00edm \u0161t\u00edtu, opevn\u011bn\u00ed, kter\u00e9 m\u00e1 zv\u00fd\u0161it bezpe\u010dnost polsk\u00e9 hranice s Ruskem a B\u011bloruskem.<\/p>\n<p>\u201eStavba V\u00fdchodn\u00edho \u0161t\u00edtu za\u010dala! Nejprve se pracuje na hranici s Ruskem,\u201c napsal Tusk na X.<\/p>\n<figure class=\"wp-block-embed is-type-rich is-provider-twitter wp-block-embed-twitter\">\n<div class=\"wp-block-embed__wrapper\">\n<div class=\"twitter-tweet twitter-tweet-rendered\"><iframe id=\"twitter-widget-0\" class=\"\" title=\"P\u0159\u00edsp\u011bvek X\" src=\"https:\/\/platform.twitter.com\/embed\/Tweet.html?creatorScreenName=RMXnews&amp;dnt=true&amp;embedId=twitter-widget-0&amp;features=eyJ0ZndfdGltZWxpbmVfbGlzdCI6eyJidWNrZXQiOltdLCJ2ZXJzaW9uIjpudWxsfSwidGZ3X2ZvbGxvd2VyX2NvdW50X3N1bnNldCI6eyJidWNrZXQiOnRydWUsInZlcnNpb24iOm51bGx9LCJ0ZndfdHdlZXRfZWRpdF9iYWNrZW5kIjp7ImJ1Y2tldCI6Im9uIiwidmVyc2lvbiI6bnVsbH0sInRmd19yZWZzcmNfc2Vzc2lvbiI6eyJidWNrZXQiOiJvbiIsInZlcnNpb24iOm51bGx9LCJ0ZndfZm9zbnJfc29mdF9pbnRlcnZlbnRpb25zX2VuYWJsZWQiOnsiYnVja2V0Ijoib24iLCJ2ZXJzaW9uIjpudWxsfSwidGZ3X21peGVkX21lZGlhXzE1ODk3Ijp7ImJ1Y2tldCI6InRyZWF0bWVudCIsInZlcnNpb24iOm51bGx9LCJ0ZndfZXhwZXJpbWVudHNfY29va2llX2V4cGlyYXRpb24iOnsiYnVja2V0IjoxMjA5NjAwLCJ2ZXJzaW9uIjpudWxsfSwidGZ3X3Nob3dfYmlyZHdhdGNoX3Bpdm90c19lbmFibGVkIjp7ImJ1Y2tldCI6Im9uIiwidmVyc2lvbiI6bnVsbH0sInRmd19kdXBsaWNhdGVfc2NyaWJlc190b19zZXR0aW5ncyI6eyJidWNrZXQiOiJvbiIsInZlcnNpb24iOm51bGx9LCJ0ZndfdXNlX3Byb2ZpbGVfaW1hZ2Vfc2hhcGVfZW5hYmxlZCI6eyJidWNrZXQiOiJvbiIsInZlcnNpb24iOm51bGx9LCJ0ZndfdmlkZW9faGxzX2R5bmFtaWNfbWFuaWZlc3RzXzE1MDgyIjp7ImJ1Y2tldCI6InRydWVfYml0cmF0ZSIsInZlcnNpb24iOm51bGx9LCJ0ZndfbGVnYWN5X3RpbWVsaW5lX3N1bnNldCI6eyJidWNrZXQiOnRydWUsInZlcnNpb24iOm51bGx9LCJ0ZndfdHdlZXRfZWRpdF9mcm9udGVuZCI6eyJidWNrZXQiOiJvbiIsInZlcnNpb24iOm51bGx9fQ%3D%3D&amp;frame=false&amp;hideCard=false&amp;hideThread=false&amp;id=1852083177797374230&amp;lang=cs&amp;origin=https%3A%2F%2Frmx.news%2Farticle%2Fconstruction-on-polands-east-shield-bordering-russia-begins-majority-of-poles-back-the-move%2F&amp;sessionId=0cae074f47340f250dea427186a344b77a2a2afc&amp;theme=light&amp;widgetsVersion=2615f7e52b7e0%3A1702314776716&amp;width=550px\" frameborder=\"0\" scrolling=\"no\" allowfullscreen=\"allowfullscreen\" data-tweet-id=\"1852083177797374230\" data-mce-fragment=\"1\"><\/iframe><\/div>\n<\/div>\n<\/figure>\n<p>\u201eV\u00fdchodn\u00ed \u0161t\u00edt u\u017e nen\u00ed jen pl\u00e1n, p\u0159edpoklad, usnesen\u00ed Rady ministr\u016f, ale po testech, kter\u00e9 jsme provedli (\u2026) mohu s jistotou \u0159\u00edci: v\u00fdstavba V\u00fdchodn\u00edho \u0161t\u00edtu za\u010dne v nadch\u00e1zej\u00edc\u00edch dnech,\u201c \u0159ekl m\u00edstop\u0159edseda vl\u00e1dy a ministr n\u00e1rodn\u00ed obrany W\u0142adys\u0142aw Kosiniak-Kamysz 25. \u0159\u00edjna.<\/p>\n<p>Projekt m\u00e1 podporu v\u011bt\u0161iny Pol\u00e1k\u016f, pr\u016fzkum proveden\u00fd jm\u00e9nem Rzeczpospolita uk\u00e1zal, \u017ee 78,2 procenta respondent\u016f podporuje pos\u00edlen\u00ed hranice budov\u00e1n\u00edm opevn\u011bn\u00ed a posil. Asi 11,7 procenta uvedlo opak a 10,2 procenta nem\u011blo na toto t\u00e9ma \u017e\u00e1dn\u00fd n\u00e1zor.<\/p>\n<p>Polsk\u00e1 Rada ministr\u016f p\u0159ijala v \u010dervnu usnesen\u00ed o z\u0159\u00edzen\u00ed \u201eN\u00e1rodn\u00edho odstra\u0161ovac\u00edho a obrann\u00e9ho programu \u2013 V\u00fdchodn\u00ed \u0161t\u00edt\u201c a na jeho realizaci vy\u010dlenila 10 miliard PLN (2,3 miliardy EUR).<\/p>\n<p>\u201eVl\u00e1da m\u00e1 v \u00famyslu vytvo\u0159it komplexn\u00ed obrannou infrastrukturu na v\u00fdchodn\u00edm k\u0159\u00eddle NATO, aby \u010delila hrozb\u00e1m ze strany B\u011bloruska a Ruska. Za t\u00edmto \u00fa\u010delem byl z\u0159\u00edzen speci\u00e1ln\u00ed program v hodnot\u011b p\u0159ibli\u017en\u011b 10 miliard PLN, kter\u00fd bude realizov\u00e1n v letech 2024-2028,\u201c napsal v prohl\u00e1\u0161en\u00ed kancl\u00e9\u0159 p\u0159edsedy vl\u00e1dy.<\/p>\n<p><img decoding=\"async\" loading=\"lazy\" class=\"alignnone size-full wp-image-1185\" src=\"http:\/\/www.infokuryr.cz\/n\/wp-content\/uploads\/2021\/04\/kuryr-podpis.png\" alt=\"\" width=\"84\" height=\"24\" \/><\/p>\n<p>&nbsp;<\/p>\n<p>&nbsp;<\/p>\n","protected":false},"excerpt":{"rendered":"<p>V\u00edce ne\u017e 78 % respondent\u016f ned\u00e1vn\u00e9ho pr\u016fzkumu podpo\u0159ilo pos\u00edlen\u00ed hranice budov\u00e1n\u00edm opevn\u011bn\u00ed a posil Premi\u00e9r&#8230;<\/p>\n","protected":false},"author":2,"featured_media":65387,"comment_status":"closed","ping_status":"closed","sticky":false,"template":"","format":"standard","meta":[],"categories":[7],"tags":[1165,31,22,338],"_links":{"self":[{"href":"https:\/\/www.infokuryr.cz\/n\/wp-json\/wp\/v2\/posts\/65386"}],"collection":[{"href":"https:\/\/www.infokuryr.cz\/n\/wp-json\/wp\/v2\/posts"}],"about":[{"href":"https:\/\/www.infokuryr.cz\/n\/wp-json\/wp\/v2\/types\/post"}],"author":[{"embeddable":true,"href":"https:\/\/www.infokuryr.cz\/n\/wp-json\/wp\/v2\/users\/2"}],"replies":[{"embeddable":true,"href":"https:\/\/www.infokuryr.cz\/n\/wp-json\/wp\/v2\/comments?post=65386"}],"version-history":[{"count":1,"href":"https:\/\/www.infokuryr.cz\/n\/wp-json\/wp\/v2\/posts\/65386\/revisions"}],"predecessor-version":[{"id":65388,"href":"https:\/\/www.infokuryr.cz\/n\/wp-json\/wp\/v2\/posts\/65386\/revisions\/65388"}],"wp:featuredmedia":[{"embeddable":true,"href":"https:\/\/www.infokuryr.cz\/n\/wp-json\/wp\/v2\/media\/65387"}],"wp:attachment":[{"href":"https:\/\/www.infokuryr.cz\/n\/wp-json\/wp\/v2\/media?parent=65386"}],"wp:term":[{"taxonomy":"category","embeddable":true,"href":"https:\/\/www.infokuryr.cz\/n\/wp-json\/wp\/v2\/categories?post=65386"},{"taxonomy":"post_tag","embeddable":true,"href":"https:\/\/www.infokuryr.cz\/n\/wp-json\/wp\/v2\/tags?post=65386"}],"curies":[{"name":"wp","href":"https:\/\/api.w.org\/{rel}","templated":true}]}}