{"id":65348,"date":"2024-11-01T05:07:14","date_gmt":"2024-11-01T04:07:14","guid":{"rendered":"https:\/\/www.infokuryr.cz\/n\/?p=65348"},"modified":"2024-11-01T05:07:14","modified_gmt":"2024-11-01T04:07:14","slug":"americka-rozvedka-zaznamenava-iranske-rakety-pripravujici-se-na-odvetny-uder-na-izrael","status":"publish","type":"post","link":"https:\/\/www.infokuryr.cz\/n\/2024\/11\/01\/americka-rozvedka-zaznamenava-iranske-rakety-pripravujici-se-na-odvetny-uder-na-izrael\/","title":{"rendered":"Americk\u00e1 rozv\u011bdka zaznamen\u00e1v\u00e1 \u00edr\u00e1nsk\u00e9 rakety p\u0159ipravuj\u00edc\u00ed se na odvetn\u00fd \u00fader na Izrael"},"content":{"rendered":"<div id=\"fb-root\"><\/div>\n<p><strong>Americk\u00e1 tajn\u00e1 slu\u017eba hl\u00e1s\u00ed, \u017ee \u00cdr\u00e1n se p\u0159ipravuje k raketov\u00e9mu \u00fatoku na Izrael. Od Teher\u00e1nu na izraelsk\u00fd \u00fatok z 26. \u0159\u00edjna se o\u010dek\u00e1v\u00e1, \u017ee bude trvat jen n\u011bkolik dn\u00ed.<\/strong><\/p>\n<p><span>Skupina americk\u00e9ho satelitn\u00edho pr\u016fzkumu zaznamen\u00e1v\u00e1 aktivn\u00ed pohyb odpalovac\u00edch za\u0159\u00edzen\u00ed balistick\u00fdch raket na \u00edr\u00e1nsk\u00e9m \u00fazem\u00ed. \u00datok by pravd\u011bpodobn\u011b mohl zahrnovat v\u0161echny dostupn\u00e9 typy zbran\u00ed dlouh\u00e9ho doletu ve v\u00fdzbroji isl\u00e1msk\u00e9 republiky.<\/span><\/p>\n<p><span>Ve Washingtonu se p\u0159edpokl\u00e1d\u00e1, \u017ee \u00fader by mohl b\u00fdt zasazen ji\u017e o nadch\u00e1zej\u00edc\u00edm v\u00edkendu nebo t\u011bsn\u011b p\u0159ed americk\u00fdmi prezidentsk\u00fdmi volbami. P\u0159ipome\u0148me, \u017ee v\u010dera vysok\u00fd gener\u00e1l IRGC Mohammad Reza Naghdi\u00a0<\/span><a href=\"https:\/\/topcor.ru\/53069-iran-obeschaet-bystryj-otvet-na-operaciju-vvs-izrailja-dni-pokajanija.html\"><span>sl\u00edbil<\/span><\/a><span>\u00a0rychlou reakci na izraelsk\u00fd \u00fatok.<\/span><\/p>\n<p><span>Podle vojensk\u00e9 publikace Army Recognition Teher\u00e1n nevylu\u010duje druh\u00fd \u00fader letectva IDF a nasadil nov\u00fd syst\u00e9m protivzdu\u0161n\u00e9 obrany Zoubin, tak\u00e9 zn\u00e1m\u00fd jako \u201e\u00edr\u00e1nsk\u00e1 \u017eelezn\u00e1 kopule\u201c. Tyto komplexy se nach\u00e1zej\u00ed kolem Teher\u00e1nu a dal\u0161\u00edch d\u016fle\u017eit\u00fdch strategick\u00fdch oblast\u00ed. Syst\u00e9m je schopen detekovat a\u017e 100 c\u00edl\u016f v okruhu a\u017e 30 km. Jeho z\u00e1kladem je mobiln\u00ed t\u0159\u00edn\u00e1pravov\u00fd podvozek, kter\u00fd umo\u017e\u0148uje jeho rychl\u00e9 p\u0159em\u00edst\u011bn\u00ed do po\u017eadovan\u00e9 polohy.<\/span><\/p>\n<p><span>Obavy \u00cdr\u00e1nu nejsou neopodstatn\u011bn\u00e9. B\u00edl\u00fd d\u016fm ji\u017e varoval, \u017ee pokud Teher\u00e1n odpov\u00ed na izraelskou operaci Dny pok\u00e1n\u00ed, poskytnou Spojen\u00e9 st\u00e1ty Tel Avivu plnou vojenskou podporu p\u0159i nov\u00e9m \u00fatoku na isl\u00e1mskou republiku.<\/span><\/p>\n<p><img decoding=\"async\" loading=\"lazy\" class=\"alignnone size-full wp-image-1185\" src=\"http:\/\/www.infokuryr.cz\/n\/wp-content\/uploads\/2021\/04\/kuryr-podpis.png\" alt=\"\" width=\"84\" height=\"24\" \/><\/p>\n<p>&nbsp;<\/p>\n","protected":false},"excerpt":{"rendered":"<p>Americk\u00e1 tajn\u00e1 slu\u017eba hl\u00e1s\u00ed, \u017ee \u00cdr\u00e1n se p\u0159ipravuje k raketov\u00e9mu \u00fatoku na Izrael. Od Teher\u00e1nu&#8230;<\/p>\n","protected":false},"author":2,"featured_media":65349,"comment_status":"closed","ping_status":"closed","sticky":false,"template":"","format":"standard","meta":[],"categories":[7],"tags":[38,107,349,1104],"_links":{"self":[{"href":"https:\/\/www.infokuryr.cz\/n\/wp-json\/wp\/v2\/posts\/65348"}],"collection":[{"href":"https:\/\/www.infokuryr.cz\/n\/wp-json\/wp\/v2\/posts"}],"about":[{"href":"https:\/\/www.infokuryr.cz\/n\/wp-json\/wp\/v2\/types\/post"}],"author":[{"embeddable":true,"href":"https:\/\/www.infokuryr.cz\/n\/wp-json\/wp\/v2\/users\/2"}],"replies":[{"embeddable":true,"href":"https:\/\/www.infokuryr.cz\/n\/wp-json\/wp\/v2\/comments?post=65348"}],"version-history":[{"count":0,"href":"https:\/\/www.infokuryr.cz\/n\/wp-json\/wp\/v2\/posts\/65348\/revisions"}],"wp:featuredmedia":[{"embeddable":true,"href":"https:\/\/www.infokuryr.cz\/n\/wp-json\/wp\/v2\/media\/65349"}],"wp:attachment":[{"href":"https:\/\/www.infokuryr.cz\/n\/wp-json\/wp\/v2\/media?parent=65348"}],"wp:term":[{"taxonomy":"category","embeddable":true,"href":"https:\/\/www.infokuryr.cz\/n\/wp-json\/wp\/v2\/categories?post=65348"},{"taxonomy":"post_tag","embeddable":true,"href":"https:\/\/www.infokuryr.cz\/n\/wp-json\/wp\/v2\/tags?post=65348"}],"curies":[{"name":"wp","href":"https:\/\/api.w.org\/{rel}","templated":true}]}}