{"id":65322,"date":"2024-11-01T00:49:16","date_gmt":"2024-10-31T23:49:16","guid":{"rendered":"https:\/\/www.infokuryr.cz\/n\/?p=65322"},"modified":"2024-10-31T18:59:37","modified_gmt":"2024-10-31T17:59:37","slug":"nemecko-zavre-iranske-konzulaty","status":"publish","type":"post","link":"https:\/\/www.infokuryr.cz\/n\/2024\/11\/01\/nemecko-zavre-iranske-konzulaty\/","title":{"rendered":"N\u011bmecko zav\u0159e \u00edr\u00e1nsk\u00e9 konzul\u00e1ty"},"content":{"rendered":"<div id=\"fb-root\"><\/div>\n<p><span style=\"font-size: 18pt;\"><strong>Berl\u00edn sl\u00edbil, \u017ee p\u0159inut\u00ed Teher\u00e1n zaplatit za popravu n\u011bmecko-\u00edr\u00e1nsk\u00e9ho podez\u0159el\u00e9ho z terorismu<\/strong><\/span><\/p>\n<p>N\u011bmecko uzav\u0159e v\u0161echny t\u0159i \u00edr\u00e1nsk\u00e9 konzul\u00e1ty na sv\u00e9m \u00fazem\u00ed v reakci na popravu n\u011bmecko-\u00edr\u00e1nsk\u00e9ho dvoj\u00edho ob\u010dana za teroristick\u00e9 trestn\u00e9 \u010diny v Teher\u00e1nu, ozn\u00e1mila ve \u010dtvrtek ministryn\u011b zahrani\u010d\u00ed Annalena Baerbockov\u00e1.<\/p>\n<p><em>&#8222;Opakovan\u011b a jednozna\u010dn\u011b jsme dali Teher\u00e1nu jasn\u011b najevo, \u017ee poprava n\u011bmeck\u00e9ho ob\u010dana bude m\u00edt v\u00e1\u017en\u00e9 d\u016fsledky,&#8220;<\/em> \u0159ekl Baerbock v televizn\u00edm projevu. Krom\u011b uzav\u0159en\u00ed konzul\u00e1t\u016f ve Frankfurtu, Mnichov\u011b a Hamburku \u0159ekla\u00a0 Baerbockov\u00e1 a d\u00e1le , \u017ee N\u011bmecko bude usilovat o sankce EU proti osob\u00e1m zapojen\u00fdm do popravy D\u017eam\u0161\u00edda Sharmahda.<\/p>\n<p>Sharmahd byl v pond\u011bl\u00ed popraven za\u00a0<em>\u201epl\u00e1nov\u00e1n\u00ed a organizov\u00e1n\u00ed s\u00e9rie teroristick\u00fdch \u010din\u016f\u201c,<\/em>\u00a0uvedla \u00edr\u00e1nsk\u00e1 st\u00e1tn\u00ed m\u00e9dia. Sharmahd, ob\u010dan \u00cdr\u00e1nu i N\u011bmecka, \u017eil od roku 2003 v USA, kde vedl skupinu \u00edr\u00e1nsk\u00fdch exulant\u016f oddan\u00fdch svr\u017een\u00ed vl\u00e1dnouc\u00edch duchovn\u00edch v zemi a obnoven\u00ed monarchie podporovan\u00e9 Spojen\u00fdmi st\u00e1ty, kter\u00e1 zemi \u0159\u00eddila p\u0159ed isl\u00e1mskou revoluc\u00ed v roce 1979.<\/p>\n<p>Sharmahd byl zat\u010den \u00edr\u00e1nsk\u00fdmi bezpe\u010dnostn\u00edmi silami ve Spojen\u00fdch arabsk\u00fdch emir\u00e1tech v roce 2020. Byl p\u0159evezen do \u00cdr\u00e1nu a obvin\u011bn z organizov\u00e1n\u00ed n\u011bkolika teroristick\u00fdch \u010din\u016f, v\u010detn\u011b bombov\u00e9ho \u00fatoku na me\u0161itu v ji\u017en\u00edm m\u011bst\u011b Shiraz v roce 2008, p\u0159i kter\u00e9m bylo zabito 14 lid\u00ed a 200 zran\u011bno. byl loni uzn\u00e1n vinn\u00fdm a odsouzen k smrti.<\/p>\n<p>Za\u010d\u00e1tkem tohoto t\u00fddne Baerbock obvinil \u00edr\u00e1nskou vl\u00e1du z\u00a0<em>\u201epou\u017eit\u00ed smrti jako zbran\u011b\u201c<\/em>\u00a0a varoval, \u017ee Sharmahdova\u00a0<em>\u201evra\u017eda\u201c<\/em>\u00a0bude m\u00edt pro Teher\u00e1n stra\u0161liv\u00e9 n\u00e1sledky.<\/p>\n<p><em>&#8222;Dost toho plynov\u00e9ho osv\u011btlen\u00ed,&#8220;\u00a0<\/em><a href=\"https:\/\/x.com\/araghchi\/status\/1851230617561682146\" target=\"_blank\" rel=\"noopener noreferrer\">odpov\u011bd\u011bl<\/a>\u00a0\u00edr\u00e1nsk\u00fd ministr zahrani\u010d\u00ed Abbas Araghchi\u00a0.\u00a0<em>\u201eJamshid Sharmahd otev\u0159en\u011b a bez ostychu vedl teroristick\u00fd \u00fatok na me\u0161itu, kter\u00fd zabil 14 nevinn\u00fdch lid\u00ed. N\u011bmeck\u00fd pas nezaru\u010duje beztrestnost nikomu, nato\u017e teroristick\u00e9mu zlo\u010dinci.<\/em><\/p>\n<p>\u0160\u00e9f zahrani\u010dn\u00ed politiky EU Josep Borrell tento t\u00fdden \u0159ekl, \u017ee blok odsoudil Sharmahdovo\u00a0<em>\u201ezab\u00edjen\u00ed co nejd\u016frazn\u011bji\u201c<\/em>\u00a0a tak\u00e9\u00a0<em>\u201ezva\u017euje opat\u0159en\u00ed v reakci\u201c.<\/em><\/p>\n<p><em>\u201eCo takhle \u201aopat\u0159en\u00ed EU\u2018 k ukon\u010den\u00ed zab\u00edjen\u00ed v\u00edce ne\u017e 50 tis\u00edc Palestinc\u016f v Gaze?<\/em>\u00a0Araghchi\u00a0<a href=\"https:\/\/x.com\/araghchi\/status\/1851258726789116226\" target=\"_blank\" rel=\"noopener noreferrer\">odpov\u011bd\u011bl<\/a>\u00a0Borrellovi.\u00a0<em>\u201eCo takhle \u201aopat\u0159en\u00ed EU\u2018 na podporu rodin t\u011bch, kter\u00e9 zabil Jamshid Sharmahd? Pokud ne, Evropa jen zastupuje pokrytectv\u00ed.\u201c<\/em><\/p>\n<p><img decoding=\"async\" loading=\"lazy\" class=\"alignnone size-full wp-image-1185\" src=\"http:\/\/www.infokuryr.cz\/n\/wp-content\/uploads\/2021\/04\/kuryr-podpis.png\" alt=\"\" width=\"84\" height=\"24\" \/><\/p>\n<p>&nbsp;<\/p>\n","protected":false},"excerpt":{"rendered":"<p>Berl\u00edn sl\u00edbil, \u017ee p\u0159inut\u00ed Teher\u00e1n zaplatit za popravu n\u011bmecko-\u00edr\u00e1nsk\u00e9ho podez\u0159el\u00e9ho z terorismu N\u011bmecko uzav\u0159e v\u0161echny&#8230;<\/p>\n","protected":false},"author":2,"featured_media":65323,"comment_status":"closed","ping_status":"closed","sticky":false,"template":"","format":"standard","meta":[],"categories":[7],"tags":[38,7172,84],"_links":{"self":[{"href":"https:\/\/www.infokuryr.cz\/n\/wp-json\/wp\/v2\/posts\/65322"}],"collection":[{"href":"https:\/\/www.infokuryr.cz\/n\/wp-json\/wp\/v2\/posts"}],"about":[{"href":"https:\/\/www.infokuryr.cz\/n\/wp-json\/wp\/v2\/types\/post"}],"author":[{"embeddable":true,"href":"https:\/\/www.infokuryr.cz\/n\/wp-json\/wp\/v2\/users\/2"}],"replies":[{"embeddable":true,"href":"https:\/\/www.infokuryr.cz\/n\/wp-json\/wp\/v2\/comments?post=65322"}],"version-history":[{"count":1,"href":"https:\/\/www.infokuryr.cz\/n\/wp-json\/wp\/v2\/posts\/65322\/revisions"}],"predecessor-version":[{"id":65324,"href":"https:\/\/www.infokuryr.cz\/n\/wp-json\/wp\/v2\/posts\/65322\/revisions\/65324"}],"wp:featuredmedia":[{"embeddable":true,"href":"https:\/\/www.infokuryr.cz\/n\/wp-json\/wp\/v2\/media\/65323"}],"wp:attachment":[{"href":"https:\/\/www.infokuryr.cz\/n\/wp-json\/wp\/v2\/media?parent=65322"}],"wp:term":[{"taxonomy":"category","embeddable":true,"href":"https:\/\/www.infokuryr.cz\/n\/wp-json\/wp\/v2\/categories?post=65322"},{"taxonomy":"post_tag","embeddable":true,"href":"https:\/\/www.infokuryr.cz\/n\/wp-json\/wp\/v2\/tags?post=65322"}],"curies":[{"name":"wp","href":"https:\/\/api.w.org\/{rel}","templated":true}]}}