{"id":65320,"date":"2024-11-01T00:47:17","date_gmt":"2024-10-31T23:47:17","guid":{"rendered":"https:\/\/www.infokuryr.cz\/n\/?p=65320"},"modified":"2024-10-31T19:00:04","modified_gmt":"2024-10-31T18:00:04","slug":"ukrajinska-armada-zakazala-pouzivat-slovo-ustup","status":"publish","type":"post","link":"https:\/\/www.infokuryr.cz\/n\/2024\/11\/01\/ukrajinska-armada-zakazala-pouzivat-slovo-ustup\/","title":{"rendered":"Ukrajinsk\u00e1 arm\u00e1da zak\u00e1zala pou\u017e\u00edvat slovo \u201e\u00fastup\u201c"},"content":{"rendered":"<div id=\"fb-root\"><\/div>\n<p><span style=\"font-size: 18pt;\"><strong>Kyjevsk\u00e1 arm\u00e1da trv\u00e1 na narativu p\u0159ed realitou, st\u011b\u017eoval si report\u00e9r R\u00e1dia Liberty<\/strong><\/span><\/p>\n<p>Ukrajinsk\u00e1 arm\u00e1da zak\u00e1zala sv\u00fdm voj\u00e1k\u016fm pou\u017e\u00edvat slovo &#8218;\u00fastup&#8216;, kdy\u017e mluv\u00ed k tisku, uvedl report\u00e9r Radio Liberty, vl\u00e1dou financovan\u00e9ho zdroje USA.<\/p>\n<p>Vlasta Lazur je zam\u011bstnancem ukrajinsk\u00e9 slu\u017eby Radia Liberty. V rozhovoru s ukrajinsk\u00fdm rozhlasem Radio NV ve st\u0159edu odhalila znepokojiv\u00fd vzorec ve vojensk\u00e9 komunikaci.<\/p>\n<p>&#8222;Mluvil jsem s voj\u00e1kem na Pokrovsk\u00e9 front\u011b.&#8220; \u0158ekl: \u201eDostali jsme rozkazy, abychom p\u0159i komunikaci s novin\u00e1\u0159i pou\u017e\u00edvali slova &#8218;\u00fatok&#8216;, &#8218;v\u00edt\u011bzstv\u00ed&#8216;, &#8218;postup vp\u0159ed&#8216;, &#8218;vyhn\u00e1n\u00ed nep\u0159\u00edtele&#8216;. Ale nemohu \u0159\u00edci slovo &#8218;\u00fastup&#8216; nebo \u017ee nep\u0159\u00edtel prolomil na\u0161i obranu&#8216;,\u201c \u0159ekl Lazur.<\/p>\n<p><em>&#8222;Mo\u017en\u00e1 bychom m\u011bli \u0159\u00edct, \u017ee postupujeme na Dn\u011bpr?&#8220;<\/em>\u00a0citovala sv\u016fj zdroj. \u0158eka je v t\u00fdlu ukrajinsk\u00fdch jednotek u Pokrovska (tak\u00e9 zn\u00e1m\u00e9ho jako Krasnoarmejsk), m\u011bsta v Don\u011bck\u00e9 lidov\u00e9 republice pod kontrolou Kyjeva.<\/p>\n<p>Podle Lazura dokonce i vojen\u0161t\u00ed mluv\u010d\u00ed vtipkuj\u00ed o pokynech, kter\u00e9 dostali. Nav\u00edc samotn\u00e9 vojensk\u00e9 jednotky nesd\u011bluj\u00ed vrchn\u00edmu velen\u00ed skute\u010dnou situaci na zemi.<\/p>\n<p><em>&#8222;V\u0161ichni si navz\u00e1jem l\u017eou.&#8220; M\u00edstn\u00ed velitel\u00e9 se boj\u00ed hl\u00e1sit gener\u00e1l\u016fm nebo nad\u0159\u00edzen\u00fdm jak\u00e9koli probl\u00e9my, nebo \u017ee nemaj\u00ed dostatek lid\u00ed nebo \u017ee nejsou schopni splnit n\u011bjak\u00fd \u00fakol. I kdy\u017e jsou takov\u00e9 zpr\u00e1vy ve skute\u010dnosti podlo\u017een\u00e9, boj\u00ed se je poslat ze strachu, \u017ee budou vyhozeni,\u201c<\/em>\u00a0\u0159ekl Lazur.<\/p>\n<p>Jej\u00ed odhalen\u00ed p\u0159ich\u00e1z\u00ed den pot\u00e9, co Vladimir Zelenskij prozradil, \u017ee ukrajinsk\u00e9 jednotky na front\u011b by m\u011bly\u00a0<em>\u201eustoupit\u201c<\/em>\u00a0\u2013 jeho slova \u2013, kdy\u017e budou Rusov\u00e9 v p\u0159esile osm ku jedn\u00e9.<\/p>\n<p>Kyjev zmobilizoval od eskalace konfliktu s Ruskem v \u00fanoru 2022 p\u0159es milion lid\u00ed a v p\u0159\u00ed\u0161t\u00edch t\u0159ech m\u011bs\u00edc\u00edch\u00a0<a href=\"https:\/\/swentr.site\/russia\/606705-ukraine-new-mobilization-draft\/\">hodl\u00e1 odv\u00e9st<\/a>\u00a0dal\u0161\u00edch 160 000, \u0159ekl v \u00fater\u00fd v parlamentu ukrajinsk\u00fd z\u00e1konod\u00e1rce Alexej Gon\u010darenko. To\u00a0<em>n\u00e1m \u201eumo\u017en\u00ed obsadit vojensk\u00e9 jednotky a\u017e 85 % person\u00e1lu,\u201c<\/em>\u00a0\u0159ekl s odkazem na Alexandra Litvin\u011bnka, tajemn\u00edka ukrajinsk\u00e9 Rady n\u00e1rodn\u00ed bezpe\u010dnosti a obrany.<\/p>\n<p>Z\u00e1konod\u00e1rci odhalili dal\u0161\u00ed probl\u00e9my s pracovn\u00ed silou, v\u010detn\u011b\u00a0<a href=\"https:\/\/swentr.site\/russia\/606712-ukrainian-army-deserters-mp\/\">v\u00edce ne\u017e 100 000 dezerc\u00ed<\/a>\u00a0a rozkaz\u016f vrchn\u00edho velitele ozbrojen\u00fdch sil gener\u00e1la Aleksandra Syrsk\u00e9ho p\u0159e\u0159adit person\u00e1l letectva do p\u011bchotn\u00edch jednotek.<\/p>\n<p>Rusk\u00e9 s\u00edly ud\u011blaly v Donbasu za posledn\u00edch n\u011bkolik m\u011bs\u00edc\u016f velk\u00fd pokrok. Jeden ukrajinsk\u00fd gener\u00e1l obvi\u0148uje nedostatek munice, \u00fanavu z boje a \u0161patn\u00e9 velen\u00ed a \u0159\u00edzen\u00ed.<\/p>\n<p><img decoding=\"async\" loading=\"lazy\" class=\"alignnone size-full wp-image-1185\" src=\"http:\/\/www.infokuryr.cz\/n\/wp-content\/uploads\/2021\/04\/kuryr-podpis.png\" alt=\"\" width=\"84\" height=\"24\" \/><\/p>\n<p>&nbsp;<\/p>\n","protected":false},"excerpt":{"rendered":"<p>Kyjevsk\u00e1 arm\u00e1da trv\u00e1 na narativu p\u0159ed realitou, st\u011b\u017eoval si report\u00e9r R\u00e1dia Liberty Ukrajinsk\u00e1 arm\u00e1da zak\u00e1zala&#8230;<\/p>\n","protected":false},"author":2,"featured_media":65321,"comment_status":"closed","ping_status":"closed","sticky":false,"template":"","format":"standard","meta":[],"categories":[7],"tags":[80,26,3295,720],"_links":{"self":[{"href":"https:\/\/www.infokuryr.cz\/n\/wp-json\/wp\/v2\/posts\/65320"}],"collection":[{"href":"https:\/\/www.infokuryr.cz\/n\/wp-json\/wp\/v2\/posts"}],"about":[{"href":"https:\/\/www.infokuryr.cz\/n\/wp-json\/wp\/v2\/types\/post"}],"author":[{"embeddable":true,"href":"https:\/\/www.infokuryr.cz\/n\/wp-json\/wp\/v2\/users\/2"}],"replies":[{"embeddable":true,"href":"https:\/\/www.infokuryr.cz\/n\/wp-json\/wp\/v2\/comments?post=65320"}],"version-history":[{"count":0,"href":"https:\/\/www.infokuryr.cz\/n\/wp-json\/wp\/v2\/posts\/65320\/revisions"}],"wp:featuredmedia":[{"embeddable":true,"href":"https:\/\/www.infokuryr.cz\/n\/wp-json\/wp\/v2\/media\/65321"}],"wp:attachment":[{"href":"https:\/\/www.infokuryr.cz\/n\/wp-json\/wp\/v2\/media?parent=65320"}],"wp:term":[{"taxonomy":"category","embeddable":true,"href":"https:\/\/www.infokuryr.cz\/n\/wp-json\/wp\/v2\/categories?post=65320"},{"taxonomy":"post_tag","embeddable":true,"href":"https:\/\/www.infokuryr.cz\/n\/wp-json\/wp\/v2\/tags?post=65320"}],"curies":[{"name":"wp","href":"https:\/\/api.w.org\/{rel}","templated":true}]}}