{"id":65295,"date":"2024-11-01T00:44:14","date_gmt":"2024-10-31T23:44:14","guid":{"rendered":"https:\/\/www.infokuryr.cz\/n\/?p=65295"},"modified":"2024-10-31T13:15:23","modified_gmt":"2024-10-31T12:15:23","slug":"izraelske-utoky-na-udajne-sklady-paliva-hizballahu-zabily-30-lidi","status":"publish","type":"post","link":"https:\/\/www.infokuryr.cz\/n\/2024\/11\/01\/izraelske-utoky-na-udajne-sklady-paliva-hizballahu-zabily-30-lidi\/","title":{"rendered":"Izraelsk\u00e9 \u00fatoky na \u00fadajn\u00e9 sklady paliva Hizball\u00e1hu zabily 30 lid\u00ed"},"content":{"rendered":"<div id=\"fb-root\"><\/div>\n<p><strong><span>Nejm\u00e9n\u011b 30 lid\u00ed bylo zabito 31. \u0159\u00edjna p\u0159i s\u00e9rii n\u00e1siln\u00fdch izraelsk\u00fdch \u00fatok\u016f zam\u011b\u0159en\u00fdch na libanonsk\u00fd region Baalbek.<\/span><\/strong><\/p>\n<p><span>Baalbek se nach\u00e1z\u00ed v \u00fadol\u00ed Bekaa, v bl\u00edzkosti hranic se S\u00fdri\u00ed. O hust\u011b os\u00eddlen\u00e9m regionu je zn\u00e1mo, \u017ee je ba\u0161tou Hizball\u00e1hu.<\/span><\/p>\n<p><span>P\u0159ed \u00fadery vydaly izraelsk\u00e9 obrann\u00e9 s\u00edly (IDF) p\u0159\u00edkazy k evakuaci cel\u00e9ho m\u011bsta Baalbek a sousedn\u00edch m\u011bst Ain Bourday a Douris a varovaly, \u017ee \u201ebudou jednat d\u016frazn\u011b proti z\u00e1jm\u016fm Hizball\u00e1hu\u201c. B\u011bhem n\u011bkolika hodin z regionu uprchly des\u00edtky tis\u00edc lid\u00ed.<\/span><\/p>\n<p><span>St\u00e1tn\u00ed agentura National News Agency (NNA) uvedla, \u017ee byly zasa\u017eeny oblasti Ras al-Ain Hills, Amshki, al-Asira, al-Kayyal Road a severn\u00ed a ji\u017en\u00ed vstupy do Baalbeku. \u00datoky se zam\u011b\u0159ily tak\u00e9 na Ain Bourday a Douris, v\u010detn\u011b palivov\u00fdch n\u00e1dr\u017e\u00ed v jejich bl\u00edzkosti, uvedla.<\/span><\/p>\n<p><iframe loading=\"lazy\" src=\"https:\/\/s5.cdnstatic.space\/wp-content\/uploads\/2024\/10\/twitsave.com_BmbHM16JW5RhvAwk.mp4\" width=\"600\" height=\"338\" data-mce-fragment=\"1\"><\/iframe><\/p>\n<p><span>Pozd\u011bji libanonsk\u00e9 ministerstvo zdravotnictv\u00ed uvedlo, \u017ee 11 lid\u00ed, v\u010detn\u011b t\u0159\u00ed \u017een, bylo zabito p\u0159i st\u00e1vce na farm\u011b Salibi v Baalbeku. Osm dal\u0161\u00edch, v\u010detn\u011b p\u011bti \u017een, bylo zabito p\u0159i dal\u0161\u00edm \u00faderu v Bednayel, dodal.<\/span><\/p>\n<p><span>Ministerstvo samostatn\u011b uvedlo, \u017ee dal\u0161\u00edch 11 lid\u00ed bylo zabito p\u0159i izraelsk\u00fdch n\u00e1letech ve m\u011bst\u011b Sohmor v ji\u017en\u00edm \u00fadol\u00ed Bekaa.<\/span><\/p>\n<p><span>Po \u00fatoc\u00edch IDF v prohl\u00e1\u0161en\u00ed uvedly, \u017ee provedly \u201e\u00fadery zalo\u017een\u00e9 na zpravodajsk\u00fdch informac\u00edch na sklady paliva um\u00edst\u011bn\u00e9 uvnit\u0159 vojensk\u00fdch are\u00e1l\u016f pat\u0159\u00edc\u00edch Logistick\u00e9 posilov\u00e9 jednotce Hizball\u00e1hu 4400 v \u00fadol\u00ed Bekaa\u201c. Jednotka byla zodpov\u011bdn\u00e1 za p\u0159evoz zbran\u00ed z \u00cdr\u00e1nu, dodala.<\/span><\/p>\n<p><span>Pozd\u011bj\u0161\u00ed prohl\u00e1\u0161en\u00ed IDF uvedlo, \u017ee izraelsk\u00e1 v\u00e1le\u010dn\u00e1 letadla \u201ezas\u00e1hla velitelsk\u00e1 a \u0159\u00eddic\u00ed centra a teroristickou infrastrukturu\u201c v Baalbeku.<\/span><\/p>\n<p><iframe loading=\"lazy\" src=\"https:\/\/s5.cdnstatic.space\/wp-content\/uploads\/2024\/10\/twitsave.com_3tviQG5fPsZj-88w.mp4\" width=\"600\" height=\"338\" data-mce-fragment=\"1\"><\/iframe><\/p>\n<p><span>St\u0159ety na libanonsko-izraelsk\u00e9 hranici poprv\u00e9 vypukly po za\u010d\u00e1tku v\u00e1lky v p\u00e1smu Gazy, kdy Hizball\u00e1h zah\u00e1jil \u00fatoky na podporu palestinsk\u00e9 enkl\u00e1vy. Izrael eskaloval sv\u00e9 \u00fatoky na Libanon po\u010d\u00ednaje 17. z\u00e1\u0159\u00edm a 27. z\u00e1\u0159\u00ed zavra\u017edil gener\u00e1ln\u00edho tajemn\u00edka Hizball\u00e1hu Hasana Nassrall\u00e1ha.<\/span><\/p>\n<p><span>IDF ofici\u00e1ln\u011b ozn\u00e1mila zah\u00e1jen\u00ed omezen\u00e9 pozemn\u00ed operace proti Hizball\u00e1hu v ji\u017en\u00edm Libanonu 30. z\u00e1\u0159\u00ed.<\/span><\/p>\n<p><span>Smrteln\u00e9 \u00fadery na Baalbek ukazuj\u00ed, jak IDF pracuje na dal\u0161\u00edm roz\u0161\u00ed\u0159en\u00ed sv\u00fdch operac\u00ed v Libanonu. Dosud si izraelsk\u00e9 \u00fadery na zemi vy\u017e\u00e1daly \u017eivoty v\u00edce ne\u017e 2800 lid\u00ed a dal\u0161\u00edch v\u00edce ne\u017e 12 000 bylo zran\u011bno. Mnoho ob\u011bt\u00ed byly \u017eeny a d\u011bti.<\/span><\/p>\n<p><img decoding=\"async\" loading=\"lazy\" class=\"alignnone size-full wp-image-1185\" src=\"http:\/\/www.infokuryr.cz\/n\/wp-content\/uploads\/2021\/04\/kuryr-podpis.png\" alt=\"\" width=\"84\" height=\"24\" \/><\/p>\n<p>&nbsp;<\/p>\n","protected":false},"excerpt":{"rendered":"<p>Nejm\u00e9n\u011b 30 lid\u00ed bylo zabito 31. \u0159\u00edjna p\u0159i s\u00e9rii n\u00e1siln\u00fdch izraelsk\u00fdch \u00fatok\u016f zam\u011b\u0159en\u00fdch na libanonsk\u00fd&#8230;<\/p>\n","protected":false},"author":2,"featured_media":65296,"comment_status":"closed","ping_status":"closed","sticky":false,"template":"","format":"standard","meta":[],"categories":[7],"tags":[107,871,723,5135],"_links":{"self":[{"href":"https:\/\/www.infokuryr.cz\/n\/wp-json\/wp\/v2\/posts\/65295"}],"collection":[{"href":"https:\/\/www.infokuryr.cz\/n\/wp-json\/wp\/v2\/posts"}],"about":[{"href":"https:\/\/www.infokuryr.cz\/n\/wp-json\/wp\/v2\/types\/post"}],"author":[{"embeddable":true,"href":"https:\/\/www.infokuryr.cz\/n\/wp-json\/wp\/v2\/users\/2"}],"replies":[{"embeddable":true,"href":"https:\/\/www.infokuryr.cz\/n\/wp-json\/wp\/v2\/comments?post=65295"}],"version-history":[{"count":1,"href":"https:\/\/www.infokuryr.cz\/n\/wp-json\/wp\/v2\/posts\/65295\/revisions"}],"predecessor-version":[{"id":65297,"href":"https:\/\/www.infokuryr.cz\/n\/wp-json\/wp\/v2\/posts\/65295\/revisions\/65297"}],"wp:featuredmedia":[{"embeddable":true,"href":"https:\/\/www.infokuryr.cz\/n\/wp-json\/wp\/v2\/media\/65296"}],"wp:attachment":[{"href":"https:\/\/www.infokuryr.cz\/n\/wp-json\/wp\/v2\/media?parent=65295"}],"wp:term":[{"taxonomy":"category","embeddable":true,"href":"https:\/\/www.infokuryr.cz\/n\/wp-json\/wp\/v2\/categories?post=65295"},{"taxonomy":"post_tag","embeddable":true,"href":"https:\/\/www.infokuryr.cz\/n\/wp-json\/wp\/v2\/tags?post=65295"}],"curies":[{"name":"wp","href":"https:\/\/api.w.org\/{rel}","templated":true}]}}