{"id":65293,"date":"2024-11-01T00:43:52","date_gmt":"2024-10-31T23:43:52","guid":{"rendered":"https:\/\/www.infokuryr.cz\/n\/?p=65293"},"modified":"2024-10-31T13:12:04","modified_gmt":"2024-10-31T12:12:04","slug":"musime-zaujmout-stanovisko-vedouci-skoly-ve-vidni-varuje-pred-rostouci-islamizaci","status":"publish","type":"post","link":"https:\/\/www.infokuryr.cz\/n\/2024\/11\/01\/musime-zaujmout-stanovisko-vedouci-skoly-ve-vidni-varuje-pred-rostouci-islamizaci\/","title":{"rendered":"&#8222;Mus\u00edme zaujmout stanovisko!&#8220; \u2013 Vedouc\u00ed \u0161koly ve V\u00eddni varuje p\u0159ed rostouc\u00ed islamizac\u00ed"},"content":{"rendered":"<div id=\"fb-root\"><\/div>\n<h2 class=\"s-tagline fw-tagline\"><span>\u0158editel \u0161koly ve V\u00eddni \u0159\u00edk\u00e1, \u017ee se stav\u00ed proti \u201erychl\u00e9 islamizaci\u201c rakousk\u00e9ho vzd\u011bl\u00e1vac\u00edho syst\u00e9mu, a to navzdory pokus\u016fm vykreslit jej jako pravicov\u00e9ho extremistu<\/span><\/h2>\n<div class=\"e-ct-outer\">\n<div class=\"entry-content rbct clearfix is-highlight-shares\">\n<p><span>Dlouholet\u00fd \u0159editel a pedagog ve V\u00eddni vydal ostr\u00e9 varov\u00e1n\u00ed p\u0159ed t\u00edm, co popisuje jako \u201erychlou islamizaci\u201c rakousk\u00fdch \u0161kol spolu s rostouc\u00edm n\u00e1sil\u00edm a antisemitsk\u00fdmi incidenty.<\/span><\/p>\n<p><span>V ned\u00e1vn\u00e9m rozhovoru pro k\u0159es\u0165ansk\u00fd \u010dasopis\u00a0<\/span><a href=\"https:\/\/www.corrigenda.online\/politik\/christian-klar-die-nicht-muslimischen-kinder-integrieren-sich-die-muslimische-kultur\"><span>Corrigenda<\/span><\/a><span>\u00a0Christian Klar podrobn\u011b popsal sv\u00e9 post\u0159ehy z t\u00e9m\u011b\u0159 40 let ve vzd\u011bl\u00e1v\u00e1n\u00ed, kter\u00e9 tak\u00e9 zaznamenal ve sv\u00e9 knize\u00a0<\/span><em><span>Co se d\u011bje v na\u0161ich \u0161kol\u00e1ch? \u0160koln\u00ed zpr\u00e1va<\/span><\/em><span>\u00a0.<\/span><\/p>\n<p><span>Klar vyzval k nal\u00e9hav\u00e9 akci a prohl\u00e1sil: \u201eIsl\u00e1m m\u011bn\u00ed na\u0161i spole\u010dnost zp\u016fsoby, kter\u00e9 nechceme.<\/span><\/p>\n<p><span>Od hrozeb student\u016f kv\u016fli n\u00e1bo\u017eensk\u00e9mu p\u0159esv\u011bd\u010den\u00ed a\u017e po rostouc\u00ed antisemitsk\u00e9 chov\u00e1n\u00ed Klar tvrdila, \u017ee probl\u00e9my ve \u0161kol\u00e1ch zd\u016fraz\u0148uj\u00ed \u0161ir\u0161\u00ed kulturn\u00ed propast. Ve sv\u00e9 \u0161kole ve v\u00edde\u0148sk\u00e9 \u010dtvrti Floridsdorf Klar poznamenal, \u017ee \u201e60 procent student\u016f jsou muslimov\u00e9 a 90 procent poch\u00e1z\u00ed z prost\u0159ed\u00ed migrant\u016f\u201c, co\u017e podle n\u011bj p\u0159isp\u011blo ke zv\u00fd\u0161en\u00e9mu tlaku na nemuslimsk\u00e9 studenty.<\/span><\/p>\n<p><span>V jednom p\u0159\u00edpad\u011b student \u00fadajn\u011b \u010delil v\u00fdhr\u016f\u017ek\u00e1m od spolu\u017e\u00e1k\u016f pot\u00e9, co \u00fadajn\u011b urazil proroka Mohameda. Mezi dal\u0161\u00ed incidenty pat\u0159ilo zni\u010den\u00ed krucifixu a popliv\u00e1n\u00ed Bible.<\/span><\/p>\n<p><span>\u201eIsl\u00e1msk\u00e1 kultura m\u00e1 \u00fapln\u011b jin\u00e9 z\u00e1kladn\u00ed hodnoty ne\u017e my. V\u011b\u0159\u00edm, \u017ee na\u0161e z\u00e1kladn\u00ed hodnoty, na\u0161e otev\u0159en\u00e1, liber\u00e1ln\u00ed spole\u010dnost, jsou t\u00edm spr\u00e1vn\u00fdm a nejlep\u0161\u00edm zp\u016fsobem \u017eivota. To je jin\u00e1 forma \u017eivota, ne\u017e ta, kter\u00e1 je n\u00e1m p\u0159inesena. T\u00fdk\u00e1 se to nap\u0159\u00edklad rovnosti mu\u017e\u016f a \u017een, \u0159e\u0161en\u00ed n\u00e1sil\u00ed nebo obrany rodinn\u00e9 cti. Mysl\u00edm, \u017ee proti tomu mus\u00edme zaujmout masivn\u00ed postoj,\u201c \u0159ekl Klar publikaci.<\/span><\/p>\n<p><span>K \u0159e\u0161en\u00ed t\u011bchto probl\u00e9m\u016f Klar doporu\u010duje p\u0159\u00edsn\u011bj\u0161\u00ed kontroly a jasn\u011b definovan\u00e9 hranice ve \u0161kol\u00e1ch. Navrhuje, \u017ee \u201eomezen\u00ed n\u00e1bo\u017eensk\u00e9 svobody\u201c m\u016f\u017ee b\u00fdt nezbytn\u00e9 a vysv\u011btluje, \u017ee studenti a u\u010ditel\u00e9 by m\u011bli m\u00edt pr\u00e1vo praktikovat sv\u00e9 vlastn\u00ed p\u0159esv\u011bd\u010den\u00ed, ani\u017e by byli pod tlakem ostatn\u00edch.<\/span><\/p>\n<p><span>\u201eKa\u017ed\u00fd \u010dlov\u011bk m\u00e1 pr\u00e1vo rozhodnout, jak bude \u017e\u00edt podle sv\u00e9ho n\u00e1bo\u017eenstv\u00ed, ani\u017e by byl obt\u011b\u017eov\u00e1n,\u201c dodal.<\/span><\/p>\n<p><span>\u201eJe rysem isl\u00e1mu, \u017ee muslimov\u00e9 diktuj\u00ed ostatn\u00edm muslim\u016fm, kte\u0159\u00ed \u00fadajn\u011b nejsou dostate\u010dn\u011b v\u011b\u0159\u00edc\u00ed, aby vedli v\u00edce n\u00e1bo\u017eensk\u00fd \u017eivot, ale tak\u00e9 to, \u017ee nemuslim\u0161t\u00ed lid\u00e9 jsou p\u0159esv\u011bd\u010dov\u00e1ni, aby konvertovali, nebo jsou \u0161ikanov\u00e1ni a \u0161patn\u011b se s nimi zach\u00e1z\u00ed,\u201c \u0159ekl Klar. , vysv\u011btluj\u00edc\u00ed, \u017ee v boji proti tomu na sv\u00e9 vlastn\u00ed \u0161kole zavedl politiku z\u00e1kazu modlitebny, zd\u016fraz\u0148uj\u00edc\u00ed, \u017ee \u0161kola je neutr\u00e1ln\u00ed prostor.<\/span><\/p>\n<p><span>Podobn\u011b zaujal pevn\u00fd postoj k pou\u017e\u00edv\u00e1n\u00ed mobiln\u00edch telefon\u016f, dokonce telefon zabavil, kdy\u017e mu student odpov\u011bd\u011bl arabsky a poradil mu: \u201ePro n\u00e1s to znamen\u00e1 \u201aGuten Tag\u2018 a mluv\u00edme n\u011bmecky. Pokud chcete v\u0161ude mluvit arabsky, mus\u00edte \u017e\u00edt v zemi, kter\u00e1 m\u00e1 arab\u0161tinu jako sv\u016fj hlavn\u00ed jazyk.\u201c<\/span><\/p>\n<p><span>Rakousk\u00fd \u0159editel navrhl, \u017ee vzd\u011bl\u00e1vac\u00ed syst\u00e9m zem\u011b by m\u011bl omezit vyjad\u0159ov\u00e1n\u00ed isl\u00e1msk\u00fdch symbol\u016f ve ve\u0159ejn\u00fdch \u0161kol\u00e1ch, argumentoval t\u00edm, \u017ee praktiky jako no\u0161en\u00ed \u0161\u00e1tku posiluj\u00ed kulturn\u00ed rozd\u00edly. &#8222;Mus\u00edme zak\u00e1zat \u0161\u00e1tek, abychom ochr\u00e1nili \u017eeny, kter\u00e9 ho nenos\u00ed, p\u0159ed sexu\u00e1ln\u00edm napaden\u00edm,&#8220; \u0159ekl a dodal, \u017ee isl\u00e1m se \u010dasto snadno sveze ze strachu z v\u00fd\u010ditek a \u017ee mnoz\u00ed \u010dasto p\u0159ehl\u00ed\u017eej\u00ed, jak n\u00e1bo\u017eenstv\u00ed zach\u00e1z\u00ed se \u017eenami a jin\u00e9 liber\u00e1ln\u00ed hodnoty. .<\/span><\/p>\n<p><span>\u201eC\u00edrkev mus\u00ed b\u00fdt mnohem siln\u011bj\u0161\u00ed, m\u00e9n\u011b se spol\u00e9hat na dialog a m\u00edsto toho u\u010dinit k\u0159es\u0165any, zejm\u00e9na mlad\u00e9 lidi, sebev\u011bdom\u011bj\u0161\u00ed,\u201c dodal.<\/span><\/p>\n<p><span>Klarovo stanovisko, kter\u00e9 popisuje jako \u201eostrov \u0159e\u0161en\u00ed\u201c islamizace rakousk\u00e9ho vzd\u011bl\u00e1vac\u00edho syst\u00e9mu, vyvolalo ur\u010ditou kritiku. Klar uzn\u00e1v\u00e1, \u017ee jej n\u011bkte\u0159\u00ed ozna\u010dili za pravicov\u00e9ho extremistu, a p\u0159esto z\u016fst\u00e1v\u00e1 odhodlan\u00fd a tvrd\u00ed, \u017ee zachov\u00e1n\u00ed rakousk\u00fdch soci\u00e1ln\u00edch hodnot je z\u00e1sadn\u00ed.<\/span><\/p>\n<p><span>\u201eMigrace lid\u00ed z ur\u010dit\u00e9ho n\u00e1bo\u017eenstv\u00ed a kultury je jednou z nejv\u011bt\u0161\u00edch v\u00fdzev pro n\u00e1\u0161 z\u00e1padn\u00ed sv\u011bt,\u201c vysv\u011btlil a vyzval k p\u0159\u00edsn\u011bj\u0161\u00ed imigra\u010dn\u00ed politice a d\u016frazn\u011bj\u0161\u00edmu integra\u010dn\u00edmu \u00fasil\u00ed.<\/span><\/p>\n<p><span>&#8222;Samoz\u0159ejm\u011b, \u017ee jsem do toho rohu trochu p\u0159ikreslen\u00fd, nebo se o to alespo\u0148 sna\u017e\u00ed,&#8220; odpov\u011bd\u011bl na ot\u00e1zku, zda se ho sna\u017e\u00ed po\u0161pinit jako pravicov\u00e9ho extremistu. \u201eVelice se v\u0161ak sna\u017e\u00edm \u2013 nejen p\u0159i pr\u00e1ci se studenty, ale i se sv\u00fdmi kolegy \u2013 m\u00edt vd\u011b\u010dn\u00fd, respektuj\u00edc\u00ed a velmi pragmatick\u00fd t\u00f3n hlasu, i kdy\u017e jsem p\u0159\u00edsn\u00fd.\u201c<\/span><\/p>\n<p><span>&#8222;Jde o v\u011bc,&#8220; dodal. \u201eVe sv\u00e9 knize vypr\u00e1v\u00edm p\u0159\u00edb\u011bhy, kter\u00e9 se skute\u010dn\u011b staly, a navrhuji, co by se dalo ud\u011blat, aby se takov\u00fdm p\u0159\u00edb\u011bh\u016fm zabr\u00e1nilo. Proto je obt\u00ed\u017en\u011bj\u0161\u00ed um\u00edstit se do spr\u00e1vn\u00e9ho rohu.\u201c<\/span><\/p>\n<p><img decoding=\"async\" loading=\"lazy\" class=\"alignnone size-full wp-image-1185\" src=\"http:\/\/www.infokuryr.cz\/n\/wp-content\/uploads\/2021\/04\/kuryr-podpis.png\" alt=\"\" width=\"84\" height=\"24\" \/><\/p>\n<p>&nbsp;<\/p>\n<\/div>\n<\/div>\n","protected":false},"excerpt":{"rendered":"<p>\u0158editel \u0161koly ve V\u00eddni \u0159\u00edk\u00e1, \u017ee se stav\u00ed proti \u201erychl\u00e9 islamizaci\u201c rakousk\u00e9ho vzd\u011bl\u00e1vac\u00edho syst\u00e9mu, a&#8230;<\/p>\n","protected":false},"author":2,"featured_media":65294,"comment_status":"closed","ping_status":"closed","sticky":false,"template":"","format":"standard","meta":[],"categories":[7],"tags":[1253,120,2903,94],"_links":{"self":[{"href":"https:\/\/www.infokuryr.cz\/n\/wp-json\/wp\/v2\/posts\/65293"}],"collection":[{"href":"https:\/\/www.infokuryr.cz\/n\/wp-json\/wp\/v2\/posts"}],"about":[{"href":"https:\/\/www.infokuryr.cz\/n\/wp-json\/wp\/v2\/types\/post"}],"author":[{"embeddable":true,"href":"https:\/\/www.infokuryr.cz\/n\/wp-json\/wp\/v2\/users\/2"}],"replies":[{"embeddable":true,"href":"https:\/\/www.infokuryr.cz\/n\/wp-json\/wp\/v2\/comments?post=65293"}],"version-history":[{"count":0,"href":"https:\/\/www.infokuryr.cz\/n\/wp-json\/wp\/v2\/posts\/65293\/revisions"}],"wp:featuredmedia":[{"embeddable":true,"href":"https:\/\/www.infokuryr.cz\/n\/wp-json\/wp\/v2\/media\/65294"}],"wp:attachment":[{"href":"https:\/\/www.infokuryr.cz\/n\/wp-json\/wp\/v2\/media?parent=65293"}],"wp:term":[{"taxonomy":"category","embeddable":true,"href":"https:\/\/www.infokuryr.cz\/n\/wp-json\/wp\/v2\/categories?post=65293"},{"taxonomy":"post_tag","embeddable":true,"href":"https:\/\/www.infokuryr.cz\/n\/wp-json\/wp\/v2\/tags?post=65293"}],"curies":[{"name":"wp","href":"https:\/\/api.w.org\/{rel}","templated":true}]}}