{"id":65291,"date":"2024-11-01T00:41:24","date_gmt":"2024-10-31T23:41:24","guid":{"rendered":"https:\/\/www.infokuryr.cz\/n\/?p=65291"},"modified":"2024-10-31T15:43:41","modified_gmt":"2024-10-31T14:43:41","slug":"polska-zakladna-zasazena-troskami-z-udajne-rakety-hizballahu-zadni-vojaci-ani-zamestnanci-nebyli-zraneni","status":"publish","type":"post","link":"https:\/\/www.infokuryr.cz\/n\/2024\/11\/01\/polska-zakladna-zasazena-troskami-z-udajne-rakety-hizballahu-zadni-vojaci-ani-zamestnanci-nebyli-zraneni\/","title":{"rendered":"Polsk\u00e1 z\u00e1kladna zasa\u017eena troskami z \u00fadajn\u00e9 rakety Hizball\u00e1hu, \u017e\u00e1dn\u00ed voj\u00e1ci ani zam\u011bstnanci nebyli zran\u011bni"},"content":{"rendered":"<div id=\"fb-root\"><\/div>\n<h2 class=\"s-tagline fw-tagline\">Trosky z rakety, pravd\u011bpodobn\u011b vyp\u00e1len\u00e9 Hizball\u00e1hem, dopadly na z\u00e1kladnu, kde jsou um\u00edst\u011bni pol\u0161t\u00ed voj\u00e1ci v Libanonu<\/h2>\n<p>Polsk\u00e1 z\u00e1kladna byla zasa\u017eena troskami z toho, co bylo pova\u017eov\u00e1no za \u00fadajn\u00fd raketov\u00fd \u00fatok Hizball\u00e1hu, co\u017e vyvolalo obavy o bezpe\u010dnost m\u00edrov\u00fdch jednotek OSN. Zrovna v\u010dera bylo osm rakousk\u00fdch jednotek UNIFIL zran\u011bno p\u0159i raketov\u00e9m \u00fatoku na velitelstv\u00ed sil v Naqou\u0159e.<\/p>\n<p>&#8222;Dnes v odpoledn\u00edch hodin\u00e1ch byl v oblasti odpov\u011bdnosti IRISHPOLBATT, v jej\u00edm\u017e struktu\u0159e p\u016fsob\u00ed UNIFIL PMC, hl\u00e1\u0161en raketov\u00fd \u00fatok, s nejv\u011bt\u0161\u00ed pravd\u011bpodobnost\u00ed veden\u00fd silami Hizball\u00e1hu sm\u011brem k Izraeli,&#8220; uvedlo v prohl\u00e1\u0161en\u00ed opera\u010dn\u00ed velitelstv\u00ed ozbrojen\u00fdch sil. cituje\u00a0<a href=\"https:\/\/dorzeczy.pl\/swiat\/650386\/liban-ostrzal-nad-baza-z-polskimi-zolnierzami-jest-komunikat.html\">Do Rzeczy<\/a>\u00a0.<\/p>\n<p>\u201eOkam\u017eit\u011b po zpozorov\u00e1n\u00ed raketov\u00e9 palby byl vyhl\u00e1\u0161en \u00fakryt a voj\u00e1ci ode\u0161li do \u00fakryt\u016f v souladu s bezpe\u010dnostn\u00edmi postupy,\u201c dodalo.<\/p>\n<p>Polsk\u00e9 opera\u010dn\u00ed velen\u00ed zd\u016fraznilo, \u017ee \u017e\u00e1dn\u00fd z voj\u00e1k\u016f ani zam\u011bstnanc\u016f polsk\u00e9ho kontingentu v Libanonsk\u00e9 republice nebyl v d\u016fsledku incidentu zran\u011bn.<\/p>\n<p>Podle arm\u00e1dy izraelsk\u00e9 protiraketov\u00e9 syst\u00e9my s nejv\u011bt\u0161\u00ed pravd\u011bpodobnost\u00ed zachytily rakety p\u0159\u00edmo nad z\u00e1kladnou UNP 2-45 (Camp Shamrock), kde jsou um\u00edst\u011bni pol\u0161t\u00ed voj\u00e1ci. \u00dalomky jedn\u00e9 ze zachycen\u00fdch st\u0159el dopadly na z\u00e1kladnu, ani\u017e by zp\u016fsobily zran\u011bn\u00ed person\u00e1lu nebo po\u0161kozen\u00ed infrastruktury.<\/p>\n<p>&#8222;Opera\u010dn\u00ed velen\u00ed ozbrojen\u00fdch sil monitoruje situaci na izraelsko-libanonsk\u00fdch hranic\u00edch a podnik\u00e1 v\u0161echny mo\u017en\u00e9 kroky k zaji\u0161t\u011bn\u00ed maxim\u00e1ln\u00ed bezpe\u010dnosti polsk\u00fdch voj\u00e1k\u016f,&#8220; ujistila arm\u00e1da.<\/p>\n<p>P\u0159ibli\u017en\u011b 250 polsk\u00fdch voj\u00e1k\u016f je na m\u00edst\u011b v Libanonu v r\u00e1mci mise UNIFIL \u010d\u00edtaj\u00edc\u00ed kolem 10 000 voj\u00e1k\u016f. Spolupracuj\u00ed s irsk\u00fdmi i ma\u010farsk\u00fdmi silami.<\/p>\n<p>P\u0159i \u00fatoku na rakousk\u00e9 jednotky nen\u00ed jasn\u00fd zdroj rakety, i kdy\u017e se p\u0159edpokl\u00e1d\u00e1, \u017ee \u0161lo tak\u00e9 o raketu Hizball\u00e1hu.<\/p>\n<p>\u201eTento \u00fatok co nejd\u016frazn\u011bji odsuzujeme a po\u017eadujeme, aby byl okam\u017eit\u011b vy\u0161et\u0159en,\u201c uvedlo rakousk\u00e9 ministerstvo obrany v prohl\u00e1\u0161en\u00ed, kter\u00e9 poznamenalo, \u017ee z\u016fst\u00e1v\u00e1 nejasn\u00e9, odkud \u00fatok p\u0159i\u0161el. Pozd\u011bji UNIFIL vydal prohl\u00e1\u0161en\u00ed, \u017ee raketa p\u0159i\u0161la ze severu z\u00e1kladny z oblasti kontrolovan\u00e9 Hizball\u00e1hem.<\/p>\n<p><img decoding=\"async\" loading=\"lazy\" class=\"alignnone size-full wp-image-1185\" src=\"http:\/\/www.infokuryr.cz\/n\/wp-content\/uploads\/2021\/04\/kuryr-podpis.png\" alt=\"\" width=\"84\" height=\"24\" \/><\/p>\n<p>&nbsp;<\/p>\n","protected":false},"excerpt":{"rendered":"<p>Trosky z rakety, pravd\u011bpodobn\u011b vyp\u00e1len\u00e9 Hizball\u00e1hem, dopadly na z\u00e1kladnu, kde jsou um\u00edst\u011bni pol\u0161t\u00ed voj\u00e1ci v&#8230;<\/p>\n","protected":false},"author":2,"featured_media":65292,"comment_status":"closed","ping_status":"closed","sticky":false,"template":"","format":"standard","meta":[],"categories":[7],"tags":[405,186,1339,1737],"_links":{"self":[{"href":"https:\/\/www.infokuryr.cz\/n\/wp-json\/wp\/v2\/posts\/65291"}],"collection":[{"href":"https:\/\/www.infokuryr.cz\/n\/wp-json\/wp\/v2\/posts"}],"about":[{"href":"https:\/\/www.infokuryr.cz\/n\/wp-json\/wp\/v2\/types\/post"}],"author":[{"embeddable":true,"href":"https:\/\/www.infokuryr.cz\/n\/wp-json\/wp\/v2\/users\/2"}],"replies":[{"embeddable":true,"href":"https:\/\/www.infokuryr.cz\/n\/wp-json\/wp\/v2\/comments?post=65291"}],"version-history":[{"count":0,"href":"https:\/\/www.infokuryr.cz\/n\/wp-json\/wp\/v2\/posts\/65291\/revisions"}],"wp:featuredmedia":[{"embeddable":true,"href":"https:\/\/www.infokuryr.cz\/n\/wp-json\/wp\/v2\/media\/65292"}],"wp:attachment":[{"href":"https:\/\/www.infokuryr.cz\/n\/wp-json\/wp\/v2\/media?parent=65291"}],"wp:term":[{"taxonomy":"category","embeddable":true,"href":"https:\/\/www.infokuryr.cz\/n\/wp-json\/wp\/v2\/categories?post=65291"},{"taxonomy":"post_tag","embeddable":true,"href":"https:\/\/www.infokuryr.cz\/n\/wp-json\/wp\/v2\/tags?post=65291"}],"curies":[{"name":"wp","href":"https:\/\/api.w.org\/{rel}","templated":true}]}}