{"id":65254,"date":"2024-10-31T04:38:02","date_gmt":"2024-10-31T03:38:02","guid":{"rendered":"https:\/\/www.infokuryr.cz\/n\/?p=65254"},"modified":"2024-10-31T04:38:02","modified_gmt":"2024-10-31T03:38:02","slug":"jiri-vyvadil-pro-nemcovou-je-zrudou-fico-pro-nas-naopak-ona","status":"publish","type":"post","link":"https:\/\/www.infokuryr.cz\/n\/2024\/10\/31\/jiri-vyvadil-pro-nemcovou-je-zrudou-fico-pro-nas-naopak-ona\/","title":{"rendered":"Ji\u0159\u00ed Vyvadil: Pro N\u011bmcovou je zr\u016fdou Fico, pro n\u00e1s naopak ona\u2026"},"content":{"rendered":"<div id=\"fb-root\"><\/div>\n<p><strong>Biden\u016fv progresivismus spojen\u00fd mimo jin\u00e9 s protirusk\u00fdmi n\u00e1ladami, kter\u00fd vedl mimo jin\u00e9 k rozpout\u00e1n\u00ed v\u00e1lky proti Rusku , vyvolal mohutnou vlnu nen\u00e1visti jedn\u00e9 \u010d\u00e1sti politicky c\u00edt\u00edc\u00edch ob\u010dan\u016f proti t\u011bm druh\u00fdm.<\/strong><\/p>\n<p>U\u017e dlouho nebyl Z\u00e1pad a i jednotliv\u00e9 n\u00e1rody tak hluboce rozd\u011blen.<\/p>\n<p>Vid\u00edme to v\u00a0Americe a vid\u00edme to i u n\u00e1s.<\/p>\n<p>Robert Fico zauj\u00edm\u00e1 ve vztahu k\u00a0Rusku zcela opa\u010dn\u00e9 n\u00e1zory ne\u017e drtiv\u00e1 v\u011bt\u0161ina \u010desk\u00fdch, ale i polovina sou\u010dasn\u00fdch opozi\u010dn\u00edch slovensk\u00fdch politik\u016f: Chce se vr\u00e1tit do \u010das\u016f norm\u00e1ln\u00edho sou\u017eit\u00ed a spolupr\u00e1ce s\u00a0Ruskem, kter\u00e1 neb\u00fdt Bidenova odm\u00edtnut\u00ed po\u017eadavku Ruska, \u017ee se Ukrajina nesm\u00ed st\u00e1t \u010dlenem NATO, by bylo n\u011b\u010d\u00edm norm\u00e1ln\u00edm, proto\u017ee by se samoz\u0159ejm\u011b \u017e\u00e1dn\u00e1 invaze na Ukrajinu nekonala.<\/p>\n<p>A tak vystoupil v\u00a0rusk\u00e9 televizi, kritizoval Evropskou unii, kdy jist\u011b mluvil mnoh\u00e9mu z\u00a0n\u00e1s z\u00a0du\u0161e, a hovo\u0159il o tom, \u017ee by se r\u00e1d z\u00fa\u010dastnil kv\u011btnov\u00e9 p\u0159ehl\u00eddky v\u00a0Moskv\u011b.<\/p>\n<p>A pro\u010d ne? Je to rebel.<\/p>\n<p>Miroslava\u00a0 N\u011bmcov\u00e1 za to ozna\u010dila premi\u00e9ra Fica za zr\u016fdu. A pro\u010d ne? Je to bigotn\u00ed rusofobka.<\/p>\n<p>My ostatn\u00ed krom\u011b stoupenc\u016f koalice bychom tak s\u00a0radost\u00ed ozna\u010dili naopak ji.<\/p>\n<p>S\u00a0progresivismem, jeho\u017e nejv\u011bt\u0161\u00edm sv\u011btov\u00fdm p\u0159edstavitelem byl Joe Biden, je spojen neoby\u010dejn\u00fd n\u00e1r\u016fst politick\u00e9 nen\u00e1visti a zn\u00e1mkov\u00e1n\u00ed protivn\u00edk\u016f.<\/p>\n<p>V\u00a0USA v\u00a0z\u00e1v\u011bre\u010dn\u00fdch f\u00e1z\u00edch volebn\u00edho boje byl nap\u0159\u00edklad ozna\u010dov\u00e1n Donald Trump za fa\u0161istu a nacistu a docela v\u00e1\u017en\u011b se o tom vedly bou\u0159liv\u00e9 spory a dokonce jsem zaznamenal seri\u00f3zn\u00ed \u00a0debatu.<\/p>\n<p>Vesel\u00e9\u2026<\/p>\n<p>Nu\u017ee nalijme si \u010dist\u00e9ho v\u00edna\u2026<\/p>\n<p>Donald Trump \u00a0v\u00a0minulosti \u00a0zvl\u00e1\u0161tn\u00edm zp\u016fsobem inklinoval k\u00a0zem\u00edm \u201esocialismu\u201c, \u017ee si\u00a0 vybral sv\u00e9ho \u010dasu za svou man\u017eelku \u010ce\u0161ku \u00a0Ivanu Marii Zeln\u00ed\u010dkovou, jej\u00ed rodnou zemi nav\u0161t\u00edvil, \u00a0stejn\u011b jako n\u011bkolikr\u00e1t Moskvu, kde \u00a0cht\u011bl sv\u00e9ho \u010dasu postavit impozantn\u00ed hotel.<\/p>\n<p>Trump prost\u011b nesn\u00e1\u0161\u00ed Evropskou unii a NATO, co\u017e je p\u0159\u00edzna\u010dn\u00e9 pokl\u00e1dal za skanzen studen\u00e9 v\u00e1lky.<\/p>\n<p>Kdy\u017e si \u010dlov\u011bk vybav\u00ed Trumpovy opakovan\u00e9 snahy o t\u0159eba d\u016fv\u011brn\u00e9 kontakty a vzpomene si na jeho\u00a0 velice p\u0159\u00e1telsk\u00e9 vystupov\u00e1n\u00ed p\u0159i setk\u00e1n\u00edch s\u00a0Putinem, nem\u00e1 pochyb o tom, jak se budou odv\u00edjet vztahy USA-Rusko, bude-li Donald Trump 5. listopadu zvolen prezidentem.<\/p>\n<p>Rusofobie, kter\u00e1 mohutn\u011b ovl\u00e1dla sou\u010dasn\u00fd z\u00e1padn\u00ed sv\u011bt, je mimo jin\u00e9 d\u016fsledkem \u0161patn\u00e9ho odhadu v\u00fdvoje, kdy Biden\u016fv Z\u00e1pad p\u0159es zapojen\u00ed v\u0161ech jeho sou\u010d\u00e1st\u00ed, paktu NATO, cel\u00e9 EU i cel\u00e9 G7 nen\u00ed schopno Rusko porazit, a to p\u0159i vynalo\u017een\u00ed minim\u00e1ln\u00edho nasazen\u00ed potencion\u00e1ln\u00edch vojensk\u00fdch sil vlastn\u00edho obyvatelstva (rekruti z\u00a0KLDR nic moc toho nezvl\u00e1dnou, ale vyvolaly nepochybn\u011b a\u017e hysterickou paniku v\u00a0\u0159ad\u00e1ch NATO) \u00a0vede a podle n\u011bkter\u00fdch vojensk\u00fdch analytik\u016f by ji\u017e do konce tohoto\u00a0 m\u011bs\u00edce (a vliv na to nepochybn\u011b m\u016f\u017ee m\u00edt v\u00fdsledek americk\u00fdch voleb) mohlo zv\u00edt\u011bzit a znamenat tak kone\u010dnou por\u00e1\u017eku Bidenovy Ukrajiny.<\/p>\n<p>V\u00a0takov\u00e9m p\u0159\u00edpad\u011b zv\u00edt\u011bz\u00ed \u201ezr\u016fda\u201c Fico u\u017e brzy\u2026<\/p>\n<p><a href=\"https:\/\/vasevec.info\/komentare\/pro-nemcovou-je-zrudou-fico-pro-nas-naopak-ona\">Ji\u0159\u00ed Vyvadil<\/a><\/p>\n<p><img decoding=\"async\" loading=\"lazy\" class=\"alignnone size-medium wp-image-16474\" src=\"http:\/\/www.infokuryr.cz\/n\/wp-content\/uploads\/2022\/10\/jiri-vyvadil-300x200.jpg\" alt=\"\" width=\"300\" height=\"200\" srcset=\"https:\/\/www.infokuryr.cz\/n\/wp-content\/uploads\/2022\/10\/jiri-vyvadil-300x200.jpg 300w, https:\/\/www.infokuryr.cz\/n\/wp-content\/uploads\/2022\/10\/jiri-vyvadil-768x512.jpg 768w, https:\/\/www.infokuryr.cz\/n\/wp-content\/uploads\/2022\/10\/jiri-vyvadil.jpg 800w\" sizes=\"(max-width: 300px) 100vw, 300px\" \/><\/p>\n<p>&nbsp;<\/p>\n","protected":false},"excerpt":{"rendered":"<p>Biden\u016fv progresivismus spojen\u00fd mimo jin\u00e9 s protirusk\u00fdmi n\u00e1ladami, kter\u00fd vedl mimo jin\u00e9 k rozpout\u00e1n\u00ed v\u00e1lky&#8230;<\/p>\n","protected":false},"author":2,"featured_media":50402,"comment_status":"closed","ping_status":"closed","sticky":false,"template":"","format":"standard","meta":[],"categories":[6],"tags":[636,1503,864,122],"_links":{"self":[{"href":"https:\/\/www.infokuryr.cz\/n\/wp-json\/wp\/v2\/posts\/65254"}],"collection":[{"href":"https:\/\/www.infokuryr.cz\/n\/wp-json\/wp\/v2\/posts"}],"about":[{"href":"https:\/\/www.infokuryr.cz\/n\/wp-json\/wp\/v2\/types\/post"}],"author":[{"embeddable":true,"href":"https:\/\/www.infokuryr.cz\/n\/wp-json\/wp\/v2\/users\/2"}],"replies":[{"embeddable":true,"href":"https:\/\/www.infokuryr.cz\/n\/wp-json\/wp\/v2\/comments?post=65254"}],"version-history":[{"count":0,"href":"https:\/\/www.infokuryr.cz\/n\/wp-json\/wp\/v2\/posts\/65254\/revisions"}],"wp:featuredmedia":[{"embeddable":true,"href":"https:\/\/www.infokuryr.cz\/n\/wp-json\/wp\/v2\/media\/50402"}],"wp:attachment":[{"href":"https:\/\/www.infokuryr.cz\/n\/wp-json\/wp\/v2\/media?parent=65254"}],"wp:term":[{"taxonomy":"category","embeddable":true,"href":"https:\/\/www.infokuryr.cz\/n\/wp-json\/wp\/v2\/categories?post=65254"},{"taxonomy":"post_tag","embeddable":true,"href":"https:\/\/www.infokuryr.cz\/n\/wp-json\/wp\/v2\/tags?post=65254"}],"curies":[{"name":"wp","href":"https:\/\/api.w.org\/{rel}","templated":true}]}}