{"id":65246,"date":"2024-10-31T04:19:45","date_gmt":"2024-10-31T03:19:45","guid":{"rendered":"https:\/\/www.infokuryr.cz\/n\/?p=65246"},"modified":"2024-10-31T04:19:45","modified_gmt":"2024-10-31T03:19:45","slug":"severni-korea-odpalila-novy-typ-rakety","status":"publish","type":"post","link":"https:\/\/www.infokuryr.cz\/n\/2024\/10\/31\/severni-korea-odpalila-novy-typ-rakety\/","title":{"rendered":"Severn\u00ed Korea odp\u00e1lila nov\u00fd typ rakety"},"content":{"rendered":"<div id=\"fb-root\"><\/div>\n<p class=\"lead\"><strong>Let rakety KLDR byl nejdel\u0161\u00ed b\u011bhem v\u0161ech start\u016f, mo\u017en\u00e1 byl pou\u017eit jin\u00fd typ rakety, uvedla televize NHK s odkazem na japonsk\u00e9 ministerstvo obrany.<\/strong><\/p>\n<p><span>Let trval 1 hodinu 26 minut a stal se nejdel\u0161\u00edm ze v\u0161ech start\u016f. Japonsk\u00e9 ministerstvo obrany v t\u00e9to souvislosti p\u0159ipou\u0161t\u00ed, \u017ee tentokr\u00e1t mohl b\u00fdt pou\u017eit jin\u00fd typ st\u0159ely.<\/span><\/p>\n<p><span>KLDR \u00fadajn\u011b odp\u00e1lila balistickou st\u0159elu v 7.11 (1.11 evropsk\u00e9ho \u010dasu), pravd\u011bpodobn\u011b po sklopn\u00e9 trajektorii, co\u017e znamen\u00e1, \u017ee byla vypu\u0161t\u011bna pod v\u00edce vertik\u00e1ln\u00edm \u00fahlem, aby se zv\u011bt\u0161en\u00edm v\u00fd\u0161ky sn\u00ed\u017eil dosah letu. Dopadl v 8:37 (2:37 evropsk\u00e9ho \u010dasu) pobl\u00ed\u017e ostrova Oku\u0161iri na Hokkaid\u00f3 mimo japonskou v\u00fdlu\u010dnou ekonomickou z\u00f3nu.<\/span><\/p>\n<p><span>Japonsk\u00fd premi\u00e9r\u00a0<\/span><strong><span>Shigeru Ishiba<\/span><\/strong><span>\u00a0v souvislosti s t\u00edmto startem ozn\u00e1mil svol\u00e1n\u00ed n\u00e1rodn\u00ed bezpe\u010dnostn\u00ed rady a uvedl, \u017ee v tuto chv\u00edli nebyly zaznamen\u00e1ny \u017e\u00e1dn\u00e9 \u0161kody.<\/span><\/p>\n<h2>Japonsk\u00e9 ministerstvo obrany: St\u0159ela vypu\u0161t\u011bn\u00e1 KLDR byla mezikontinent\u00e1ln\u00ed<\/p>\n<p><img decoding=\"async\" class=\"aligncenter\" src=\"https:\/\/img5.eadaily.com\/r650x650\/o\/cca\/d5eebe715555d71cca13d1a40809d.jpeg\" \/><\/h2>\n<p class=\"lead\"><strong>St\u0159ela vypu\u0161t\u011bn\u00e1 KLDR byla mezikontinent\u00e1ln\u00ed balistick\u00e1 st\u0159ela, jej\u00ed letov\u00fd dosah byl 1000 kilometr\u016f, jej\u00ed v\u00fd\u0161ka byla 7000 kilometr\u016f, v\u00fd\u0161ka a d\u00e9lka letu byly nejdel\u0161\u00ed, jak\u00e1 kdy byla odp\u00e1lena, \u0159ekl novin\u00e1\u0159\u016fm v \u00fa\u0159adu premi\u00e9ra japonsk\u00fd ministr obrany Gen Nakatani.<\/strong><\/p>\n<p><em>\u201eSeverokorejsk\u00e1 st\u0159ela byla mezikontinent\u00e1ln\u00ed balistick\u00e1 st\u0159ela. Raketa let\u011bla 86 minut a v 8:37 (2:37 evropsk\u00e9ho \u010dasu) dopadla 200 kilometr\u016f z\u00e1padn\u011b od ostrova Okushiri na Hokkaid\u00f3 v Japonsk\u00e9m mo\u0159i, mimo japonskou v\u00fdlu\u010dnou ekonomickou z\u00f3nu. Dosah letu byl 1000 kilometr\u016f, v\u00fd\u0161ka byla v\u00edce ne\u017e 7000 kilometr\u016f. Doba letu t\u00e9to balistick\u00e9 st\u0159ely se tak stala nejdel\u0161\u00ed a v\u00fd\u0161ka se stala nejvy\u0161\u0161\u00ed. V tuto chv\u00edli nejsou \u017e\u00e1dn\u00e9 informace o \u0161kod\u00e1ch na lod\u00edch a letadlech,\u201c<span class=\"after-quote\">\u00a0&#8211; \u0159ekl ministr.<\/span><\/em><\/p>\n<p><span>KLDR odp\u00e1lila raketu v 7.11 (1.11 evropsk\u00e9ho \u010dasu), pravd\u011bpodobn\u011b po trajektorii vrchl\u00edku, co\u017e znamen\u00e1, \u017ee byla vypu\u0161t\u011bna pod v\u00edce vertik\u00e1ln\u00edm \u00fahlem, aby se zmen\u0161il rozsah letu zv\u00fd\u0161en\u00edm v\u00fd\u0161ky.<\/span><\/p>\n<p><span>Letos jde o 12. start balistick\u00e9 st\u0159ely, p\u0159ipom\u00edn\u00e1 InfoKur\u00fdr.<\/span><\/p>\n<p><span><img decoding=\"async\" loading=\"lazy\" class=\"alignnone size-full wp-image-1185\" src=\"http:\/\/www.infokuryr.cz\/n\/wp-content\/uploads\/2021\/04\/kuryr-podpis.png\" alt=\"\" width=\"84\" height=\"24\" \/><\/span><\/p>\n<p>&nbsp;<\/p>\n","protected":false},"excerpt":{"rendered":"<p>Let rakety KLDR byl nejdel\u0161\u00ed b\u011bhem v\u0161ech start\u016f, mo\u017en\u00e1 byl pou\u017eit jin\u00fd typ rakety, uvedla&#8230;<\/p>\n","protected":false},"author":2,"featured_media":65247,"comment_status":"closed","ping_status":"closed","sticky":false,"template":"","format":"standard","meta":[],"categories":[7],"tags":[5457,105,502,4578],"_links":{"self":[{"href":"https:\/\/www.infokuryr.cz\/n\/wp-json\/wp\/v2\/posts\/65246"}],"collection":[{"href":"https:\/\/www.infokuryr.cz\/n\/wp-json\/wp\/v2\/posts"}],"about":[{"href":"https:\/\/www.infokuryr.cz\/n\/wp-json\/wp\/v2\/types\/post"}],"author":[{"embeddable":true,"href":"https:\/\/www.infokuryr.cz\/n\/wp-json\/wp\/v2\/users\/2"}],"replies":[{"embeddable":true,"href":"https:\/\/www.infokuryr.cz\/n\/wp-json\/wp\/v2\/comments?post=65246"}],"version-history":[{"count":1,"href":"https:\/\/www.infokuryr.cz\/n\/wp-json\/wp\/v2\/posts\/65246\/revisions"}],"predecessor-version":[{"id":65248,"href":"https:\/\/www.infokuryr.cz\/n\/wp-json\/wp\/v2\/posts\/65246\/revisions\/65248"}],"wp:featuredmedia":[{"embeddable":true,"href":"https:\/\/www.infokuryr.cz\/n\/wp-json\/wp\/v2\/media\/65247"}],"wp:attachment":[{"href":"https:\/\/www.infokuryr.cz\/n\/wp-json\/wp\/v2\/media?parent=65246"}],"wp:term":[{"taxonomy":"category","embeddable":true,"href":"https:\/\/www.infokuryr.cz\/n\/wp-json\/wp\/v2\/categories?post=65246"},{"taxonomy":"post_tag","embeddable":true,"href":"https:\/\/www.infokuryr.cz\/n\/wp-json\/wp\/v2\/tags?post=65246"}],"curies":[{"name":"wp","href":"https:\/\/api.w.org\/{rel}","templated":true}]}}