{"id":65243,"date":"2024-10-31T04:10:44","date_gmt":"2024-10-31T03:10:44","guid":{"rendered":"https:\/\/www.infokuryr.cz\/n\/?p=65243"},"modified":"2024-10-31T04:10:44","modified_gmt":"2024-10-31T03:10:44","slug":"jsme-uplni-idioti-alexej-arestovic-se-transformoval-na-chcimira-toho-nejtvrdsiho-kalibru","status":"publish","type":"post","link":"https:\/\/www.infokuryr.cz\/n\/2024\/10\/31\/jsme-uplni-idioti-alexej-arestovic-se-transformoval-na-chcimira-toho-nejtvrdsiho-kalibru\/","title":{"rendered":"Jsme \u00fapln\u00ed idioti! Alexej Arestovi\u010d se transformoval na \u201cchcim\u00edra\u201d toho nejtvrd\u0161\u00edho kalibru&#8230;"},"content":{"rendered":"<div id=\"fb-root\"><\/div>\n<h4>Jsme \u00fapln\u00ed idioti! Alexej Arestovi\u010d se transformoval na \u201cchcim\u00edra\u201d toho nejtvrd\u0161\u00edho kalibru a v posledn\u00edm videu rozebral zoufalou pozici Ukrajiny jako pora\u017een\u00e9 zem\u011b, kter\u00e1 neukon\u010dila v\u00e1lku v dob\u011b, kdy to bylo je\u0161t\u011b v\u00fdhodn\u00e9! Tajemn\u00edk bezpe\u010dnostn\u00edho v\u00fdboru p\u0159iznal, \u017ee Ukrajina v\u00e1lku prohr\u00e1v\u00e1! USA podrazily Zelensk\u00e9ho a uve\u0159ejnily tajnou dolo\u017eku Pl\u00e1nu v\u00edt\u011bzstv\u00ed!<\/h4>\n<p>Spolu s bl\u00ed\u017e\u00edc\u00edmi se volbami v USA a s posledn\u00edmi informacemi o tom, \u017ee Donald Trump se v p\u0159edvolebn\u00edch pr\u016fzkumech odtrhl od Kamaly Harris a z\u00edsk\u00e1v\u00e1 nezadr\u017eiteln\u00fd n\u00e1skok p\u00e1r dn\u00ed p\u0159ed volbami, za\u010d\u00edn\u00e1 ve sv\u011btov\u00fdch procesech \u0159\u00edzen\u00ed naprost\u00fd rachot a neuv\u011b\u0159iteln\u00e1 bou\u0159e. Jak by potvrdil Petr Fiala, n\u011bkter\u00e9 sign\u00e1ly v politick\u00fdch procesech jsou tak siln\u00e9, \u017ee ji\u017e dop\u0159edu zp\u016fsobuj\u00ed u lid\u00ed zm\u011bny chov\u00e1n\u00ed, kdy\u017e se bl\u00ed\u017e\u00ed t\u0159eba zm\u011bna na pozici americk\u00e9ho prezidenta.<\/p>\n<p><strong>V\u0161ichni za\u010d\u00ednaj\u00ed p\u0159evl\u00e9kat kab\u00e1ty a chystaj\u00ed se na mohutn\u00e9 zm\u011bny politiky po n\u00e1vratu Donalda Trumpa k moci, co\u017e je nejv\u00edce patrn\u00e9 pr\u00e1v\u011b na Ukrajin\u011b.<\/strong>\u00a0V posledn\u00edch dnech za\u010daly vysoc\u00ed p\u0159edstavitel\u00e9 Ukrajiny toti\u017e hovo\u0159it o tom, \u017ee v\u00e1lka s Ruskem je prohran\u00e1, a \u017ee fronta padla a ukrajinsk\u00e1 arm\u00e1da je v trosk\u00e1ch. V posledn\u00edch hodin\u00e1ch se k tomu p\u0159ipojily dal\u0161\u00ed dv\u011b vysok\u00e9 osobnosti na Ukrajin\u011b, kter\u00e9 za\u010daly m\u011bnit barvy.<\/p>\n<p>&nbsp;<\/p>\n<div id=\"rumble_v5ihebp\">\n<div id=\"vid_v5ihebp\" class=\"rumble_v5ihebp-Rumble-cls\" tabindex=\"-1\">\n<div class=\"bigPlayUI ctp\"><div class='videoWrapper'>\r\n\t            <iframe src='https:\/\/rumble.com\/embed\/pj.v5ihebp\/' frameborder='0' allowfullscreen><\/iframe>\r\n\t        <\/div><\/p>\n<div class=\"bigPlayUIInner ctp\"><\/div>\n<\/div>\n<\/div>\n<\/div>\n<p>&nbsp;<\/p>\n<p>T\u00edm prvn\u00edm politikem je Alexej Arestovi\u010d, kter\u00fd v posledn\u00edm videocastu vyhodil v\u0161echny pojistky, kter\u00e9 do t\u00e9 doby m\u011bl a transformoval se na takov\u00e9ho\u00a0<em>chcim\u00edra<\/em>, kter\u00e9ho by okam\u017eit\u011b plukovn\u00edk Folt\u00fdn ozna\u010dil za \u201csvini\u201d bez mrknut\u00ed oka. Ljo\u0161a toti\u017e spustil kritiku v\u00e1lky na Ukrajin\u011b takov\u00fdm zp\u016fsobem, \u017ee z toho \u0161la doslova hlava kolem.<\/p>\n<p>Nejprve vy\u010detl Zelensk\u00e9ho vl\u00e1d\u011b, pro\u010d neukon\u010dila v\u00e1lku ji\u017e p\u0159ed rokem a p\u016fl, kdy\u017e tehdy bylo mo\u017en\u00e9 pr\u00fd s Rusy vyjednat lep\u0161\u00ed podm\u00ednky ne\u017e dnes. A pot\u00e9 kritizoval skute\u010dnost, \u017ee dnes u\u017e v podstat\u011b nikdo na Ukrajin\u011b nev\u00ed, pro\u010d se d\u00e1l bojuje. Na ot\u00e1zku \u201cpro\u010d\u201d se pokra\u010duje ve v\u00e1lce, kterou Ukrajina nem\u016f\u017ee vyhr\u00e1t, pro\u010d se ni\u010d\u00ed ukrajinsk\u00e1 ekonomika, pro\u010d se zab\u00edj\u00ed cel\u00e1 budouc\u00ed generace Ukrajinc\u016f, kdy\u017e je jasn\u00e9, \u017ee Ukrajina nem\u00e1 s\u00edlu Rusko porazit.<\/p>\n<h6><span style=\"font-size: 18pt;\">Tajemn\u00edk bezpe\u010dnostn\u00edho v\u00fdboru Nejvy\u0161\u0161\u00ed rady u\u017e otev\u0159en\u011b p\u0159iznal, \u017ee Ukrajina v\u00e1lku prohr\u00e1v\u00e1<\/span><\/h6>\n<p><strong>Arestovi\u010d pot\u00e9 konstatoval, \u017ee Ukrajinci jako n\u00e1rod jsou idioti, proto\u017ee zp\u016fsob, jak\u00fdm se \u017eenou k vlastn\u00ed z\u00e1hub\u011b, nem\u00e1 logick\u00e9ho vysv\u011btlen\u00ed.<\/strong>\u00a0A\u017e dosud Arestovi\u010d volil v t\u011bchto po\u0159adech pozici, \u017ee sice postupn\u011b vyz\u00fdval ke konci v\u00e1lky, ale rovn\u011b\u017e po\u0159\u00e1dal sb\u00edrky na zbran\u011b a vybaven\u00ed pro voj\u00e1ky, aby d\u00e1l mohli bojovat. Dosud se neodva\u017eoval transformovat \u010dist\u011b do protiv\u00e1le\u010dn\u00e9ho\u00a0<em>chcim\u00edra<\/em>. A\u017e dote\u010f.<\/p>\n<p>Je to zp\u016fsobeno t\u00edm, \u017ee je jasn\u00e9, \u017ee v USA dojde k n\u00e1stupu Donalda Trumpa do B\u00edl\u00e9ho domu a priority USA se zm\u011bn\u00ed. Pozornost americk\u00e9 moci se p\u0159em\u00edst\u00ed do jihov\u00fdchodn\u00ed Asie proti \u010c\u00edn\u011b a rovn\u011b\u017e proti \u00cdr\u00e1nu. To budou nov\u00e9 priority Trumpovy administrativy v B\u00edl\u00e9m dom\u011b. A pr\u00e1v\u011b proto je te\u010f ta prav\u00e1 chv\u00edle p\u0159evl\u00e9ct kab\u00e1ty. Proto se Arestovi\u010d pln\u011b transformoval na\u00a0<em>chcim\u00edra<\/em>\u00a0se v\u0161\u00edm v\u0161udy.<\/p>\n<p>&nbsp;<\/p>\n<div id=\"rumble_v5ihczt\">\n<div id=\"vid_v5ihczt\" class=\"rumble_v5ihczt-Rumble-cls\" tabindex=\"-1\">\n<div class=\"bigPlayUI ctp\"><div class='videoWrapper'>\r\n\t            <iframe src='https:\/\/rumble.com\/embed\/pj.v5ihczt\/' frameborder='0' allowfullscreen><\/iframe>\r\n\t        <\/div><\/p>\n<div class=\"bigPlayUIInner ctp\"><\/div>\n<\/div>\n<\/div>\n<\/div>\n<p>&nbsp;<\/p>\n<p>Ji\u017e p\u0159ed dv\u011bma dny vysok\u00fd gener\u00e1lmajor Dmytro Mar\u010denko \u00fazce napojen\u00fd na Valerije Zalu\u017en\u00e9ho prohl\u00e1sil\u00a0<strong>[<a href=\"https:\/\/aeronet.news\/vladimir-putin-presne-tyden-pred-volbami-v-usa-spustil-cviceni-ruske-jaderne-triady-dojde-k-odpalu-strategickych-i-taktickych-raket\/\">1<\/a>]<\/strong>, \u017ee ukrajinsk\u00e1 fronta na Donbasu padla, proto\u017ee voj\u00e1ci AFU nemaj\u00ed munici, zbran\u011b, voj\u00e1ci jsou unaven\u00ed, nov\u00ed voj\u00e1ci chyb\u00ed a ve velen\u00ed nen\u00ed koordinace. Arestovi\u010d u\u017e otev\u0159en\u011b vyz\u00fdv\u00e1 k m\u00edru a kritizuje pokra\u010dov\u00e1n\u00ed v\u00e1lky jako vra\u017ed\u011bn\u00ed ukrajinsk\u00e9ho n\u00e1roda. No, a k t\u011bmto v\u00fdrok\u016fm pr\u00e1v\u011b p\u0159ibyl dal\u0161\u00ed v\u00fdrok, tentokr\u00e1t od Romana Kost\u011bnka, tajemn\u00edka bezpe\u010dnostn\u00edho v\u00fdboru Nejvy\u0161\u0161\u00ed rady Ukrajiny.<\/p>\n<p><strong>Ten pr\u00e1v\u011b p\u0159iznal na ukrajinsk\u00e9 televizi v telemostu, \u017ee Ukrajina v\u00e1lku prohr\u00e1v\u00e1, p\u0159i\u010dem\u017e dodal, \u017ee aby se to zm\u011bnilo, je pot\u0159eba vybudovat na Ukrajin\u011b obrann\u00fd pr\u016fmysl<\/strong>, \u010demu\u017e ale podle jeho v\u00fdrazu v obli\u010deji s\u00e1m nev\u011b\u0159\u00ed, proto\u017ee je to \u010dir\u00e1 utopie vzhledem k rusk\u00e9 vzdu\u0161n\u00e9 nadvl\u00e1d\u011b nad Ukrajinou a raketov\u00fdm \u00fader\u016fm proti pr\u016fmyslov\u00fdm podnik\u016fm. Zkr\u00e1tka, vysoc\u00ed p\u0159edstavitel\u00e9 na Ukrajin\u011b u\u017e se neboj\u00ed \u0159\u00edkat, \u017ee Ukrajina prohr\u00e1v\u00e1, \u017ee padla fronta, \u017ee voj\u00e1ci um\u00edraj\u00ed zbyte\u010dn\u011b.<\/p>\n<h6><span style=\"font-size: 18pt;\">To bude s\u00edla, jestli Trump pov\u011b\u0159\u00ed Fialu, aby mu pomohl p\u0159esv\u011bd\u010dit Zelensk\u00e9ho k ukon\u010den\u00ed v\u00e1lky!<\/span><\/h6>\n<p>Tento proces se b\u011bhem n\u011bkolika m\u00e1lo dn\u016f p\u0159enese do zem\u00ed kolektivn\u00edho Z\u00e1padu a m\u00e9dia mainstreamu za\u010dnou opakovat tento nov\u00fd narativ, tedy za\u010dnou p\u0159izn\u00e1vat, \u017ee v\u00e1lka je prohran\u00e1, \u017ee Ukrajinci um\u00edraj\u00ed zbyte\u010dn\u011b, \u017ee ukrajinsk\u00e1 fronta padla, zkr\u00e1tka dojde ke zm\u011bn\u011b r\u00e9toriky, a to kv\u016fli zm\u011bn\u011b syst\u00e9mu \u0159\u00edzen\u00ed v B\u00edl\u00e9m dom\u011b.<\/p>\n<p><strong>Nejh\u016f\u0159e tuto zm\u011bnu odnesou nejv\u011bt\u0161\u00ed zast\u00e1nci v\u00e1lky na Ukrajin\u011b, kte\u0159\u00ed s v\u00e1lkou spojili svoji politickou kari\u00e9ru.<\/strong>\u00a0To se t\u00fdk\u00e1 p\u0159edev\u0161\u00edm hlavn\u00edch p\u0159edstavitel\u016f Pobaltsk\u00fdch st\u00e1t\u016f a rovn\u011b\u017e Petra Fialy a jeho vl\u00e1dy. Nen\u00ed ani vylou\u010deno, \u017ee Trump pov\u011b\u0159\u00ed Petra Fialu, aby jel do Kyjeva a p\u0159esv\u011bd\u010dil Zelensk\u00e9ho k ukon\u010den\u00ed v\u00e1lky. Americk\u00fd tisk ji\u017e toti\u017e spekuluje o tom, s k\u00fdm bude Trump spolupracovat v Evrop\u011b na ukon\u010den\u00ed v\u00e1lky na Ukrajin\u011b, p\u0159i\u010dem\u017e padaj\u00ed r\u016fzn\u00e1 jm\u00e9na, od Borise Johnsona a\u017e po Petra Fialu.<\/p>\n<figure id=\"attachment_59409\" class=\"wp-caption aligncenter\" style=\"width: 666px;\"><a href=\"https:\/\/aeronet.news\/wp-content\/uploads\/FialaVrbeticeRuskoFeat.jpg\"><img decoding=\"async\" loading=\"lazy\" class=\"wp-image-59409 \" src=\"https:\/\/aeronet.news\/wp-content\/uploads\/FialaVrbeticeRuskoFeat-1024x686.jpg\" sizes=\"(max-width: 700px) 100vw, 700px\" srcset=\"https:\/\/aeronet.news\/wp-content\/uploads\/FialaVrbeticeRuskoFeat-1024x686.jpg 1024w, https:\/\/aeronet.news\/wp-content\/uploads\/FialaVrbeticeRuskoFeat-300x201.jpg 300w, https:\/\/aeronet.news\/wp-content\/uploads\/FialaVrbeticeRuskoFeat-768x515.jpg 768w, https:\/\/aeronet.news\/wp-content\/uploads\/FialaVrbeticeRuskoFeat-700x469.jpg 700w, https:\/\/aeronet.news\/wp-content\/uploads\/FialaVrbeticeRuskoFeat-533x357.jpg 533w, https:\/\/aeronet.news\/wp-content\/uploads\/FialaVrbeticeRuskoFeat-721x483.jpg 721w, https:\/\/aeronet.news\/wp-content\/uploads\/FialaVrbeticeRuskoFeat.jpg 1280w\" alt=\"\" width=\"666\" height=\"446\" \/><\/a><figcaption class=\"wp-caption-text\">Jestli Trump po\u017e\u00e1d\u00e1 Fialu o pomoc s p\u0159esv\u011bd\u010den\u00edm Zelensk\u00e9ho k ukon\u010den\u00ed v\u00e1lky, bude v\u00fdraz premi\u00e9ra Fialy asi k nezaplacen\u00ed<\/figcaption><\/figure>\n<p>Zn\u00ed to neuv\u011b\u0159iteln\u011b, ale m\u00e1 to svoji logiku. Pr\u00e1v\u011b Johnson a Fiala maj\u00ed na Zelensk\u00e9ho nejv\u011bt\u0161\u00ed vliv a pokud Trump bude cht\u00edt na Zelensk\u00e9ho zatla\u010dit, pou\u017eije k tomu pr\u00e1v\u011b lidi, kte\u0159\u00ed m\u011bli v minulosti na \u0143ucha\u010denka nejv\u011bt\u0161\u00ed vliv. Ten u\u017e p\u0159itom mus\u00ed v\u011bd\u011bt, \u017ee v USA si s n\u00edm doslova vyt\u00edraj\u00ed pozad\u00ed, proto\u017ee ve st\u0159edu vypukl dal\u0161\u00ed mini-skand\u00e1l okolo tzv. Pl\u00e1nu v\u00edt\u011bzstv\u00ed.<\/p>\n<p>Ten obsahoval i n\u011bkolik tajn\u00fdch dodatk\u016f, kter\u00e9 ale americk\u00e1 administrativa nechala uniknout americk\u00fdm m\u00e9di\u00edm a uk\u00e1zalo se, \u017ee Zelensk\u00fd cht\u011bl v tajn\u00fdch p\u0159\u00edloh\u00e1ch od Ameri\u010dan\u016f rakety s plochou dr\u00e1hou letu BGM-109 Tomahawk s doletem 2 400 km. Tyto rakety by mohly dolet\u011bt a\u017e za Ural. N\u011bkdo z americk\u00e9 administrativy nechal tyto informace uniknout do americk\u00fdch m\u00e9di\u00ed a Zelensk\u00fd se roz\u010d\u00edlil, \u017ee pr\u00fd nelze u\u017e nikomu v\u011b\u0159it. M\u011blo to pr\u00fd z\u016fstat utajen\u00e9, ale Ameri\u010dan\u00e9 to zve\u0159ejnili.<\/p>\n<h6><span style=\"font-size: 18pt;\">Americk\u00e1 st\u00e1tn\u00ed moc podrazila Zelensk\u00e9ho a p\u0159edala americk\u00fdm novin\u00e1\u0159\u016fm tajn\u00e9 dodatky jeho Pl\u00e1nu v\u00edt\u011bzstv\u00ed<\/span><\/h6>\n<p>Den\u00edk New York Times toti\u017e tento t\u00fdden uvedl\u00a0<strong>[<a href=\"https:\/\/href.li\/?https:\/\/www.rt.com\/russia\/606743-zelensky-tomahawk-leak-nyt\/\" target=\"_blank\" rel=\"nofollow noopener\">2<\/a>]<\/strong>, \u017ee Kyjev po\u017e\u00e1dal USA o st\u0159ely Tomahawk s plochou dr\u00e1hou letu, aby mohl zas\u00e1hnout c\u00edle hluboko v Rusku.\u00a0<strong>Zdroje listu tuto \u017e\u00e1dost ozna\u010dily za \u201c<em>zcela nesplnitelnou<\/em>\u201c. Poskytnut\u00ed t\u011bchto zbran\u00ed, kter\u00e9 maj\u00ed dolet a\u017e 2 400 km, bylo pops\u00e1no jako nezbytn\u00e9<\/strong>, aby tvo\u0159ily sou\u010d\u00e1st konven\u010dn\u00edch odstra\u0161uj\u00edc\u00edch sil po\u017eadovan\u00fdch Zelensk\u00fdm. V rozhovoru se z\u00e1padn\u00edmi novin\u00e1\u0159i v Kyjev\u011b si Zelensk\u00fd ve st\u0159edu st\u011b\u017eoval, \u017ee se po\u017eadavek na Tomahawky dostal na ve\u0159ejnost. \u201c<em>Byla to d\u016fv\u011brn\u00e1 informace mezi Ukrajinou a B\u00edl\u00fdm domem,<\/em>\u201d \u0159ekl, kdy\u017e mluvil anglicky. \u00danik informac\u00ed interpretoval tak, \u017ee komunikace s Washingtonem u\u017e nen\u00ed d\u016fv\u011brn\u00e1 a nelze Ameri\u010dan\u016fm u\u017e v\u011b\u0159it.<\/p>\n<figure id=\"attachment_50288\" class=\"wp-caption aligncenter\" style=\"width: 631px;\"><a href=\"https:\/\/aeronet.news\/wp-content\/uploads\/Tomahawk-LongRange.jpg\"><img decoding=\"async\" loading=\"lazy\" class=\"wp-image-50288 \" src=\"https:\/\/aeronet.news\/wp-content\/uploads\/Tomahawk-LongRange-1024x768.jpg\" sizes=\"(max-width: 700px) 100vw, 700px\" srcset=\"https:\/\/aeronet.news\/wp-content\/uploads\/Tomahawk-LongRange-1024x768.jpg 1024w, https:\/\/aeronet.news\/wp-content\/uploads\/Tomahawk-LongRange-300x225.jpg 300w, https:\/\/aeronet.news\/wp-content\/uploads\/Tomahawk-LongRange-768x576.jpg 768w, https:\/\/aeronet.news\/wp-content\/uploads\/Tomahawk-LongRange-700x525.jpg 700w, https:\/\/aeronet.news\/wp-content\/uploads\/Tomahawk-LongRange-476x357.jpg 476w, https:\/\/aeronet.news\/wp-content\/uploads\/Tomahawk-LongRange-644x483.jpg 644w, https:\/\/aeronet.news\/wp-content\/uploads\/Tomahawk-LongRange.jpg 1280w\" alt=\"\" width=\"631\" height=\"473\" \/><\/a><figcaption class=\"wp-caption-text\">BMG-109 Tomahawk<\/figcaption><\/figure>\n<p>Kyjev po\u017e\u00e1dal o dal\u0161\u00ed zbran\u011b dlouh\u00e9ho doletu na z\u00e1klad\u011b slibu, \u017ee \u201c<em>pou\u017eijeme je pouze v p\u0159\u00edpad\u011b, \u017ee Rusko nezastav\u00ed v\u00e1lku,<\/em>\u201d \u0159ekl Zelensk\u00fd, ale z\u00e1padn\u00ed p\u0159edstavitel\u00e9 mu \u0159ekli, \u017ee by to znamenalo eskalaci konfliktu, proto\u017ee je pr\u00fd jasn\u00e9, \u017ee Rusko opravdu v\u00e1lku nezastav\u00ed, dokud nedos\u00e1hne sv\u00fdch c\u00edl\u016f. Rusk\u00fd prezident Vladimir Putin varoval USA a jejich spojence, \u017ee Moskva bude pova\u017eovat jak\u00fdkoli Z\u00e1padem zprost\u0159edkovan\u00fd \u00fader hluboko uvnit\u0159 Ruska za \u00fatok stran, kter\u00e9 zbran\u011b dodaly.<\/p>\n<p>Zelensk\u00fd prohl\u00e1sil, \u017ee k \u00faniku informac\u00ed do\u0161lo pot\u00e9, co \u201c<em>mnoho zem\u00ed<\/em>\u201d podpo\u0159ilo jeho \u201c<em>pl\u00e1n v\u00edt\u011bzstv\u00ed<\/em>\u201c.\u00a0<strong>\u010cetn\u00e9 zpr\u00e1vy z\u00e1padn\u00edch m\u00e9di\u00ed a n\u011bkte\u0159\u00ed p\u0159edstavitel\u00e9 v\u0161ak uv\u00e1d\u011bli, \u017ee pl\u00e1n byl z velk\u00e9 \u010d\u00e1sti odm\u00edtnut a Zelensk\u00e9ho tvrzen\u00ed o podpo\u0159e mnoha zem\u00ed je p\u0159inejmen\u0161\u00edm hodn\u011b nadnesen\u00e9<\/strong>. N\u00e1vrh po\u017eaduje okam\u017eit\u00e9 pozv\u00e1n\u00ed Ukrajiny do NATO a dal\u0161\u00ed opat\u0159en\u00ed, kter\u00e1 by zv\u00fd\u0161ila zapojen\u00ed Z\u00e1padu do konfliktu. Ukrajinsk\u00fd v\u016fdce spr\u00e1vnost zpr\u00e1vy den\u00edku New York Times nezpochybnil.<\/p>\n<h6><span style=\"font-size: 18pt;\">Darovan\u00e1 pistole od Petra Pavla mo\u017en\u00e1 opravdu spln\u00ed svoj\u00ed funkci a ukon\u010d\u00ed v\u00e1lku na Ukrajin\u011b, ale jinak, ne\u017e se p\u016fvodn\u011b o\u010dek\u00e1valo<\/span><\/h6>\n<p>Vyj\u00e1d\u0159il se tak k \u00fadajn\u00e9mu rozm\u00edst\u011bn\u00ed severokorejsk\u00fdch vojsk v Rusku, kter\u00e9 Moskva nepotvrdila ani nevyvr\u00e1tila. Pentagon tento t\u00fdden vyhodnotil, \u017ee Pchjongjang vyslal a\u017e 10 000 voj\u00e1k\u016f k v\u00fdcviku a mo\u017en\u00e9mu nasazen\u00ed proti ukrajinsk\u00fdm sil\u00e1m v rusk\u00e9 Kursk\u00e9 oblasti, kde Kyjev v srpnu zah\u00e1jil p\u0159eshrani\u010dn\u00ed invazi. Americk\u00fd prezident Joe Biden prohl\u00e1sil, \u017ee Ukrajinci by m\u011bli zas\u00e1hnout proti Severokorejc\u016fm pouze tehdy, \u201c<em>pokud p\u0159ekro\u010d\u00ed hranice Ukrajiny<\/em>\u201c. Ov\u0161em zapomn\u011bl na to, \u017ee Ukrajinci bojuj\u00ed st\u00e1le v Kursk\u00e9 oblasti na rusk\u00e9m \u00fazem\u00ed, kde se s Korejci dozajista st\u0159etnou.<\/p>\n<figure id=\"attachment_55584\" class=\"wp-caption aligncenter\" style=\"width: 716px;\"><a href=\"https:\/\/aeronet.news\/wp-content\/uploads\/CZ75_Pavel_Zelensky.jpg\"><img decoding=\"async\" loading=\"lazy\" class=\"wp-image-55584 \" src=\"https:\/\/aeronet.news\/wp-content\/uploads\/CZ75_Pavel_Zelensky.jpg\" sizes=\"(max-width: 1024px) 100vw, 1024px\" srcset=\"https:\/\/aeronet.news\/wp-content\/uploads\/CZ75_Pavel_Zelensky.jpg 1024w, https:\/\/aeronet.news\/wp-content\/uploads\/CZ75_Pavel_Zelensky-150x150.jpg 150w, https:\/\/aeronet.news\/wp-content\/uploads\/CZ75_Pavel_Zelensky-300x300.jpg 300w, https:\/\/aeronet.news\/wp-content\/uploads\/CZ75_Pavel_Zelensky-768x768.jpg 768w, https:\/\/aeronet.news\/wp-content\/uploads\/CZ75_Pavel_Zelensky-700x700.jpg 700w, https:\/\/aeronet.news\/wp-content\/uploads\/CZ75_Pavel_Zelensky-357x357.jpg 357w, https:\/\/aeronet.news\/wp-content\/uploads\/CZ75_Pavel_Zelensky-483x483.jpg 483w, https:\/\/aeronet.news\/wp-content\/uploads\/CZ75_Pavel_Zelensky-210x210.jpg 210w\" alt=\"\" width=\"716\" height=\"716\" \/><\/a><figcaption class=\"wp-caption-text\">Petr Pavel daroval Zelensk\u00e9mu pistoli CZ-75<\/figcaption><\/figure>\n<p>Uniknut\u00ed tajn\u00fdch p\u0159\u00edloh Zelensk\u00e9ho Pl\u00e1nu v\u00edt\u011bzstv\u00ed do americk\u00e9ho tisku je fackou Zelensk\u00e9mu, aby si uv\u011bdomil, \u017ee\u00a0<strong>v USA ji\u017e podpora pro v\u00e1lku na Ukrajin\u011b nen\u00ed, minim\u00e1ln\u011b ne ze strany Republik\u00e1n\u016f, kte\u0159\u00ed vid\u00ed nep\u0159\u00edtele USA n\u011bkde \u00fapln\u011b jinde, a to v \u010c\u00edn\u011b a tak\u00e9 v \u00cdr\u00e1nu, proto\u017ee jde o z\u00e1jem Izraele.<\/strong>\u00a0V\u017eijte se do pozice Zelensk\u00e9ho \u2013 v\u011b\u0159il Ameri\u010dan\u016fm, poslal jim pl\u00e1n na por\u00e1\u017eku Ruska, dostalo se mu ale odm\u00edtnut\u00ed, a je\u0161t\u011b do\u0161lo k uve\u0159ejn\u011bn\u00ed tajn\u00fdch dodatk\u016f, kter\u00e9 m\u011bly z\u016fstat p\u0159\u00edsn\u011b utajeny.<\/p>\n<p>Jak\u00fd vzkaz to vys\u00edl\u00e1 o vztaz\u00edch mezi Zelensk\u00fdm a americkou st\u00e1tn\u00ed moc\u00ed? Je to prost\u011b sign\u00e1l o pohrd\u00e1n\u00ed Zelensk\u00fdm. To je cel\u00e9. A na Ukrajin\u011b ji\u017e gener\u00e1lov\u00e9 mluv\u00ed otev\u0159en\u011b o p\u00e1du fronty, jeho b\u00fdval\u00ed poradci o idiotismu pokra\u010dov\u00e1n\u00ed v\u00e1lky a \u0161\u00e9fov\u00e9 bezpe\u010dnostn\u00edch v\u00fdbor\u016f parlamentu o tom, \u017ee Ukrajina v\u00e1lku prohr\u00e1v\u00e1. Suma sum\u00e1rum, brzy m\u016f\u017ee doj\u00edt \u0159ada na pistoli, kterou Zelensk\u00fd obdr\u017eel darem od \u010desk\u00e9ho rozv\u011bd\u010d\u00edka z Hradu. Takov\u00e1 je realita.<\/p>\n<p><a href=\"https:\/\/aeronet.news\/jsme-uplni-idioti-alexej-arestovic-se-transformoval-na-chcimira-toho-nejtvrdsiho-kalibru-a-v-poslednim-videu-rozebral-zoufalou-pozici-ukrajiny-jako-porazene-zeme-ktera-neukoncila-valku\/\">-VK-<\/a><\/p>\n<p>&nbsp;<\/p>\n","protected":false},"excerpt":{"rendered":"<p>Jsme \u00fapln\u00ed idioti! Alexej Arestovi\u010d se transformoval na \u201cchcim\u00edra\u201d toho nejtvrd\u0161\u00edho kalibru a v posledn\u00edm&#8230;<\/p>\n","protected":false},"author":2,"featured_media":65244,"comment_status":"closed","ping_status":"closed","sticky":false,"template":"","format":"standard","meta":[],"categories":[6],"tags":[1042,535,26,1000],"_links":{"self":[{"href":"https:\/\/www.infokuryr.cz\/n\/wp-json\/wp\/v2\/posts\/65243"}],"collection":[{"href":"https:\/\/www.infokuryr.cz\/n\/wp-json\/wp\/v2\/posts"}],"about":[{"href":"https:\/\/www.infokuryr.cz\/n\/wp-json\/wp\/v2\/types\/post"}],"author":[{"embeddable":true,"href":"https:\/\/www.infokuryr.cz\/n\/wp-json\/wp\/v2\/users\/2"}],"replies":[{"embeddable":true,"href":"https:\/\/www.infokuryr.cz\/n\/wp-json\/wp\/v2\/comments?post=65243"}],"version-history":[{"count":1,"href":"https:\/\/www.infokuryr.cz\/n\/wp-json\/wp\/v2\/posts\/65243\/revisions"}],"predecessor-version":[{"id":65245,"href":"https:\/\/www.infokuryr.cz\/n\/wp-json\/wp\/v2\/posts\/65243\/revisions\/65245"}],"wp:featuredmedia":[{"embeddable":true,"href":"https:\/\/www.infokuryr.cz\/n\/wp-json\/wp\/v2\/media\/65244"}],"wp:attachment":[{"href":"https:\/\/www.infokuryr.cz\/n\/wp-json\/wp\/v2\/media?parent=65243"}],"wp:term":[{"taxonomy":"category","embeddable":true,"href":"https:\/\/www.infokuryr.cz\/n\/wp-json\/wp\/v2\/categories?post=65243"},{"taxonomy":"post_tag","embeddable":true,"href":"https:\/\/www.infokuryr.cz\/n\/wp-json\/wp\/v2\/tags?post=65243"}],"curies":[{"name":"wp","href":"https:\/\/api.w.org\/{rel}","templated":true}]}}