{"id":65242,"date":"2024-10-31T04:05:28","date_gmt":"2024-10-31T03:05:28","guid":{"rendered":"https:\/\/www.infokuryr.cz\/n\/?p=65242"},"modified":"2024-10-31T04:05:28","modified_gmt":"2024-10-31T03:05:28","slug":"nejnovejsi-data-z-cdc-ukazuji-explozi-rakoviny-14-tydnu-po-spusteni-covidoveho-ockovani-a-rust-se-dale-zrychluje","status":"publish","type":"post","link":"https:\/\/www.infokuryr.cz\/n\/2024\/10\/31\/nejnovejsi-data-z-cdc-ukazuji-explozi-rakoviny-14-tydnu-po-spusteni-covidoveho-ockovani-a-rust-se-dale-zrychluje\/","title":{"rendered":"Nejnov\u011bj\u0161\u00ed data z CDC ukazuj\u00ed explozi rakoviny 14 t\u00fddn\u016f po spu\u0161t\u011bn\u00ed covidov\u00e9ho o\u010dkov\u00e1n\u00ed a r\u016fst se d\u00e1le zrychluje"},"content":{"rendered":"<div id=\"fb-root\"><\/div>\n<p><strong>Nejnov\u011bj\u0161\u00ed \u00fadaje z\u00edskan\u00e9 z americk\u00e9ho\u00a0<em>Centra pro kontrolu a prevenci nemoc\u00ed<\/em>\u00a0(CDC) odhaluj\u00ed, \u017ee p\u0159\u00edpady rakoviny za\u010daly prudce stoupat 14 t\u00fddn\u016f po zaveden\u00ed mRNA vakc\u00edn proti Covidu-19 a tyto po\u010dty meziro\u010dn\u011b rostou dodnes.<\/strong><\/p>\n<p><span>Diagn\u00f3zy rakoviny a \u00famrt\u00ed na rakovinu stoupaj\u00ed ve v\u0161ech v\u011bkov\u00fdch skupin\u00e1ch a rovn\u011b\u017e spir\u00e1lovit\u011b stoupaj\u00ed n\u00e1klady na l\u00e9\u010dbu \u2013 zd\u00e1 se v\u0161ak, \u017ee vl\u00e1dy a m\u00e9dia hlavn\u00edho proudu tuto tichou krizi zaml\u010duj\u00ed, p\u0159\u00edpadn\u011b bagatelizuj\u00ed, p\u0159esto\u017ee data hovo\u0159\u00ed jasnou \u0159e\u010d\u00ed.<\/span><\/p>\n<p><span>Ned\u00e1vn\u00e9 \u00fadaje z CDC a\u00a0<\/span><em><span>Americk\u00e9ho \u00fa\u0159adu pro statistiku pr\u00e1ce<\/span><\/em><span>\u00a0(USBLS) po zkombinov\u00e1n\u00ed ukazuj\u00ed v\u00fdznamn\u00fd n\u00e1r\u016fst neo\u010dek\u00e1van\u00fdch \u00famrt\u00ed souvisej\u00edc\u00edch s rakovinou a nov\u00fdch diagn\u00f3z, zejm\u00e9na mezi mlad\u0161\u00ed populac\u00ed.<\/span><\/p>\n<p><span>To vyvol\u00e1v\u00e1 ot\u00e1zky a obavy z dlouhodob\u00fdch n\u00e1sledk\u016f zaveden\u00ed mRNA \u201evakc\u00edn\u201c za\u010d\u00e1tkem roku 2021.<\/span><\/p>\n<p><span>Podle nejnov\u011bj\u0161\u00edch \u00fadaj\u016f z USA jsou neo\u010dek\u00e1van\u00e1 \u00famrt\u00ed souvisej\u00edc\u00ed s rakovinou nyn\u00ed o 7,8 % vy\u0161\u0161\u00ed, ne\u017e se p\u0159edpokl\u00e1dalo v roce 2024, proto\u017ee meziro\u010dn\u00ed n\u00e1r\u016fsty nad\u00e1le exponenci\u00e1ln\u011b rostou. V\u00fdvoj \u00famrt\u00ed si m\u016f\u017eete prohl\u00e9dnout na n\u00e1sleduj\u00edc\u00edm grafu:<\/span><\/p>\n<p><img decoding=\"async\" loading=\"lazy\" class=\"aligncenter size-full wp-image-68451\" src=\"https:\/\/www.badatel.net\/wp-content\/uploads\/2024\/10\/umrtia-na-rakovinu.jpeg\" sizes=\"(max-width: 1382px) 100vw, 1382px\" srcset=\"https:\/\/www.badatel.net\/wp-content\/uploads\/2024\/10\/umrtia-na-rakovinu.jpeg 1382w, https:\/\/www.badatel.net\/wp-content\/uploads\/2024\/10\/umrtia-na-rakovinu-300x95.jpeg 300w, https:\/\/www.badatel.net\/wp-content\/uploads\/2024\/10\/umrtia-na-rakovinu-1024x325.jpeg 1024w, https:\/\/www.badatel.net\/wp-content\/uploads\/2024\/10\/umrtia-na-rakovinu-768x243.jpeg 768w\" alt=\"\" width=\"1382\" height=\"438\" \/><\/p>\n<p><em><span>Zdroj: Centrum pro kontrolu a prevenci nemoc\u00ed (CDC)<\/span><\/em><\/p>\n<p><span>Mezit\u00edm se ro\u010dn\u00ed m\u00edra r\u016fstu nov\u00fdch diagn\u00f3z rakoviny vy\u0161plhala na 2,3 %, co\u017e je desetkr\u00e1t v\u00edce ne\u017e v p\u0159edchoz\u00edch letech. Tato rychlost r\u016fstu je bezprecedentn\u00ed a signalizuje rapidn\u00ed n\u00e1r\u016fst vlivu rakoviny na celou populaci USA.<\/span><\/p>\n<p><span>Uveden\u00e9 statistiky nazna\u010duj\u00ed, \u017ee k tomuto n\u00e1r\u016fstu by mohly p\u0159isp\u00edvat nov\u00e9 faktory, kter\u00e9 vy\u017eaduj\u00ed d\u016fkladn\u00e9 zkoum\u00e1n\u00ed a opat\u0159en\u00ed ve\u0159ejn\u00e9ho zdravotnictv\u00ed s c\u00edlem identifikovat z\u00e1kladn\u00ed p\u0159\u00ed\u010diny a \u0159e\u0161en\u00ed.<\/span><\/p>\n<p><span>Zd\u00e1 se v\u0161ak, \u017ee nam\u00edsto spu\u0161t\u011bn\u00ed transparentn\u00edho vy\u0161et\u0159ov\u00e1n\u00ed v oblasti ve\u0159ejn\u00e9ho zdrav\u00ed se vl\u00e1da, mainstreamov\u00e1 m\u00e9dia a farmaceutick\u00e9 spole\u010dnosti v\u00edce zam\u011b\u0159uj\u00ed na zaml\u017eov\u00e1n\u00ed fakt\u016f a manipulaci s \u00fadaji, p\u0159i\u010dem\u017e se vyh\u00fdbaj\u00ed slo\u017eit\u00fdm pravd\u00e1m, kter\u00e9 by m\u011bly b\u00fdt o\u010dkovan\u00fdm jednotlivc\u016fm \u0159e\u010deno.<\/span><\/p>\n<p><span>S n\u00e1r\u016fstem p\u0159\u00edpad\u016f rakoviny rostou i souvisej\u00edc\u00ed n\u00e1klady na l\u00e9\u010dbu. Po o\u010di\u0161t\u011bn\u00ed o inflaci se n\u00e1klady na l\u00e9\u010dbu zv\u00fd\u0161ily o 19%, co\u017e p\u0159edstavuje ekonomick\u00fd tlak pro syst\u00e9my zdravotn\u00ed p\u00e9\u010de a rovn\u011b\u017e pro pacienty.<\/span><\/p>\n<p><span>Vzhledem k tomu, \u017ee l\u00e9\u010dba rakoviny je pro mnoh\u00e9 pacienty finan\u010dn\u011b zat\u011b\u017euj\u00edc\u00ed, tento prudk\u00fd n\u00e1r\u016fst n\u00e1klad\u016f dod\u00e1v\u00e1 krizi dal\u0161\u00ed vrstvu slo\u017eitosti, kter\u00e1 ovliv\u0148uje p\u0159\u00edstup k l\u00e9\u010db\u011b zachra\u0148uj\u00edc\u00ed \u017eivoty.<\/span><\/p>\n<p><span>Jedin\u00ed lid\u00e9 spokojeni s touto situac\u00ed jsou akcion\u00e1\u0159i a zam\u011bstnanci spole\u010dnosti Pfizer, kte\u0159\u00ed vsadili 43 miliard dolar\u016f na to, \u017ee v roce 2024 turbo rakovina exploduje po cel\u00e9m sv\u011bt\u011b. Zd\u00e1 se, \u017ee m\u011bli d\u016fv\u011brn\u00e9 informace.<\/span><\/p>\n<p><span>Je pozoruhodn\u00e9, \u017ee prudk\u00fd n\u00e1r\u016fst v\u00fdskytu rakoviny neovliv\u0148uje jen star\u0161\u00ed jedince. Lid\u00e9 ve v\u011bku 0 a\u017e 54 let zaznamenali 30,9% n\u00e1r\u016fst p\u0159\u00edpad\u016f rakoviny, co\u017e je znepokojiv\u00fd trend, kter\u00fd je v rozporu s tradi\u010dn\u00edm pohledem na rakovinu jako prim\u00e1rn\u00ed onemocn\u011bn\u00ed star\u0161\u00edch lid\u00ed.<\/span><\/p>\n<p><span>Tento posun sm\u011brem k mlad\u0161\u00ed demografii vy\u017eaduje dal\u0161\u00ed v\u00fdzkum potenci\u00e1ln\u00edho vlivu \u017eivotn\u00edho prost\u0159ed\u00ed, \u017eivotn\u00edho stylu nebo jin\u00fdch faktor\u016f, v\u010detn\u011b o\u010dkov\u00e1n\u00ed\u00a0<\/span><a href=\"https:\/\/www.badatel.net\/japonski-vedci-zistili-ze-covidove-mrna-vakciny-49-nasobne-zvysuju-riziko-zlyhania-srdca\/\"><span>mRNA vakc\u00ednami<\/span><\/a><span>\u00a0, kter\u00e9 zjevn\u011b p\u0159isp\u00edvaj\u00ed ke zv\u00fd\u0161en\u00e9mu riziku rakoviny u mlad\u0161\u00edch lid\u00ed.<\/span><\/p>\n<p><span>\u00dadaje jasn\u011b ukazuj\u00ed, \u017ee n\u00e1r\u016fst p\u0159\u00edpad\u016f rakoviny a souvisej\u00edc\u00ed l\u00e9\u010dby za\u010dal kolem 14. t\u00fddne v roce 2021, co\u017e p\u0159edstavuje takzvan\u00fd inflexn\u00ed bod.<\/span><\/p>\n<p><span>Toto na\u010dasov\u00e1n\u00ed je v souladu se zaveden\u00edm vakc\u00edn proti Covidu-19 na za\u010d\u00e1tku roku 2021. Pochopen\u00ed \u010dasov\u00e9ho v\u00fdvoje je pro v\u00fdzkumn\u00edky kl\u00ed\u010dov\u00e9, proto\u017ee se sna\u017e\u00ed identifikovat faktory, kter\u00e9 k \u010detnosti p\u0159\u00edpad\u016f rakoviny p\u0159isp\u00edvaj\u00ed.<\/span><\/p>\n<p><span>Jak dlouho bude trvat, ne\u017e bude spole\u010dnost dostate\u010dn\u011b zral\u00e1 na to, aby si sedla a vedla up\u0159\u00edmnou a \u010destnou diskusi o katastrof\u00e1ln\u00edch d\u016fsledc\u00edch zaveden\u00ed mRNA vakc\u00edn proti Covidu-19?<\/span><\/p>\n<p><span>Baxter Dmitry,\u00a0<\/span><a href=\"https:\/\/thepeoplesvoice.tv\/latest-cdc-data-cancer-cases-skyrocketed-14-weeks-post-vaccine-rollout-and-the-surge-continues\/\" target=\"_blank\" rel=\"noopener\"><span>thepeoplesvoice.tv<\/span><\/a><\/p>\n<p>&nbsp;<\/p>\n","protected":false},"excerpt":{"rendered":"<p>Nejnov\u011bj\u0161\u00ed \u00fadaje z\u00edskan\u00e9 z americk\u00e9ho\u00a0Centra pro kontrolu a prevenci nemoc\u00ed\u00a0(CDC) odhaluj\u00ed, \u017ee p\u0159\u00edpady rakoviny za\u010daly&#8230;<\/p>\n","protected":false},"author":2,"featured_media":48273,"comment_status":"closed","ping_status":"closed","sticky":false,"template":"","format":"standard","meta":[],"categories":[7],"tags":[23,213,6750,5347],"_links":{"self":[{"href":"https:\/\/www.infokuryr.cz\/n\/wp-json\/wp\/v2\/posts\/65242"}],"collection":[{"href":"https:\/\/www.infokuryr.cz\/n\/wp-json\/wp\/v2\/posts"}],"about":[{"href":"https:\/\/www.infokuryr.cz\/n\/wp-json\/wp\/v2\/types\/post"}],"author":[{"embeddable":true,"href":"https:\/\/www.infokuryr.cz\/n\/wp-json\/wp\/v2\/users\/2"}],"replies":[{"embeddable":true,"href":"https:\/\/www.infokuryr.cz\/n\/wp-json\/wp\/v2\/comments?post=65242"}],"version-history":[{"count":0,"href":"https:\/\/www.infokuryr.cz\/n\/wp-json\/wp\/v2\/posts\/65242\/revisions"}],"wp:featuredmedia":[{"embeddable":true,"href":"https:\/\/www.infokuryr.cz\/n\/wp-json\/wp\/v2\/media\/48273"}],"wp:attachment":[{"href":"https:\/\/www.infokuryr.cz\/n\/wp-json\/wp\/v2\/media?parent=65242"}],"wp:term":[{"taxonomy":"category","embeddable":true,"href":"https:\/\/www.infokuryr.cz\/n\/wp-json\/wp\/v2\/categories?post=65242"},{"taxonomy":"post_tag","embeddable":true,"href":"https:\/\/www.infokuryr.cz\/n\/wp-json\/wp\/v2\/tags?post=65242"}],"curies":[{"name":"wp","href":"https:\/\/api.w.org\/{rel}","templated":true}]}}