{"id":65210,"date":"2024-10-31T00:33:05","date_gmt":"2024-10-30T23:33:05","guid":{"rendered":"https:\/\/www.infokuryr.cz\/n\/?p=65210"},"modified":"2024-10-30T15:11:47","modified_gmt":"2024-10-30T14:11:47","slug":"jizni-afrika-predklada-750-stran-dukazu-v-procesu-genocidy-proti-izraeli","status":"publish","type":"post","link":"https:\/\/www.infokuryr.cz\/n\/2024\/10\/31\/jizni-afrika-predklada-750-stran-dukazu-v-procesu-genocidy-proti-izraeli\/","title":{"rendered":"Ji\u017en\u00ed Afrika p\u0159edkl\u00e1d\u00e1 750 stran d\u016fkaz\u016f v procesu genocidy proti Izraeli"},"content":{"rendered":"<div id=\"fb-root\"><\/div>\n<div class=\"elementor-element elementor-element-1fb4c2c elementor-widget elementor-widget-theme-post-content\" data-id=\"1fb4c2c\" data-element_type=\"widget\" data-widget_type=\"theme-post-content.default\">\n<div class=\"elementor-widget-container\">\n<p><strong>D\u016fkazy zahrnuj\u00ed ned\u00e1vn\u00e1 prohl\u00e1\u0161en\u00ed vysok\u00fdch izraelsk\u00fdch p\u0159edstavitel\u016f, kte\u0159\u00ed schvaluj\u00ed etnick\u00e9 \u010distky v p\u00e1smu Gazy s c\u00edlem vybudovat \u017eidovsk\u00e9 osady na pokraji ni\u010den\u00ed.<\/strong><\/p>\n<p><span>Jihoafrick\u00fd pr\u00e1vn\u00ed t\u00fdm p\u0159edlo\u017eil 28. \u0159\u00edjna Mezin\u00e1rodn\u00edmu soudn\u00edmu dvoru (ICJ) stovky dokument\u016f obsahuj\u00edc\u00edch \u201enezpochybniteln\u00e9 d\u016fkazy\u201c o genocidn\u00edch akc\u00edch izraelsk\u00e9 arm\u00e1dy v p\u00e1smu Gazy, stejn\u011b jako prohl\u00e1\u0161en\u00ed \u00fa\u0159ad\u016f nazna\u010duj\u00edc\u00ed genocidn\u00ed z\u00e1m\u011br.<\/span><\/p>\n<p><span>&#8222;D\u016fkazy uk\u00e1\u017eou, \u017ee izraelsk\u00e9 \u010diny maj\u00ed z\u00e1m\u011brn\u00fd z\u00e1m\u011br sp\u00e1chat genocidu.&#8220; \u201eKrom\u011b toho je Izrael obvi\u0148ov\u00e1n, \u017ee nezabr\u00e1nil podn\u011bcov\u00e1n\u00ed ke genocid\u011b, nezastavil genocidu samotnou a neuvalil tresty na podn\u011bcovatele,\u201c stoj\u00ed v prohl\u00e1\u0161en\u00ed Pretorie.<\/span><\/p>\n<p><span>D\u00e1le se uv\u00e1d\u00ed, \u017ee pam\u00e1tn\u00edk v Ji\u017en\u00ed Africe je v\u00fdzvou celosv\u011btov\u00e9mu spole\u010denstv\u00ed, aby projevilo solidaritu s palestinsk\u00fdm lidem a ukon\u010dilo katastrofu. &#8222;Zpusto\u0161en\u00ed a utrpen\u00ed bylo umo\u017en\u011bno, proto\u017ee Izrael neplnil sv\u00e9 mezin\u00e1rodn\u00ed z\u00e1vazky, a to navzdory opat\u0159en\u00edm Mezin\u00e1rodn\u00edho soudn\u00edho dvora a mnoha org\u00e1n\u016f OSN,&#8220; zd\u016fraznilo prohl\u00e1\u0161en\u00ed.<\/span><\/p>\n<p><span>P\u0159edlo\u017een\u00fd pam\u00e1tn\u00edk ofici\u00e1ln\u011b obsahuje p\u0159es 750 stran textu a v\u00edce ne\u017e 4000 stran p\u0159\u00edloh. V rozhovoru pro Al-D\u017eaz\u00edru \u00fa\u0159edn\u00edci vyj\u00e1d\u0159ili p\u0159esv\u011bd\u010den\u00ed, \u017ee rozs\u00e1hl\u00e9 d\u016fkazy jejich p\u0159\u00edpad podpo\u0159\u00ed. &#8222;N\u00e1\u0161 probl\u00e9m je sp\u00ed\u0161e v tom, \u017ee m\u00e1me p\u0159\u00edli\u0161 mnoho d\u016fkaz\u016f,&#8220; \u0159ekl velvyslanec Vusimuzi Madonsela, z\u00e1stupce Jihoafrick\u00e9 republiky v Haagu.<\/span><\/p>\n<p><span>Mezi p\u0159edlo\u017een\u00fdmi d\u016fkazy jsou ve\u0159ejn\u00e1 prohl\u00e1\u0161en\u00ed vysok\u00fdch izraelsk\u00fdch vl\u00e1dn\u00edch \u00fa\u0159edn\u00edk\u016f na konferenci \u201eP\u0159\u00edprava na os\u00eddlen\u00ed v p\u00e1smu Gazy\u201c, kterou zorganizovalo extremistick\u00e9 hnut\u00ed za osadu Nachala a kterou podpo\u0159ila vl\u00e1dnouc\u00ed strana Likud. Ministr n\u00e1rodn\u00ed bezpe\u010dnosti Itamar Ben-Gvir \u0159ekl: \u201eD\u00e1v\u00e1me v\u00e1m \u0161anci j\u00edt do jin\u00fdch zem\u00ed. Zem\u011b Izrael je na\u0161e.&#8220;<\/span><\/p>\n<p><span>Izrael se v sou\u010dasn\u00e9 dob\u011b sna\u017e\u00ed vyhnat des\u00edtky tis\u00edc Palestinc\u016f ze severn\u00edho p\u00e1sma Gazy a prom\u011bnit region ve vojenskou z\u00f3nu v r\u00e1mci tzv. Gener\u00e1lova pl\u00e1nu.<\/span><\/p>\n<p><span>ICJ ji\u017e 26. ledna prohl\u00e1sil, \u017ee je pravd\u011bpodobn\u00e9, \u017ee Izrael poru\u0161il \u00damluvu o genocid\u011b, a po\u017eadoval, aby se izraelsk\u00e1 arm\u00e1da zdr\u017eela takov\u00fdch akc\u00ed proti Palestinc\u016fm. Izrael pot\u00e9 zes\u00edlil svou o\u010distnou kampa\u0148 a mimo jin\u00e9 zablokoval humanit\u00e1rn\u00ed pomoc do regionu.<\/span><\/p>\n<p><span>1. \u0159\u00edjna Oxfam ozn\u00e1mil, \u017ee izraelsk\u00e1 arm\u00e1da loni v Gaze zabila v\u00edce d\u011bt\u00ed a \u017een ne\u017e v kter\u00e9koli jin\u00e9 v\u00e1lce v tomto stolet\u00ed.<\/span><\/p>\n<\/div>\n<\/div>\n<div class=\"elementor-element elementor-element-8c57238 quelle dc-has-condition dc-condition-empty elementor-widget elementor-widget-heading\" data-id=\"8c57238\" data-element_type=\"widget\" data-widget_type=\"heading.default\">\n<div class=\"elementor-widget-container\">\n<h3 class=\"elementor-heading-title elementor-size-default\"><span style=\"font-size: 10pt;\"><a href=\"https:\/\/thecradle.co\/articles\/south-africa-submits-750-pages-of-evidence-in-genocide-case-against-israel\" target=\"_blank\" rel=\"nofollow noopener\">Zdroj<\/a><\/span><\/h3>\n<p>&nbsp;<\/p>\n<\/div>\n<\/div>\n","protected":false},"excerpt":{"rendered":"<p>D\u016fkazy zahrnuj\u00ed ned\u00e1vn\u00e1 prohl\u00e1\u0161en\u00ed vysok\u00fdch izraelsk\u00fdch p\u0159edstavitel\u016f, kte\u0159\u00ed schvaluj\u00ed etnick\u00e9 \u010distky v p\u00e1smu Gazy s&#8230;<\/p>\n","protected":false},"author":2,"featured_media":65211,"comment_status":"closed","ping_status":"closed","sticky":false,"template":"","format":"standard","meta":[],"categories":[7],"tags":[8138,900,422],"_links":{"self":[{"href":"https:\/\/www.infokuryr.cz\/n\/wp-json\/wp\/v2\/posts\/65210"}],"collection":[{"href":"https:\/\/www.infokuryr.cz\/n\/wp-json\/wp\/v2\/posts"}],"about":[{"href":"https:\/\/www.infokuryr.cz\/n\/wp-json\/wp\/v2\/types\/post"}],"author":[{"embeddable":true,"href":"https:\/\/www.infokuryr.cz\/n\/wp-json\/wp\/v2\/users\/2"}],"replies":[{"embeddable":true,"href":"https:\/\/www.infokuryr.cz\/n\/wp-json\/wp\/v2\/comments?post=65210"}],"version-history":[{"count":0,"href":"https:\/\/www.infokuryr.cz\/n\/wp-json\/wp\/v2\/posts\/65210\/revisions"}],"wp:featuredmedia":[{"embeddable":true,"href":"https:\/\/www.infokuryr.cz\/n\/wp-json\/wp\/v2\/media\/65211"}],"wp:attachment":[{"href":"https:\/\/www.infokuryr.cz\/n\/wp-json\/wp\/v2\/media?parent=65210"}],"wp:term":[{"taxonomy":"category","embeddable":true,"href":"https:\/\/www.infokuryr.cz\/n\/wp-json\/wp\/v2\/categories?post=65210"},{"taxonomy":"post_tag","embeddable":true,"href":"https:\/\/www.infokuryr.cz\/n\/wp-json\/wp\/v2\/tags?post=65210"}],"curies":[{"name":"wp","href":"https:\/\/api.w.org\/{rel}","templated":true}]}}