{"id":65173,"date":"2024-10-30T00:51:33","date_gmt":"2024-10-29T23:51:33","guid":{"rendered":"https:\/\/www.infokuryr.cz\/n\/?p=65173"},"modified":"2024-10-29T19:16:40","modified_gmt":"2024-10-29T18:16:40","slug":"ruske-ministerstvo-obrany-odhalilo-podrobnosti-o-jadernych-cvicenich","status":"publish","type":"post","link":"https:\/\/www.infokuryr.cz\/n\/2024\/10\/30\/ruske-ministerstvo-obrany-odhalilo-podrobnosti-o-jadernych-cvicenich\/","title":{"rendered":"Rusk\u00e9 ministerstvo obrany odhalilo podrobnosti o jadern\u00fdch cvi\u010den\u00edch"},"content":{"rendered":"<div id=\"fb-root\"><\/div>\n<p><span style=\"font-size: 18pt;\"><strong>Cvi\u010den\u00ed strategick\u00fdch raket se \u00fa\u010dastnily bombard\u00e9ry, ponorky a pozemn\u00ed odpalovac\u00ed za\u0159\u00edzen\u00ed<\/strong><\/span><\/p>\n<p><span>Rusko provedlo cvi\u010den\u00ed sv\u00fdch strategick\u00fdch odstra\u0161uj\u00edc\u00edch sil zahrnuj\u00edc\u00edch zku\u0161ebn\u00ed odpaly mezikontinent\u00e1ln\u00edch a vzdu\u0161n\u00fdch balistick\u00fdch st\u0159el ze vzdu\u0161n\u00fdch, n\u00e1mo\u0159n\u00edch a pozemn\u00edch platforem, uvedlo ministerstvo obrany.<\/span><\/p>\n<p><span>Cvi\u010den\u00ed ozn\u00e1mil prezident Vladimir Putin jen n\u011bkolik dn\u00ed pot\u00e9, co NATO uspo\u0159\u00e1dalo vlastn\u00ed jadern\u00e1 cvi\u010den\u00ed v z\u00e1padn\u00ed Evrop\u011b.<\/span><\/p>\n<p><em><span>&#8222;V pr\u016fb\u011bhu cvi\u010den\u00ed velen\u00ed a \u0159\u00edzen\u00ed ozbrojen\u00e9 s\u00edly vypracov\u00e1vaj\u00ed mise zasazen\u00ed hromadn\u00e9ho jadern\u00e9ho \u00faderu se strategick\u00fdmi odstra\u0161uj\u00edc\u00edmi silami v reakci na nep\u0159\u00e1telsk\u00fd atomov\u00fd \u00fatok,&#8220;<\/span><\/em><span>\u00a0\u0159ekl v \u00fater\u00fd rusk\u00fd ministr obrany Andrej B\u011blousov.<\/span><\/p>\n<p><span>Podle prohl\u00e1\u0161en\u00ed ministerstva obrany se cvi\u010den\u00ed t\u00fdkala odp\u00e1len\u00ed mezikontinent\u00e1ln\u00ed balistick\u00e9 st\u0159ely Yars z kosmodromu Pleseck na testovac\u00edm m\u00edst\u011b Kura na Kam\u010datce.<\/span><\/p>\n<div style=\"width: 640px;\" class=\"wp-video\"><!--[if lt IE 9]><script>document.createElement('video');<\/script><![endif]-->\n<video class=\"wp-video-shortcode\" id=\"video-65173-1\" width=\"640\" height=\"360\" preload=\"metadata\" controls=\"controls\"><source type=\"video\/mp4\" src=\"http:\/\/www.infokuryr.cz\/n\/wp-content\/uploads\/2024\/10\/6720fa0720302752e156c642.mp4?_=1\" \/><a href=\"http:\/\/www.infokuryr.cz\/n\/wp-content\/uploads\/2024\/10\/6720fa0720302752e156c642.mp4\">http:\/\/www.infokuryr.cz\/n\/wp-content\/uploads\/2024\/10\/6720fa0720302752e156c642.mp4<\/a><\/video><\/div>\n<p>&nbsp;<\/p>\n<p><em><span>&#8222;Balistick\u00e9 st\u0159ely Sineva a Bulava byly odp\u00e1leny z jadern\u00e9 strategick\u00e9 raketov\u00e9 ponorky Novomoskovsk v Barentsov\u011b mo\u0159i a z jadern\u00e9 ponorky Knyaz Oleg v Ochotsk\u00e9m mo\u0159i,&#8220;<\/span><\/em><span>\u00a0dodalo ministerstvo.\u00a0<\/span><em><span>&#8222;Do cvi\u010den\u00ed se zapojily i letouny dlouh\u00e9ho doletu Tu-95MS, kter\u00e9 odpalovaly \u0159\u00edzen\u00e9 st\u0159ely.&#8220;<\/span><\/em><\/p>\n<p>&nbsp;<\/p>\n<div style=\"width: 640px;\" class=\"wp-video\"><video class=\"wp-video-shortcode\" id=\"video-65173-2\" width=\"640\" height=\"360\" preload=\"metadata\" controls=\"controls\"><source type=\"video\/mp4\" src=\"http:\/\/www.infokuryr.cz\/n\/wp-content\/uploads\/2024\/10\/6720fa3a85f54063ec09a2f6.mp4?_=2\" \/><a href=\"http:\/\/www.infokuryr.cz\/n\/wp-content\/uploads\/2024\/10\/6720fa3a85f54063ec09a2f6.mp4\">http:\/\/www.infokuryr.cz\/n\/wp-content\/uploads\/2024\/10\/6720fa3a85f54063ec09a2f6.mp4<\/a><\/video><\/div>\n<p>&nbsp;<\/p>\n<p><span>Cvi\u010den\u00ed bylo \u0159\u00edzeno z Centra \u0159\u00edzen\u00ed n\u00e1rodn\u00ed obrany a m\u011blo podle ministerstva prov\u011b\u0159it \u00farove\u0148 p\u0159ipravenosti sil strategick\u00e9ho odstra\u0161ov\u00e1n\u00ed. V\u0161echny c\u00edle byly\u00a0<\/span><em><span>\u201epln\u011b dokon\u010deny, v\u0161echny rakety dos\u00e1hly sv\u00fdch c\u00edl\u016f,\u201c<\/span><\/em><span>\u00a0uzav\u0159elo prohl\u00e1\u0161en\u00ed.<\/span><\/p>\n<p>&nbsp;<\/p>\n<div style=\"width: 640px;\" class=\"wp-video\"><video class=\"wp-video-shortcode\" id=\"video-65173-3\" width=\"640\" height=\"360\" preload=\"metadata\" controls=\"controls\"><source type=\"video\/mp4\" src=\"http:\/\/www.infokuryr.cz\/n\/wp-content\/uploads\/2024\/10\/6720fa712030277cdd003e3d.mp4?_=3\" \/><a href=\"http:\/\/www.infokuryr.cz\/n\/wp-content\/uploads\/2024\/10\/6720fa712030277cdd003e3d.mp4\">http:\/\/www.infokuryr.cz\/n\/wp-content\/uploads\/2024\/10\/6720fa712030277cdd003e3d.mp4<\/a><\/video><\/div>\n<p>&nbsp;<\/p>\n<p><span>Putin v \u00fater\u00fd o cvi\u010den\u00edch \u0159ekl, \u017ee jadern\u00e9 zbran\u011b jsou\u00a0<\/span><em><span>\u201eextr\u00e9mn\u00edm, v\u00fdjime\u010dn\u00fdm opat\u0159en\u00edm k zaji\u0161t\u011bn\u00ed bezpe\u010dnosti st\u00e1tu\u201c.<\/span><\/em><span>\u00a0Prozradil tak\u00e9, \u017ee strategick\u00e9 odstra\u0161uj\u00edc\u00ed s\u00edly brzy obdr\u017e\u00ed nov\u00e9 a aktualizovan\u00e9 raketomety, ponorky a bombard\u00e9ry.<\/span><\/p>\n<p>&nbsp;<\/p>\n<div style=\"width: 640px;\" class=\"wp-video\"><video class=\"wp-video-shortcode\" id=\"video-65173-4\" width=\"640\" height=\"360\" preload=\"metadata\" controls=\"controls\"><source type=\"video\/mp4\" src=\"http:\/\/www.infokuryr.cz\/n\/wp-content\/uploads\/2024\/10\/672102ae85f54042d55e1f51.mp4?_=4\" \/><a href=\"http:\/\/www.infokuryr.cz\/n\/wp-content\/uploads\/2024\/10\/672102ae85f54042d55e1f51.mp4\">http:\/\/www.infokuryr.cz\/n\/wp-content\/uploads\/2024\/10\/672102ae85f54042d55e1f51.mp4<\/a><\/video><\/div>\n<p>&nbsp;<\/p>\n<p><em><span>\u201eVzhledem k r\u016fstu geopolitick\u00e9ho nap\u011bt\u00ed a tak\u00e9 vzniku nov\u00fdch vn\u011bj\u0161\u00edch hrozeb a rizik je d\u016fle\u017eit\u00e9 m\u00edt modern\u00ed strategick\u00e9 s\u00edly, kter\u00e9 jsou neust\u00e1le p\u0159ipraveny k bojov\u00e9mu pou\u017eit\u00ed,\u201c<\/span><\/em><span>\u00a0\u0159ekl rusk\u00fd prezident.<\/span><\/p>\n<p><span>Rusk\u00e1 jadern\u00e1 cvi\u010den\u00ed navazuj\u00ed na cvi\u010den\u00ed NATO \u201eSteadfast Noon\u201c, kter\u00e9 za\u010dalo 14. \u0159\u00edjna a z\u00fa\u010dastnilo se ho 13 \u010dlen\u016f bloku veden\u00e9ho USA, p\u0159ibli\u017en\u011b 2000 voj\u00e1k\u016f a 60 letadel. Cvi\u010den\u00ed vycvi\u010dilo evropsk\u00e9 \u010dleny NATO k nasazen\u00ed zbran\u00ed dodan\u00fdch USA v r\u00e1mci blokov\u00e9 dohody o \u201esd\u00edlen\u00ed jadern\u00fdch zbran\u00ed\u201c.<\/span><\/p>\n<p><span>Navrhovan\u00e9 zm\u011bny rusk\u00e9 jadern\u00e9 doktr\u00edny, kter\u00e9 byly p\u0159edstaveny minul\u00fd m\u011bs\u00edc, by roz\u0161\u00ed\u0159ily atomov\u00fd de\u0161tn\u00edk Moskvy na B\u011blorusko a definovaly konven\u010dn\u00ed \u00fatok nejadern\u00e9ho st\u00e1tu \u2013 jako je Ukrajina \u2013 podporovan\u00e9ho jadern\u00fdmi mocnostmi jako\u00a0<\/span><em><span>\u201espole\u010dn\u00fd \u00fatok\u201c,<\/span><\/em><span>\u00a0kter\u00fd by mohl vyvolat pou\u017eit\u00ed strategick\u00fd odstra\u0161uj\u00edc\u00ed prost\u0159edek.<\/span><\/p>\n<p><img decoding=\"async\" loading=\"lazy\" class=\"alignnone size-full wp-image-1185\" src=\"http:\/\/www.infokuryr.cz\/n\/wp-content\/uploads\/2021\/04\/kuryr-podpis.png\" alt=\"\" width=\"84\" height=\"24\" \/><\/p>\n<p>&nbsp;<\/p>\n","protected":false},"excerpt":{"rendered":"<p>Cvi\u010den\u00ed strategick\u00fdch raket se \u00fa\u010dastnily bombard\u00e9ry, ponorky a pozemn\u00ed odpalovac\u00ed za\u0159\u00edzen\u00ed Rusko provedlo cvi\u010den\u00ed sv\u00fdch&#8230;<\/p>\n","protected":false},"author":2,"featured_media":65178,"comment_status":"closed","ping_status":"closed","sticky":false,"template":"","format":"standard","meta":[],"categories":[7],"tags":[2487,304,349,22,5135],"_links":{"self":[{"href":"https:\/\/www.infokuryr.cz\/n\/wp-json\/wp\/v2\/posts\/65173"}],"collection":[{"href":"https:\/\/www.infokuryr.cz\/n\/wp-json\/wp\/v2\/posts"}],"about":[{"href":"https:\/\/www.infokuryr.cz\/n\/wp-json\/wp\/v2\/types\/post"}],"author":[{"embeddable":true,"href":"https:\/\/www.infokuryr.cz\/n\/wp-json\/wp\/v2\/users\/2"}],"replies":[{"embeddable":true,"href":"https:\/\/www.infokuryr.cz\/n\/wp-json\/wp\/v2\/comments?post=65173"}],"version-history":[{"count":1,"href":"https:\/\/www.infokuryr.cz\/n\/wp-json\/wp\/v2\/posts\/65173\/revisions"}],"predecessor-version":[{"id":65179,"href":"https:\/\/www.infokuryr.cz\/n\/wp-json\/wp\/v2\/posts\/65173\/revisions\/65179"}],"wp:featuredmedia":[{"embeddable":true,"href":"https:\/\/www.infokuryr.cz\/n\/wp-json\/wp\/v2\/media\/65178"}],"wp:attachment":[{"href":"https:\/\/www.infokuryr.cz\/n\/wp-json\/wp\/v2\/media?parent=65173"}],"wp:term":[{"taxonomy":"category","embeddable":true,"href":"https:\/\/www.infokuryr.cz\/n\/wp-json\/wp\/v2\/categories?post=65173"},{"taxonomy":"post_tag","embeddable":true,"href":"https:\/\/www.infokuryr.cz\/n\/wp-json\/wp\/v2\/tags?post=65173"}],"curies":[{"name":"wp","href":"https:\/\/api.w.org\/{rel}","templated":true}]}}