{"id":65164,"date":"2024-10-30T00:39:45","date_gmt":"2024-10-29T23:39:45","guid":{"rendered":"https:\/\/www.infokuryr.cz\/n\/?p=65164"},"modified":"2024-10-29T16:57:36","modified_gmt":"2024-10-29T15:57:36","slug":"pohadky-o-prinosu-ukrajincu-do-ceskeho-socialniho-systemu-maji-pripravit-cechy-na-dalsi-imigracni-vlnu-z-ukrajiny","status":"publish","type":"post","link":"https:\/\/www.infokuryr.cz\/n\/2024\/10\/30\/pohadky-o-prinosu-ukrajincu-do-ceskeho-socialniho-systemu-maji-pripravit-cechy-na-dalsi-imigracni-vlnu-z-ukrajiny\/","title":{"rendered":"Poh\u00e1dky o \u201ep\u0159\u00ednosu\u201c Ukrajinc\u016f do \u010desk\u00e9ho soci\u00e1ln\u00edho syst\u00e9mu maj\u00ed p\u0159ipravit \u010cechy na dal\u0161\u00ed imigra\u010dn\u00ed vlnu z Ukrajiny"},"content":{"rendered":"<div id=\"fb-root\"><\/div>\n<h2 class=\"entry-title\">C\u00edlem je zni\u010dit \u010desk\u00fd n\u00e1rod. Pro\u010d sou\u010dasn\u00e9 politick\u00e9 \u201eelity\u201c tak nen\u00e1vid\u00ed \u010desk\u00fd st\u00e1t a n\u00e1rod?<\/h2>\n<p>Je a\u017e neuv\u011b\u0159iteln\u00e9,\u00a0<strong>jak otev\u0159en\u011b se l\u017ee o \u00fadajn\u00e9m p\u0159\u00ednosu Ukrajinc\u016f do \u010desk\u00e9ho soci\u00e1ln\u00edho syst\u00e9mu. Pr\u00fd u\u017e je to pozitivn\u00ed p\u0159\u00ednos, pr\u00fd se to bude je\u0161t\u011b zvy\u0161ovat<\/strong>.<\/p>\n<p>Sta\u010d\u00ed se pod\u00edvat na p\u00e1r \u010d\u00edsel, kter\u00e1 jasn\u011b dokazuje, \u017ee to jsou nesmysly.\u00a0<strong>Do \u010cR p\u0159i\u0161lo asi 600 000 Ukrajinc\u016f \u201ev\u00e1le\u010dn\u00fdch uprchl\u00edk\u016f\u201c. Pozd\u011bji z\u016fstalo asi 390 000 tis\u00edc s tzv. do\u010dasnou ochranou. \u010c\u00e1st z nich byli Ukrajinci, kte\u0159\u00ed v \u010cR pracovali a \u017eili na \u010derno. Z toho je asi 100 000 d\u011bt\u00ed mlad\u0161\u00edch 18 let, kte\u0159\u00ed zdarma nav\u0161t\u011bvuj\u00ed \u010desk\u00e9 \u0161koly podle v\u00fdb\u011bru. Tak\u017ee n\u00e1m zb\u00fdv\u00e1 asi 300 000 Ukrajinc\u016f, z t\u011bch ofici\u00e1ln\u011b pracuje asi 125 000, to je pros\u00edm 41,5% ze v\u0161ech dosp\u011bl\u00fdch Ukrajinc\u016f a 32% ze v\u0161ech Ukrajinc\u016f. Ne \u00fapln\u011b mal\u00e1 \u010d\u00e1st nav\u00edc pracuje ve slu\u017eb\u00e1ch pro ukrajinsk\u00e9 uprchl\u00edky jako tlumo\u010dn\u00edci, asistenti na \u0161kol\u00e1ch atd. atd. \u2026 tedy ve zcela neproduktivn\u00edch oborech.<\/strong><\/p>\n<p>Podle \u00fadaj\u016f vl\u00e1dy odv\u00e1d\u011bj\u00ed tito Ukrajinci do soci\u00e1ln\u00edho syst\u00e9mu ji\u017e asi 50 mld. K\u010d. <strong>To by ale znamenalo, \u017ee aby dok\u00e1zaly pokr\u00fdt soci\u00e1ln\u00ed n\u00e1klady na v\u0161echny ostatn\u00ed Ukrajince, tak by museli m\u00edt hrub\u00fd plat v\u0161ichni kolem 80 000 K\u010d, co\u017e ur\u010dit\u011b nemaj\u00ed!<\/strong><\/p>\n<p>Nyn\u00ed si p\u0159idejme dal\u0161\u00ed um\u011ble skr\u00fdvan\u00e1 negativa pro \u010desk\u00fd soci\u00e1ln\u00ed syst\u00e9m<\/p>\n<ul class=\"wp-block-list\">\n<li>Ukrajinci jsou p\u0159ednostn\u011b l\u00e9\u010deni ve ve\u0159ejn\u00e9m zdravotnictv\u00ed a to zcela zdarma, v\u010detn\u011b nejdra\u017e\u0161\u00edch l\u00e9\u010debn\u00fdch postup\u016f<\/li>\n<li>\u0160koly jsou zavaleny ukrajinsk\u00fdmi \u017e\u00e1ky a prudce kles\u00e1 kvalita v\u00fduky pro \u010desk\u00e9 \u017e\u00e1ky<\/li>\n<li>D\u00edky p\u0159\u00edchodu Ukrajinc\u016f, kte\u0159\u00ed jsou preferov\u00e1ni v soci\u00e1ln\u00edch a m\u011bstsk\u00fdch bytech, do\u0161lo k prudk\u00e9mu r\u016fstu n\u00e1jm\u016f pro \u010desk\u00e9 n\u00e1jemn\u00edky<\/li>\n<li>Prudk\u00fd n\u00e1r\u016fst v\u0161ech cen a zni\u010den\u00ed \u00faspor \u010desk\u00fdch dom\u00e1cnost\u00ed<\/li>\n<\/ul>\n<p><strong>\u017d\u00e1dn\u00e9 ekonomick\u00e9 v\u00fdhody z pobytu Ukrajinc\u016f v \u010cR neexistuj\u00ed a existovat v nejbli\u017e\u0161\u00edch 10 letech nebudou.<\/strong><\/p>\n<p><strong>C\u00edlem re\u017eimn\u00edch l\u017e\u00ed je p\u0159ipravit medi\u00e1ln\u00ed pole pro dal\u0161\u00ed masov\u00fd p\u0159\u00ednos ukrajinsk\u00fdch imigrant\u016f do \u010cR. K t\u00e9 dojde po ukon\u010den\u00ed aktivn\u00ed f\u00e1ze v\u00e1lky proti Rusku. T\u00edm bude doc\u00edleno nezvratn\u00e9 na\u0159ed\u011bn\u00ed a n\u00e1sledn\u00e9 zni\u010den\u00ed \u010desk\u00e9ho n\u00e1roda a st\u00e1tu.<\/strong><\/p>\n<p>Je ot\u00e1zkou, pro\u010d sou\u010dasn\u00e9 \u201e\u010desk\u00e9\u201c politick\u00e9 elity tak nen\u00e1vid\u00ed \u010desk\u00fd n\u00e1rod? Proto\u017ee ti\u00a0<strong>kl\u00ed\u010dov\u00ed hr\u00e1\u010di nejsou etnick\u00fdmi \u010cechy a jejich skute\u010dn\u00e1 vlast le\u017e\u00ed daleko od \u010desk\u00e9 kotliny. Jejich perverzn\u00ed ideologie pova\u017euje \u010cechy za zv\u00ed\u0159ata a otroky a tak \u010cechy cht\u011bj\u00ed zni\u010dit a zotro\u010dit.<\/strong><\/p>\n<p>Tak prost\u00e9 to je! Nechaj\u00ed si to \u010ce\u0161i l\u00edbit, nebo se t\u00e9 hyd\u0159e postav\u00ed na odpor?<\/p>\n<p>Tady v USA to nen\u00ed o mnoho lep\u0161\u00ed, ale b\u011b\u017en\u00fd Texasan se ur\u010dit\u011b bude br\u00e1nit se zbran\u00ed v ruce\u2026.<\/p>\n<p><a href=\"https:\/\/ceskavec.com\/2024\/10\/pohadky-o-prinosu-ukrajincu-do-ceskeho-socialniho-systemu-maji-pripravit-cechy-na-dalsi-imigracni-vlnu-z-ukrajiny-cilem-je-znicit-cesky-narod-proc-soucasne-politicke-elity-tak-nenavidi-cesky\">Joe Nowak<\/a>, Chigaco, USA<\/p>\n<p>&nbsp;<\/p>\n","protected":false},"excerpt":{"rendered":"<p>C\u00edlem je zni\u010dit \u010desk\u00fd n\u00e1rod. Pro\u010d sou\u010dasn\u00e9 politick\u00e9 \u201eelity\u201c tak nen\u00e1vid\u00ed \u010desk\u00fd st\u00e1t a n\u00e1rod?&#8230;<\/p>\n","protected":false},"author":2,"featured_media":14256,"comment_status":"closed","ping_status":"closed","sticky":false,"template":"","format":"standard","meta":[],"categories":[6],"tags":[670,535,1635,99],"_links":{"self":[{"href":"https:\/\/www.infokuryr.cz\/n\/wp-json\/wp\/v2\/posts\/65164"}],"collection":[{"href":"https:\/\/www.infokuryr.cz\/n\/wp-json\/wp\/v2\/posts"}],"about":[{"href":"https:\/\/www.infokuryr.cz\/n\/wp-json\/wp\/v2\/types\/post"}],"author":[{"embeddable":true,"href":"https:\/\/www.infokuryr.cz\/n\/wp-json\/wp\/v2\/users\/2"}],"replies":[{"embeddable":true,"href":"https:\/\/www.infokuryr.cz\/n\/wp-json\/wp\/v2\/comments?post=65164"}],"version-history":[{"count":0,"href":"https:\/\/www.infokuryr.cz\/n\/wp-json\/wp\/v2\/posts\/65164\/revisions"}],"wp:featuredmedia":[{"embeddable":true,"href":"https:\/\/www.infokuryr.cz\/n\/wp-json\/wp\/v2\/media\/14256"}],"wp:attachment":[{"href":"https:\/\/www.infokuryr.cz\/n\/wp-json\/wp\/v2\/media?parent=65164"}],"wp:term":[{"taxonomy":"category","embeddable":true,"href":"https:\/\/www.infokuryr.cz\/n\/wp-json\/wp\/v2\/categories?post=65164"},{"taxonomy":"post_tag","embeddable":true,"href":"https:\/\/www.infokuryr.cz\/n\/wp-json\/wp\/v2\/tags?post=65164"}],"curies":[{"name":"wp","href":"https:\/\/api.w.org\/{rel}","templated":true}]}}