{"id":6515,"date":"2021-11-29T06:41:25","date_gmt":"2021-11-29T05:41:25","guid":{"rendered":"http:\/\/www.infokuryr.cz\/n\/?p=6515"},"modified":"2021-11-29T06:41:25","modified_gmt":"2021-11-29T05:41:25","slug":"nedelnik-adama-b-bartose-64-advent-na-letne-a-blizici-se-bod-zlomu","status":"publish","type":"post","link":"https:\/\/www.infokuryr.cz\/n\/2021\/11\/29\/nedelnik-adama-b-bartose-64-advent-na-letne-a-blizici-se-bod-zlomu\/","title":{"rendered":"NED\u011aLN\u00cdK ADAMA B. BARTO\u0160E (64): ADVENT NA LETN\u00c9 A BL\u00cd\u017d\u00cdC\u00cd SE BOD ZLOMU"},"content":{"rendered":"<div id=\"fb-root\"><\/div>\n<p>To to let\u00ed. Je\u0161t\u011b ned\u00e1vno jsem zapuzoval my\u0161lenky na V\u00e1noce, proto\u017ee mi jejich p\u0159ipom\u00edn\u00e1n\u00ed v obchodech \u010di m\u00e9di\u00edch p\u0159ipadalo v z\u00e1\u0159\u00ed nepat\u0159i\u010dn\u011b brzk\u00e9 a dnes u\u017e je zapud\u00edm t\u011b\u017eko, proto\u017ee jsou t\u00e9m\u011b\u0159 za dve\u0159mi. Abyste mi rozum\u011bli \u2013 nem\u00e1m nic proti V\u00e1noc\u016fm, jen nem\u00e1m r\u00e1d sh\u00e1n\u011bn\u00ed d\u00e1rk\u016f, p\u0159edv\u00e1no\u010dn\u00ed \u00faklid a hlavn\u011b \u2013 zimu. Ale i pro toho, kdo V\u00e1noce zrovna nemus\u00ed, sk\u00fdtaj\u00ed V\u00e1noce nad\u011bji \u2013 \u017ee toti\u017e po nich se za\u010dne prodlu\u017eovat den a ka\u017ed\u00fdm t\u00edmto dnem budeme bl\u00ed\u017e jaru a teplu. A slun\u00ed\u010dku\u2026 V\u00e1noce jsou p\u0159ed\u011bl. V\u00e1noce jsou bod zlomu.<\/p>\n<p><span id=\"more-12500\"><\/span><br \/>\nPo nejkrat\u0161\u00edm dnu v roce (a nejdel\u0161\u00ed noci) v\u017edy p\u0159ijde den, kter\u00fd bude u\u017e jen del\u0161\u00ed (a noc krat\u0161\u00ed). Po ka\u017ed\u00e9 noci p\u0159ijde r\u00e1no. Po ka\u017ed\u00e9 zim\u011b p\u0159ijde jaro. A po ka\u017ed\u00e9 v\u00e1lce p\u0159ijde m\u00edr.<\/p>\n<p>Dnes jsme ve v\u00e1lce a nemus\u00edme si zast\u00edrat, \u017ee se v n\u00ed bojuje o hodn\u011b, proto\u017ee dob\u0159e v\u00edme, \u017ee se v n\u00ed bojuje o v\u0161e. Ale \u017e\u00e1dn\u00e1 v\u00e1lka netrv\u00e1 v\u011b\u010dn\u011b. Jednou p\u0159ijde jej\u00ed rozuzlen\u00ed.<\/p>\n<p>Tak tomu bude i s v\u00e1lkou, kterou proti n\u00e1m rozpoutali ti, kte\u0159\u00ed \u0159\u00edd\u00ed tento sv\u011bt. Jednoho dne skon\u010d\u00ed.<\/p>\n<p>Ot\u00e1zka je, jak z n\u00ed vyjdeme. Zda pora\u017een\u00ed, nebo v\u00edt\u011bzn\u00ed. Zda p\u0159e\u017eijeme, nebo zem\u0159eme. Ale jde i o n\u011bco mnohem subtiln\u011bj\u0161\u00edho \u2013 zda si zachov\u00e1me \u010dest a d\u016fstojnost i v t\u011b\u017ek\u00fdch chv\u00edl\u00edch, \u010di zda si v t\u00e9to v\u00e1lce budeme po\u010d\u00ednat nemor\u00e1ln\u011b. A proto\u017ee to nen\u00ed v\u00e1lka zem\u011b proti zemi, ani aliance zem\u00ed proti alianci zem\u00ed, n\u00fdbr\u017e v\u00e1lka mezi Dobrem a Zlem, kde linie mezi nep\u0159\u00e1telsk\u00fdmi stranami prostupuje cel\u00fdmi zem\u011bmi, cel\u00fdmi kontinenty, cel\u00fdm sv\u011btem, podle toho, zda se jednotlivec p\u0159idal na stranu Dobra \u010di Zla, budou i v na\u0161\u00ed zemi v\u00edt\u011bzov\u00e9 a pora\u017een\u00ed. V \u010dase Adventu, kde by m\u011bl \u010dlov\u011bk p\u0159em\u00fd\u0161let i nad v\u011bcmi, kter\u00e9 ho p\u0159esahuj\u00ed, nen\u00ed \u0161patn\u00e9 se zamyslet, kde se v t\u00e9to v\u00e1lce nach\u00e1z\u00edme \u2013 ka\u017ed\u00fd jeden z n\u00e1s. I kdy\u017e zamyslet by se m\u011bli p\u0159edev\u0161\u00edm ti, kdo stoj\u00ed na stran\u011b vakcina\u010dn\u00edho teroru.<\/p>\n<p>V\u00edm, \u017ee to nebude zn\u00edt p\u0159\u00edli\u0161 pokorn\u011b, ale nezam\u00fd\u0161l\u00edm se nad ot\u00e1zkou, nestoj\u00edm-li n\u00e1hodou v tomto boji nev\u011bdomky na stran\u011b Zla. Dob\u0159e toti\u017e rozumem v\u00edm a srdcem c\u00edt\u00edm, \u017ee kdy\u017e jsem pro \u017eivot, pro svobodu, pro lid, pro n\u00e1rod, nemohu se m\u00fdlit a nemohu b\u00fdt na \u0161patn\u00e9 stran\u011b. Ov\u0161em druh\u00e1 strana takovou jistotu m\u00edt nem\u016f\u017ee. Mo\u017en\u00e1 si mysl\u00ed, \u017ee ano \u2013 v\u017edy\u0165 i j\u00ed jde p\u0159ece o zdrav\u00ed lid\u00ed a o p\u0159e\u017eit\u00ed lid\u00ed, o bezpe\u010dnost a vy\u0159e\u0161en\u00ed pandemie a kdesi cosi\u2026 Ale ot\u00e1zka je \u2013 za jakou cenu? Za cenu ztr\u00e1ty svobody, za cenu ohro\u017een\u00ed na\u0161ich \u017eivot\u016f n\u011b\u010d\u00edm mnohem nebezpe\u010dn\u011bj\u0161\u00edm, ne\u017e je virus s\u00e1m, za cenu po\u0161lap\u00e1n\u00ed lidsk\u00fdch pr\u00e1v, za cenu lidsk\u00e9ho pon\u00ed\u017een\u00ed, za cenu zni\u010den\u00fdch rodin, za cenu mrtv\u00fdch na lockdown, za cenu lidsk\u00fdch, rodinn\u00fdch i firemn\u00edch bankrot\u016f, za cenu rozvratu st\u00e1tn\u00ed ekonomiky, za cenu ztr\u00e1ty du\u0161evn\u00edho a fyzick\u00e9ho zdrav\u00ed n\u00e1roda, za cenu je\u0161t\u011b v\u011bt\u0161\u00edho zotro\u010den\u00ed na\u0161\u00ed zem\u011b korporacemi apod. Mo\u017en\u00e1 si mysl\u00ed, \u017ee o\u010dkov\u00e1n\u00ed je on\u00edm \u201edobrem\u201c a my, kte\u0159\u00ed jsme proti n\u011bmu, jsme automaticky ti zl\u00ed. A \u017ee je nutno k prosazen\u00ed o\u010dkov\u00e1n\u00ed (jejich domn\u011bl\u00e9ho dobra) ob\u011btovat n\u011bjak\u00e9 z\u00e1sady, n\u011bjak\u00e9 svobody \u010di dokonce n\u011bjak\u00e9 \u017eivoty. Mo\u017en\u00e1 ve sv\u00e9 fanatick\u00e9 v\u00ed\u0159e v dobro jsou p\u0159esv\u011bd\u010deni, \u017ee n\u011bjak\u00fd koncentr\u00e1k pro pop\u00edra\u010de by nebyl tak \u0161patn\u00fdm n\u00e1padem, proto\u017ee \u2013 kdy\u017e se k\u00e1c\u00ed les, l\u00e9taj\u00ed t\u0159\u00edsky, a kdy\u017e se celosv\u011btov\u011b prosazuje domn\u011bl\u00e9 dobro, nemusej\u00ed m\u00edt \u0161patn\u00e9 sv\u011bdom\u00ed z \u201evedlej\u0161\u00edch ztr\u00e1t\u201c.<\/p>\n<p>Takto mo\u017en\u00e1 n\u011bkte\u0159\u00ed skute\u010dn\u011b uva\u017euj\u00ed. A n\u011bkte\u0159\u00ed jsou dokonce tak nehor\u00e1zn\u011b drz\u00ed, \u017ee se nerozpakuj\u00ed a p\u00ed\u0161ou to i ve\u0159ejn\u011b do novin. T\u0159eba politolo\u017eka B\u011bla Plechanovov\u00e1 v LN (22. 11. 2021) naz\u00fdv\u00e1 n\u00e1s, kte\u0159\u00ed se nechceme o\u010dkovat a podle jej\u00edho n\u00e1zoru chceme pouze u\u017e\u00edvat \u201eve\u0159ejn\u00fdch statk\u016f\u201c, ani\u017e bychom p\u0159inesli n\u011bjakou ob\u011b\u0165 (rozum\u011bj podstoupen\u00ed vakcinace) \u2013 \u201e\u010dern\u00fdmi pasa\u017e\u00e9ry\u201c. Neptejte se mne, jak k tomu dosp\u011bla, proto\u017ee m\u016fj rozum to nebere. Ale n\u011bkte\u0159\u00ed lid\u00e9 jsou skute\u010dn\u011b uvnit\u0159 tak mor\u00e1ln\u011b pok\u0159iven\u00ed, \u017ee dovedou vyplodit podobn\u00fd text pln\u00fd v\u00fdhr\u016f\u017eek, kter\u00e9 by se daly klasifikovat jako \u201en\u00e1vod k p\u00e1ch\u00e1n\u00ed trestn\u00e9ho \u010dinu apartheidu a diskriminace skupiny lid\u00ed ve smyslu \u00a7 24 odst. 1 p\u00edsm. b) a \u00a7 402 odst. 2 p\u00edsm. a) a b) tr. z\u00e1k.\u201c \u2013 lidsky \u0159e\u010deno k rozpout\u00e1n\u00ed ob\u010dansk\u00e9 v\u00e1lky proti n\u00e1m, neo\u010dkovan\u00fdm.<\/p>\n<p>Politolo\u017eka se v textu zam\u00fd\u0161l\u00ed, jak n\u00e1s, zlobiv\u00e9, donutit, abychom vakc\u00ednu p\u0159ijali a pokud se budeme i tak vzpouzet, jak n\u00e1s alespo\u0148 potrestat. \u201eJste \u010dern\u00ed pasa\u017e\u00e9\u0159i, kte\u0159\u00ed se odm\u00edtaj\u00ed pod\u00edlet na n\u00e1kladech udr\u017een\u00ed spole\u010dn\u00e9ho zdroje, j\u00edm\u017e je funk\u010dn\u00ed zdravotnick\u00fd syst\u00e9m dostupn\u00fd st\u00e1le pro v\u0161echny. Jako ka\u017ed\u00e9ho \u010dern\u00e9ho pasa\u017e\u00e9ra, pokud je dosti\u017een, v\u00e1s \u010dek\u00e1 pokuta,\u201c p\u00ed\u0161e. U\u017e tady jsem se ztratil. Co\u017ee? Zdravotn\u00ed poji\u0161t\u011bn\u00ed si plat\u00edm, stejn\u011b jako ka\u017ed\u00fd jin\u00fd odp\u00edra\u010d o\u010dkov\u00e1n\u00ed \u2013 z\u00e1kon n\u00e1m ani nic jin\u00e9ho neumo\u017e\u0148uje, kdy\u017e platbu zdravotn\u00edho poji\u0161t\u011bn\u00ed \u010din\u00ed povinnou. Pro\u010d bych se tedy m\u011bl c\u00edtit jako n\u011bkdo, kdo n\u011b\u010deho zneu\u017e\u00edv\u00e1?<\/p>\n<p>Plechanovov\u00e1 je ale jin\u00e9ho n\u00e1zoru a u\u017e pro n\u00e1s dokonce vymyslela trest, jako bychom snad my \u2013 neo\u010dkovan\u00ed \u2013 nebyli u\u017e nyn\u00ed trest\u00e1ni a diskriminov\u00e1ni v\u00edce ne\u017e dost. Kdy\u017e pr\u00fd chytneme covid a nevyl\u00e9\u010d\u00edme to doma \u010dajem, ale skon\u010d\u00edme v nemocnici, nem\u011bla by na\u0161e l\u00e9\u010dba b\u00fdt hrazena z ve\u0159ejn\u00e9ho poji\u0161t\u011bn\u00ed, kter\u00e9 si plat\u00edme. Jin\u00fdmi slovy, museli bychom to zacvaknout vedle na\u0161ich povinn\u00fdch odvod\u016f do zdravotnictv\u00ed.<br \/>\nNedosti na tom, tito lid\u00e9, kte\u0159\u00ed se p\u0159idali na stranu Zla, jsou tak fanati\u010dt\u00ed, \u017ee jdou a\u017e do pov\u011bstn\u00fdch hrdel a statk\u016f: kdy\u017e by n\u00e1m pr\u00fd ani l\u00e9\u010dba v nemocnici nepomohla a my zem\u0159eli, \u201ed\u011bdictv\u00ed po v\u00e1s bude zat\u00ed\u017eeno solidn\u00edm dluhem, tedy pokud z toho d\u011bdictv\u00ed v\u016fbec n\u011bco zbude. To bude cena za va\u0161i osobn\u00ed svobodu neo\u010dkovat se,\u201c vyhro\u017euje osoba, kter\u00e1 vyu\u010duje \u2013 jak jinak \u2013 na FSV UK.<\/p>\n<p>Tyto bl\u00e1zniv\u00e9 my\u0161lenkov\u00e9 konstrukce p\u0159itom stav\u00ed na vylhan\u00fdch argumentech o tom, \u017ee neo\u010dkovan\u00ed jsou ti, kte\u0159\u00ed zahlcuj\u00ed nemocnice, a\u010dkoli p\u0159itom dob\u0159e v\u00edme, \u017ee je tomu sp\u00ed\u0161e naopak \u2013 na JIPk\u00e1ch le\u017e\u00ed p\u0159edev\u0161\u00edm o\u010dkovan\u00ed (a p\u0159esto naka\u017een\u00ed a tud\u00ed\u017e rozhodn\u011b ne bezinfek\u010dn\u00ed) pacienti, ne\u017e my \u2013 neo\u010dkovan\u00ed. To ale fanatick\u00e9 politolo\u017ece nebr\u00e1n\u00ed v tom, aby i nad\u00e1le v\u0161e obracela na hlavu a nakonec vinila n\u00e1s, neo\u010dkovan\u00e9, i z toho, \u017ee hostin\u0161t\u00ed maj\u00ed men\u0161\u00ed tr\u017eby: to, \u017ee \u201eneo\u010dkovan\u00ed \u010dern\u00ed pasa\u017e\u00e9\u0159i\u201c maj\u00ed chystan\u00fdmi opat\u0159en\u00edmi vl\u00e1dy zabr\u00e1n\u011bno vyu\u017e\u00edvat ur\u010dit\u00fdch slu\u017eeb nekritizuje (nevad\u00ed j\u00ed, \u017ee je to nemor\u00e1ln\u00ed, protiz\u00e1konn\u00e9 a diskrimina\u010dn\u00ed), ale je\u0161t\u011b n\u00e1s obvi\u0148uje, \u017ee t\u00edm zp\u016fsobujeme sn\u00ed\u017een\u00ed p\u0159\u00edjm\u016f provozovatel\u016f, \u201ekter\u00fdm pak bude t\u0159eba ze spole\u010dn\u00fdch zdroj\u016f vypl\u00e1cet kompenzace. No \u0159ekn\u011bte, nen\u00ed to Hlava 22,\u201c pt\u00e1 se Plechanovov\u00e1? No \u0159ekn\u011bte, nen\u00ed Plechanovov\u00e1 \u2013 t\u0159i te\u010dky? pt\u00e1m se j\u00e1.<\/p>\n<p>Tento p\u0159\u00edklad a\u017e n\u00e1bo\u017eensk\u00e9ho fanatismu (covidi\u00e1nstv\u00ed), p\u0159\u00edklad toho, jak ve jm\u00e9nu domn\u011bl\u00e9ho dobra jsou n\u011bkte\u0159\u00ed lid\u00e9 ochotn\u00ed nen\u00e1vid\u011bt sv\u00e9 n\u00e1zorov\u00e9 oponenty, jsem nevybral z\u00e1m\u011brn\u011b, prost\u011b mi to jen n\u011bkdo poslal do mailu. Abych si udr\u017eoval du\u0161evn\u00ed \u010distotu, sna\u017e\u00edm se aktivn\u011b nevyhled\u00e1vat podobn\u00e9 v\u00fdblitky Sv\u011bdk\u016f Covidov\u00fdch, ale kdy\u017e u\u017e mi n\u011bkdo n\u011bco takov\u00e9ho po\u0161le, p\u0159e\u010dtu si to. Jist\u011b byste na\u0161li p\u0159\u00edklady jin\u00e9, mo\u017en\u00e1 i trefn\u011bj\u0161\u00ed. Pan\u00ed Plechanovov\u00e1, kterou jsem do t\u00e9 doby na\u0161t\u011bst\u00ed neznal, je jist\u011b p\u0159esv\u011bd\u010dena, \u017ee kon\u00e1 dobro a v sou\u010dasn\u00e9 v\u00e1lce stoj\u00ed na t\u00e9 spr\u00e1vn\u00e9 stran\u011b.<\/p>\n<p>Ale pro\u010d v\u00e1m to p\u00ed\u0161u. Vy, co \u010dtete m\u00e9 ned\u011bln\u00edky, v\u00edte podobn\u011b jako j\u00e1, kde je Pravda. Co je Dobro a co Zlo. Jist\u011b i my mus\u00edme zpytovat sv\u011bdom\u00ed v jin\u00fdch z\u00e1le\u017eitostech, ale zam\u00fd\u0161let se, zda n\u00e1hodou v t\u00e9to velk\u00e9 fin\u00e1ln\u00ed glob\u00e1ln\u00ed v\u00e1lce nestoj\u00edme na temn\u00e9 stran\u011b, nemus\u00edme. Zkuste ale v tomto smyslu apelovat na va\u0161e zn\u00e1m\u00e9, p\u0159\u00edbuzn\u00e9, kamar\u00e1dy nebo prost\u011b jen lidi, kter\u00e9 v\u00e1m osud postav\u00ed do cesty (t\u0159eba na v\u00e1s budou v obchod\u011b zpoza rou\u0161ky n\u011bco huhlat a a\u010d jim nebudete p\u0159es tu jejich rou\u0161ku rozum\u011bt, mo\u017en\u00e1 v\u00e1m dojde, \u017ee v\u00e1m asi ned\u00e1vaj\u00ed, \u017ee vy ji nem\u00e1te), kte\u0159\u00ed nepochopili, o co tady jde a naopak se sna\u017e\u00ed z n\u00e1s d\u011blat ty \u0161patn\u00e9 a zkuste je lidsky p\u0159im\u011bt k tomu, aby si p\u0159ipustili, \u017ee v\u0161e m\u016f\u017ee b\u00fdt trochu (nebo sp\u00ed\u0161e dosti) jinak a \u017ee to pak znamen\u00e1, \u017ee jsou na \u0161patn\u00e9 stran\u011b oni. Ty, kte\u0159\u00ed se pro Zlo rozhodli aktivn\u011b a dobrovoln\u011b, ty samoz\u0159ejm\u011b nep\u0159esv\u011bd\u010d\u00edme. Ale jde o to, abychom p\u0159esv\u011bd\u010dili lidi zmaten\u00e9, neinformovan\u00e9, propagandou ovlivn\u011bn\u00e9.<\/p>\n<p>Tato v\u00e1lka je do jist\u00e9 m\u00edry informa\u010dn\u00ed v\u00e1lka a to, zda v n\u00ed usp\u011bjeme, z\u00e1le\u017e\u00ed sice na na\u0161\u00ed odvaze a state\u010dnosti i na m\u00ed\u0159e p\u0159ipravenosti p\u0159in\u00e9st ob\u011bti, ale je\u0161t\u011b d\u0159\u00edve na tom, jak\u00e9 m\u00e1me informace. Nepop\u00edr\u00e1m, \u017ee na\u0161i oponenti mohou b\u00fdt horliv\u00ed a zap\u00e1len\u00ed pro svou v\u011bc, \u017ee do toho d\u00e1vaj\u00ed mnoho sv\u00e9 energie apod., \u017ee skute\u010dn\u011b bojuj\u00ed ze v\u0161ech sil \u2013 ale kdy\u017e maj\u00ed \u0161patn\u00e9 informace, stoj\u00ed na \u0161patn\u00e9 stran\u011b a neznalost je neomlouv\u00e1. Jsou spoluvin\u00edky a spolupachateli Zla, i kdyby to d\u011blali z nev\u011bdomosti.<\/p>\n<p>Za\u010dal jsem \u00favahou o V\u00e1noc\u00edch a o tom, \u017ee po v\u00e1no\u010dn\u00edch sv\u00e1tc\u00edch se zase vrac\u00edme ke slunci a k \u017eivotu. Je to tak jak\u00fdsi bod zlomu. A\u0165 jste v\u011b\u0159\u00edc\u00ed, nebo ne, V\u00e1noce v sob\u011b obsahuj\u00ed prvek nad\u011bje. Je zima a brzy se stm\u00edv\u00e1, ale od tohoto dne bude zase l\u00e9pe.<\/p>\n<p><img decoding=\"async\" loading=\"lazy\" class=\"alignnone  wp-image-12503 lazy-loaded\" src=\"https:\/\/narodnidemokracie.cz\/wp-content\/uploads\/2021\/11\/261700847_1000226927375116_7385062389734099858_n.jpg\" sizes=\"(max-width: 1440px) 100vw, 1440px\" srcset=\"https:\/\/narodnidemokracie.cz\/wp-content\/uploads\/2021\/11\/261700847_1000226927375116_7385062389734099858_n.jpg 1440w, https:\/\/narodnidemokracie.cz\/wp-content\/uploads\/2021\/11\/261700847_1000226927375116_7385062389734099858_n-300x224.jpg 300w, https:\/\/narodnidemokracie.cz\/wp-content\/uploads\/2021\/11\/261700847_1000226927375116_7385062389734099858_n-1024x766.jpg 1024w, https:\/\/narodnidemokracie.cz\/wp-content\/uploads\/2021\/11\/261700847_1000226927375116_7385062389734099858_n-768x574.jpg 768w, https:\/\/narodnidemokracie.cz\/wp-content\/uploads\/2021\/11\/261700847_1000226927375116_7385062389734099858_n-665x497.jpg 665w, https:\/\/narodnidemokracie.cz\/wp-content\/uploads\/2021\/11\/261700847_1000226927375116_7385062389734099858_n-348x260.jpg 348w\" alt=\"\" width=\"912\" height=\"682\" data-lazy-type=\"image\" data-src=\"https:\/\/narodnidemokracie.cz\/wp-content\/uploads\/2021\/11\/261700847_1000226927375116_7385062389734099858_n.jpg\" data-srcset=\"\" \/><\/p>\n<p><em>Na Letn\u00e9 jsem si to fakt u\u017eil. Zde s m\u00fdmi p\u0159\u00e1teli Vladim\u00edrem Stworou (\u0161\u00e9fredaktorem Zv\u011bdavce.cz) a skv\u011bl\u00fdm analytikem Janem Zemanem (v\u00edce o n\u011bm p\u0159\u00ed\u0161t\u011b)<\/em><\/p>\n<p>M\u00e1m takov\u00fd pocit, \u017ee i my, vlastenci a n\u00e1rodovci, m\u016f\u017eeme za\u017e\u00edt sv\u00e9 V\u00e1noce, bod zlomu, kdy se za\u010dne bl\u00fdskat na lep\u0161\u00ed \u010dasy. Nebude to hned. 17. listopadu jsme na Starom\u00e1ku zap\u00e1lili prvn\u00ed sv\u00ed\u010dku. Dnes na Letn\u00e9 druhou. Nejsp\u00ed\u0161e nebudou sta\u010dit jen \u010dty\u0159i, mo\u017en\u00e1 jich budeme muset zap\u00e1lit mnohem v\u00edce. Ale jednou p\u0159ijde ten den. A bude \u0160t\u011bdr\u00fd a bude slavnostn\u00ed. A bude znamenat, \u017ee budeme slavit, rozbalovat d\u00e1rky a budeme zase \u0161\u0165astn\u00ed. Sv\u00e9 svobody si vezmeme zp\u011bt.<\/p>\n<p>Nic ale nen\u00ed zadarmo a nic nem\u016f\u017eeme usp\u00ed\u0161it. Neexistuj\u00ed zkratky. I kdy\u017e si d\u011bti sebev\u00edce p\u0159ej\u00ed V\u00e1noce, na kter\u00e9 se t\u011b\u0161\u00ed, neurychl\u00ed jejich p\u0159\u00edchod. Musej\u00ed si na n\u011b trp\u011bliv\u011b po\u010dkat, otev\u00edrat ok\u00e9nko za ok\u00e9nkem. Nejdel\u0161\u00ed noc je skute\u010dn\u011b ta p\u0159ed \u0160t\u011bdr\u00fdm dnem, proto\u017ee mal\u00e9 d\u00edt\u011b se tak t\u011b\u0161\u00ed, \u017ee mu ta noc ut\u00edk\u00e1 pomalu a nem\u016f\u017ee se do\u010dkat r\u00e1na. I my p\u0159ed na\u0161\u00edm v\u00edt\u011bzstv\u00edm tak nejsp\u00ed\u0161e za\u017eijeme je\u0161t\u011b v\u011bt\u0161\u00ed temnotu, zlo a teror, ne\u017e je tomu dnes. Ale vytrvejme. Ono se to zlom\u00ed. Ono se to oto\u010d\u00ed. Z\u00e1le\u017e\u00ed ale samoz\u0159ejm\u011b na n\u00e1s.<\/p>\n<p>Cht\u011bl jsem p\u016fvodn\u011b dnes ps\u00e1t o demonstraci na Letn\u00e9, ale my\u0161lenky mne p\u0159i psan\u00ed zavedly sem. Letn\u00e1 byla dobr\u00e1, lid\u00e9 byli skv\u011bl\u00ed, to jsem se jim ostatn\u011b ve sv\u00e9m projevu-neprojevu (<a href=\"https:\/\/www.facebook.com\/watch\/live\/?ref=watch_permalink&amp;v=480438680078480\"><em><strong>zde<\/strong><\/em><\/a>\u00a0od 24. minuty) sna\u017eil \u0159\u00edci. A\u017e pak jsem si uv\u011bdomil, \u017ee jsem zapomn\u011bl podobnou poklonu vyseknout i organiz\u00e1tor\u016fm demonstrace, kter\u00fdm pat\u0159\u00ed uzn\u00e1n\u00ed a d\u00edky. I p\u0159esto, \u017ee jsme na Letn\u00e9 mrzli, jsem si akci u\u017eil. Potkal jsem spoustu zn\u00e1m\u00fdch a p\u0159\u00e1tel a zah\u0159\u00e1lo mne to u srdce. Jak jsem \u0159ekl \u2013 nakonec to byla vyda\u0159en\u00e1 adventn\u00ed ned\u011ble. A co v\u00edce \u2013 po dne\u0161ku jsem z\u00edskal neodbytn\u00fd pocit, \u017ee ka\u017edou dal\u0161\u00ed demonstrac\u00ed zapalujeme pomyslnou sv\u00ed\u010dku a p\u0159ibli\u017eujeme se tak ke \u0160t\u011bdr\u00e9mu dni \u2013 k bodu Zlomu. Pro\u010d? Proto\u017ee lid\u00e9 p\u0159i\u0161li, i kdy\u017e byl nouzov\u00fd stav. Proto\u017ee lid\u00e9 p\u0159i\u0161li, i kdy\u017e je Advent. Proto\u017ee lid\u00e9 p\u0159i\u0161li, i kdy\u017e byla zima. Proto\u017ee lid\u00e9 p\u0159i\u0161li, i kdy\u017e tato demonstrace byla jen p\u00e1r dn\u00ed po t\u00e9 p\u0159edchoz\u00ed. Na mne to ud\u011blalo dojem a naplnilo mne to optimismem.<\/p>\n<p>Na Letn\u00e9 jsem necht\u011bl otravovat projevem. P\u00e1r pozn\u00e1mek a post\u0159eh\u016f k \u0159e\u0161en\u00ed Superkrize jsem p\u0159ednesl den p\u0159edt\u00edm v r\u00e1mci \u010cesk\u00e9 konference, dal\u0161\u00ed poda\u0159en\u00e9 akce. M\u016fj projev najdete\u00a0<a href=\"https:\/\/www.youtube.com\/watch?v=uJWlFI3OWbE\"><em><strong>zde<\/strong><\/em><\/a>\u00a0(v \u010dase 3:20:10).<\/p>\n<p>Narazil jsem tam i na t\u00e9ma \u201eKarel Jane\u010dek\u201c, kter\u00e9 jsem v\u00e1m minule sl\u00edbil rozv\u00e9st. A rozv\u00e9st budu muset i to, co jsem \u0159ekl pr\u00e1v\u011b na \u010cesk\u00e9 konferenci. Tak\u017ee nejsp\u00ed\u0161e o tom bude p\u0159\u00ed\u0161t\u00ed ned\u011bln\u00edk.<\/p>\n<p>Do t\u00e9 doby se opatrujte a pamatujte:<br \/>\nMy se ned\u00e1me.<br \/>\nMy to d\u00e1me.<\/p>\n<p><em>Adam B. Barto\u0161, p\u0159edseda N\u00e1rodn\u00ed demokracie<\/em><\/p>\n<p><img decoding=\"async\" loading=\"lazy\" class=\"alignnone size-full wp-image-678\" src=\"http:\/\/www.infokuryr.cz\/n\/wp-content\/uploads\/2021\/04\/narodni_demokracie_logo.jpg\" alt=\"\" width=\"300\" height=\"85\" \/><\/p>\n<p>&nbsp;<\/p>\n","protected":false},"excerpt":{"rendered":"<p>To to let\u00ed. Je\u0161t\u011b ned\u00e1vno jsem zapuzoval my\u0161lenky na V\u00e1noce, proto\u017ee mi jejich p\u0159ipom\u00edn\u00e1n\u00ed v&#8230;<\/p>\n","protected":false},"author":2,"featured_media":679,"comment_status":"closed","ping_status":"closed","sticky":false,"template":"","format":"standard","meta":[],"categories":[6],"tags":[367,29],"_links":{"self":[{"href":"https:\/\/www.infokuryr.cz\/n\/wp-json\/wp\/v2\/posts\/6515"}],"collection":[{"href":"https:\/\/www.infokuryr.cz\/n\/wp-json\/wp\/v2\/posts"}],"about":[{"href":"https:\/\/www.infokuryr.cz\/n\/wp-json\/wp\/v2\/types\/post"}],"author":[{"embeddable":true,"href":"https:\/\/www.infokuryr.cz\/n\/wp-json\/wp\/v2\/users\/2"}],"replies":[{"embeddable":true,"href":"https:\/\/www.infokuryr.cz\/n\/wp-json\/wp\/v2\/comments?post=6515"}],"version-history":[{"count":0,"href":"https:\/\/www.infokuryr.cz\/n\/wp-json\/wp\/v2\/posts\/6515\/revisions"}],"wp:featuredmedia":[{"embeddable":true,"href":"https:\/\/www.infokuryr.cz\/n\/wp-json\/wp\/v2\/media\/679"}],"wp:attachment":[{"href":"https:\/\/www.infokuryr.cz\/n\/wp-json\/wp\/v2\/media?parent=6515"}],"wp:term":[{"taxonomy":"category","embeddable":true,"href":"https:\/\/www.infokuryr.cz\/n\/wp-json\/wp\/v2\/categories?post=6515"},{"taxonomy":"post_tag","embeddable":true,"href":"https:\/\/www.infokuryr.cz\/n\/wp-json\/wp\/v2\/tags?post=6515"}],"curies":[{"name":"wp","href":"https:\/\/api.w.org\/{rel}","templated":true}]}}