{"id":6513,"date":"2021-11-29T06:36:22","date_gmt":"2021-11-29T05:36:22","guid":{"rendered":"http:\/\/www.infokuryr.cz\/n\/?p=6513"},"modified":"2021-11-29T06:36:22","modified_gmt":"2021-11-29T05:36:22","slug":"mozne-motivy-provokace-proti-rusku","status":"publish","type":"post","link":"https:\/\/www.infokuryr.cz\/n\/2021\/11\/29\/mozne-motivy-provokace-proti-rusku\/","title":{"rendered":"Mo\u017en\u00e9 motivy provokace proti Rusku"},"content":{"rendered":"<div id=\"fb-root\"><\/div>\n<section class=\"perex\">Mnoz\u00ed koment\u00e1to\u0159i poukazuj\u00ed na to, \u017ee Z\u00e1pad skute\u010dn\u011b nechce v\u00e1lku s Ruskem v pln\u00e9m rozsahu, proto\u017ee by to byla p\u0159inejlep\u0161\u00edm sebevra\u017eda. To je pravda.<\/p>\n<p>Na Z\u00e1pad\u011b v\u0161ak existuj\u00ed ur\u010dit\u00e9 specifick\u00e9 z\u00e1jmy, kter\u00e9 velmi usiluj\u00ed o co nejvy\u0161\u0161\u00ed nap\u011bt\u00ed. Dnes uvedu jen n\u011bkter\u00e9 z nich: (\u010d\u00e1ste\u010dn\u00fd seznam)<\/p>\n<\/section>\n<section class=\"clanek-obsah\">\n<h2>Energetick\u00fd sektor USA<\/h2>\n<p>Energetick\u00fd sektor je velmi znepokojen Bidenovou &#8222;zelenou&#8220; r\u00e9torikou v kombinaci se skute\u010dnost\u00ed, \u017ee zem\u011b OPEC+ se nepod\u0159izuj\u00ed po\u017eadavk\u016fm USA ohledn\u011b cen. Tak\u00e9 americk\u00fd b\u0159idlicov\u00fd plyn je drah\u00fd. Pokud by do\u0161lo k v\u00e1lce mezi Ruskem a Ukrajinou, zcela jist\u011b by to tak\u00e9 zcela vykolejilo rusk\u00fd v\u00fdvoz energie do EU, co\u017e by zase vytvo\u0159ilo velmi vysokou popt\u00e1vku po americk\u00e9 energii v Evrop\u011b (a ve sv\u011bt\u011b). To je star\u00fd c\u00edl USA v Evrop\u011b, donutit EU nakupovat americkou energii, p\u0159esto\u017ee ji Rusko m\u016f\u017ee dod\u00e1vat za mnohem lep\u0161\u00ed cenu.<\/p>\n<h2>NATO<\/h2>\n<p>To je jednoduch\u00e9: V\u016fdci NATO v\u0161ak nyn\u00ed mohou tvrdit, \u017ee jsou jedinou v\u011bc\u00ed, kter\u00e1 stoj\u00ed mezi dobr\u00fdmi, svobodu miluj\u00edc\u00edmi zem\u011bmi EU a Putinov\u00fdmi hordami.<\/p>\n<h2>&#8222;Biden&#8220; mo\u017enost jedna<\/h2>\n<p>Biden\u016fv rating je t\u00e9m\u011b\u0159 stejn\u011b \u0161patn\u00fd jako Zelensk\u00e9ho. Pokud bude provedena protirusk\u00e1 provokace a Rusko bude muset otev\u0159en\u011b zas\u00e1hnout na Ukrajin\u011b, Biden se m\u016f\u017ee st\u00e1t &#8222;v\u00e1le\u010dn\u00fdm prezidentem&#8220; a m\u016f\u017ee m\u00e1vat vlajkou, co\u017e snad odvede pozornost od jeho obrovsk\u00fdch vnit\u0159n\u00edch probl\u00e9m\u016f a bude vypadat v\u00edce &#8222;prezidentsky&#8220; (co\u017e v americk\u00e9 hant\u00fdrce znamen\u00e1 &#8222;ochotn\u011bj\u0161\u00ed pou\u017e\u00edt s\u00edlu&#8220;).<\/p>\n<h2>&#8222;Biden&#8220; mo\u017enost dv\u011b<\/h2>\n<p>\u0158ekn\u011bme, \u017ee nedojde k \u017e\u00e1dn\u00e9 provokaci a \u010dasem cel\u00e1 tato hysterie nakonec vy\u0161um\u00ed. Biden pak m\u016f\u017ee tvrdit, \u017ee &#8222;uk\u00e1zal Rus\u016fm, kdo je tady p\u00e1nem&#8220; a &#8222;americk\u00e1&#8220; rozhodnost &#8222;Putina odradila a zadr\u017eela&#8220; atd. To by bylo, jako kdyby my\u0161 tvrdila, \u017ee odradila sp\u00edc\u00edho medv\u011bda od \u00fatoku na ni. D\u016fkaz? No, zl\u00fd medv\u011bd p\u0159ece neza\u00fato\u010dil, nebo ano? Tak jak\u00fd dal\u0161\u00ed d\u016fkaz pot\u0159ebujete?<\/p>\n<h2>&#8222;Biden&#8220; mo\u017enost t\u0159i<\/h2>\n<p>Jak u\u017e jsem se zm\u00ednil v minulosti, existuj\u00ed n\u00e1znaky, \u017ee\u00a0<a href=\"http:\/\/thesaker.is\/on-suitcases-handles-and-firestarters\/\" target=\"_blank\" rel=\"external noopener\">USA p\u0159enechaly Ukrajinu Evropan\u016fm<\/a>, co\u017e zase znamen\u00e1, \u017ee pokud dojde k p\u0159est\u0159elce, o jej\u00edm\u017e v\u00fdsledku nen\u00ed pochyb, &#8222;Biden&#8220; m\u016f\u017ee \u0159\u00edct: &#8222;Sna\u017eili jsme se Ukrajin\u011b pomoci, jak jen to \u0161lo, v\u00edc ne\u017e kdokoli jin\u00fd, ale nemohou o\u010dek\u00e1vat, \u017ee p\u016fjdeme do v\u00e1lky s Ruskem, abychom je podpo\u0159ili.&#8220; Jin\u00fdmi slovy, nechat &#8222;Ze&#8220; prohr\u00e1t v\u00e1lku s Ruskem je velmi elegantn\u00ed zp\u016fsob, jak se &#8222;Ze&#8220; zbavit a svalit na n\u011bj vinu za sou\u010dasn\u00fd plnospektr\u00e1ln\u00ed chaos na Ukrajin\u011b a z\u00e1rove\u0148 odvr\u00e1tit jakoukoli kritiku na adresu USA.<\/p>\n<h2>Politici Spojen\u00e9ho kr\u00e1lovstv\u00ed a EU<\/h2>\n<p>Brit\u0161t\u00ed a unijn\u00ed politici v\u011brn\u011b papou\u0161kovali ve\u0161kerou protiruskou propagandu a nyn\u00ed uv\u00edzli ve vlastn\u00edm ideologick\u00e9m kout\u011b: nen\u00e1vid\u00ed Rusko, ale pot\u0159ebuj\u00ed ruskou energii. Toto dilema by mohla &#8222;vy\u0159e\u0161it&#8220; kr\u00e1tk\u00e1, ale o\u0161kliv\u00e1 v\u00e1lka, kter\u00e1 by mocn\u011b p\u0159ep\u00f3lovala EU proti Rusku, a t\u00edm by EU pln\u011b a zcela dostala do \u017eelezn\u00e9ho podru\u010d\u00ed USA.<\/p>\n<h2>Americk\u00e9 vojensk\u00e9 korporace MIC (Military Industry Corporations)<\/h2>\n<p>To je z\u0159ejm\u00e9: \u010d\u00edm v\u011bt\u0161\u00ed a d\u011bsiv\u011bj\u0161\u00ed je rusk\u00fd stra\u0161\u00e1k, t\u00edm v\u00edce mohou m\u00edrumilovn\u00e9 USA utr\u00e1cet za &#8222;obranu&#8220;. A nezapome\u0148te, \u017ee c\u00edlem americk\u00fdch &#8222;kongresman\u016f&#8220; (miluji ten newspeak!) nen\u00ed p\u0159isp\u011bt k rozumn\u00e9 zahrani\u010dn\u00ed politice USA, ale b\u00fdt znovu zvolen. To zase znamen\u00e1, \u017ee udr\u017eovat v chodu americk\u00fd MIC, kter\u00fd je skute\u010dnou finan\u010dn\u00ed bonanzou pro zemi, kter\u00e1 je jinak v hrozn\u00e9m ekonomick\u00e9m stavu, je jedn\u00edm z nejlep\u0161\u00edch zp\u016fsob\u016f, jak b\u00fdt znovu zvolen a z\u00e1rove\u0148 vytv\u00e1\u0159et image &#8222;vlasteneck\u00e9ho&#8220; zvolen\u00e9ho \u00fa\u0159edn\u00edka. Je n\u011bkde kolem Ted Cruz?<\/p>\n<h2>Deep state USA<\/h2>\n<p>Deep state USA v\u017edy nen\u00e1vid\u011bl Rusko a v\u017edy rozdm\u00fdch\u00e1val plameny hysterick\u00e9 rusofobie. Hlavn\u00ed roli zde hraj\u00ed neoconi, ale zdaleka nejsou jedin\u00ed, je zcela jasn\u00e9, \u017ee krom\u011b B\u00edl\u00e9ho domu \u0159\u00edd\u00ed deep state tak\u00e9 ministerstvo zahrani\u010d\u00ed, CIA a Pentagon.<\/p>\n<h2>3B+PU (3 pobaltsk\u00e9 st\u00e1ty, Polsko a Ukrajina)<\/h2>\n<p>Nyn\u00ed je jasn\u00e9, \u017ee se 3B+PU pokusili svrhnout Luka\u0161enka a \u017ee se jim to nepoda\u0159ilo. Jak l\u00e9pe p\u0159ed ve\u0159ejnost\u00ed utajit velikost tohoto ne\u00fasp\u011bchu ne\u017e kr\u00e1tkou a o\u0161klivou v\u00e1lkou proti Rusku, zvl\u00e1\u0161t\u011b kdy\u017e 3B+PU pln\u011b ch\u00e1pou, \u017ee Rusko na n\u011b nikdy neza\u00fato\u010d\u00ed jako prvn\u00ed. Zde se mus\u00edm zvl\u00e1\u0161t\u011b zm\u00ednit o Polsku, kter\u00e9 se v sou\u010dasnosti c\u00edt\u00ed jako obr, stoj\u00edc\u00ed jako oni na ramenou USA. Pro n\u011b je to situace, kter\u00e1 je v\u00fdhodn\u00e1 pro v\u0161echny: pokud bude Rusko pora\u017eeno, mohou se prohl\u00e1sit za nejlep\u0161\u00ed voj\u00e1ky v d\u011bjin\u00e1ch vesm\u00edru, pokud Rusko zv\u00edt\u011bz\u00ed, pak se mohou prohl\u00e1sit za nejposti\u017een\u011bj\u0161\u00ed n\u00e1rod na sv\u011bt\u011b. A\u0165 tak \u010di onak, ob\u011b varianty jsou pro polsk\u00e9 nacionalisty (kte\u0159\u00ed jinak maj\u00ed probl\u00e9my s EU) sp\u00e1snou manou nebeskou.<\/p>\n<h2>&#8222;Ze&#8220;<\/h2>\n<p>Zelensk\u00e9ho hodnocen\u00ed je je\u0161t\u011b hor\u0161\u00ed ne\u017e Bidenovo. V\u011bt\u0161ina jeho b\u00fdval\u00fdch spojenc\u016f se proti n\u011bmu obr\u00e1tila, a pokud se nestane n\u011bco velmi dramatick\u00e9ho, jeho politick\u00e1 budoucnost je v podstat\u011b nulov\u00e1, bude m\u00edt \u0161t\u011bst\u00ed, pokud se mu poda\u0159\u00ed v\u010das ut\u00e9ct z Ukrajiny, tedy d\u0159\u00edve, ne\u017e se n\u011bkdo rozhodne proti n\u011bmu p\u0159\u00edmo zakro\u010dit (spousta r\u016fzn\u00fdch z\u00e1jm\u016f na Ukrajin\u011b je nyn\u00ed v\u016f\u010di &#8222;Ze&#8220; otev\u0159en\u011b a hluboce nep\u0159\u00e1telsk\u00e1).<\/p>\n<h2>Britsk\u00fd vojensk\u00fd\/bezpe\u010dnostn\u00ed establishment<\/h2>\n<p>Britov\u00e9 maj\u00ed imperi\u00e1ln\u00ed fantomov\u00e9 bolesti a c\u00edt\u00ed se relativn\u011b bezpe\u010dn\u011b, proto\u017ee jsou daleko od rusko-ukrajinsk\u00e9 linie dotyku. Maj\u00ed tak\u00e9 pocit, \u017ee je zcela nemysliteln\u00e9 si p\u0159edstavit, \u017ee by se Rusko odv\u00e1\u017eilo skute\u010dn\u011b za\u00fato\u010dit na britskou lo\u010f\/letadlo nebo, je\u0161t\u011b m\u00e9n\u011b, na m\u00edsto ve Spojen\u00e9m kr\u00e1lovstv\u00ed. Toto druh\u00e9 p\u0159esv\u011bd\u010den\u00ed je mimochodem zcela myln\u00e9, proto\u017ee Rusov\u00e9 si tak\u00e9 uv\u011bdomuj\u00ed, \u017ee pokud by, \u0159ekn\u011bme, potopili britskou lo\u010f, nebo dokonce zas\u00e1hli vojensk\u00e9 za\u0159\u00edzen\u00ed ve Spojen\u00e9m kr\u00e1lovstv\u00ed, to by m\u011blo dv\u011b z\u00e1kladn\u00ed mo\u017enosti: 1) sami nic nepodniknout a po\u017e\u00e1dat str\u00fd\u010dka \u0160muela o ochranu 2) sami prov\u00e9st proti\u00fader proti Rusku, \u010d\u00edm\u017e by se jen vystavili dal\u0161\u00edm rusk\u00fdm proti\u00fader\u016fm. Pokud v\u00e1m to zn\u00ed jako ztr\u00e1tov\u00e1 strategie, je to proto, \u017ee tomu tak je. Ale pro zemi Litvin\u011bnka, Skripala, Bellingcatu a &#8222;vysoce pravd\u011bpodobn\u00e9&#8220; skute\u010dnosti nikdy nejsou p\u0159ek\u00e1\u017ekou k akci. Krom\u011b toho se skute\u010dn\u011b zd\u00e1, \u017ee Spojen\u00e9 kr\u00e1lovstv\u00ed \u0159\u00edd\u00ed du\u0161evn\u011b vy\u0161inut\u00fd premi\u00e9r obklopen\u00fd malichern\u00fdmi byrokraty a seniln\u00ed kr\u00e1lovnou.<\/p>\n<h2>Lid\u00e9, kte\u0159\u00ed nostalgicky vzpom\u00ednaj\u00ed na star\u00e9 dobr\u00e9 \u010dasy b\u00edl\u00e9ho, z\u00e1padn\u00edho imp\u00e9ria<\/h2>\n<p>To jsou lid\u00e9 jako\u00a0<a href=\"http:\/\/thesaker.is\/very-telling-admission-from-eu-high-representative-josep-borrell\/\" target=\"_blank\" rel=\"external noopener\">Josep Borrell<\/a>\u00a0a v\u0161ichni ti, kte\u0159\u00ed cht\u011bli unipol\u00e1rn\u00ed sv\u011bt, samoz\u0159ejm\u011b \u0159\u00edzen\u00fd Z\u00e1padem, kde by se \u017e\u00e1dn\u00e1 zem\u011b neodv\u00e1\u017eila vzep\u0159\u00edt vl\u00e1d\u011b jedin\u00e9ho sv\u011btov\u00e9ho hegemona (nez\u00e1le\u017e\u00ed na tom, kter\u00e1 zem\u011b to je, hlavn\u011b \u017ee je to z\u00e1padn\u00ed zem\u011b). Tito lid\u00e9 jsou ti, kte\u0159\u00ed pot\u0159ebuj\u00ed dostat po\u0159\u00e1dn\u011b p\u0159es hubu od rusk\u00e9 arm\u00e1dy, a to zhruba jednou za sto let.<\/p>\n<p>Ve skute\u010dnosti je na Z\u00e1pad\u011b mnohem v\u00edce skupin, kter\u00e9 cht\u011bj\u00ed n\u011bjakou v\u00e1lku, n\u011bkter\u00e9 ji cht\u011bj\u00ed rychlou a malou, jin\u00e9 v\u011bt\u0161\u00ed, zat\u00edmco dal\u0161\u00ed cht\u011bj\u00ed zastavit eskalaci t\u011bsn\u011b p\u0159ed skute\u010dnou v\u00e1lkou.<\/p>\n<p>Jako v\u017edy bude to, co bude n\u00e1sledovat, v\u00fdsledkem sou\u010dtu mnoha vektor\u016f, kter\u00e9 ovliv\u0148uj\u00ed tento v\u00fdsledek: ka\u017ed\u00e1 strana se bude sna\u017eit co nejv\u00edce p\u0159ibl\u00ed\u017eit sv\u00fdm z\u00e1jm\u016fm a v\u00fdsledkem sou\u010dtu v\u0161ech t\u011bchto neofici\u00e1ln\u00edch zahrani\u010dn\u00edch politik bude to, co mnoz\u00ed z n\u00e1s budou naz\u00fdvat &#8222;zahrani\u010dn\u00ed politikou USA&#8220;, p\u0159esto\u017ee \u017e\u00e1dn\u00e1 takov\u00e1 politika jako takov\u00e1 neexistuje (krom\u011b sou\u010dtu t\u011bchto r\u016fzn\u00fdch vektor\u016f).<\/p>\n<h2>A kone\u010dn\u011b, ru\u0161\u00ed se summit Putin-Biden?<\/h2>\n<p>Psakiov\u00e1 v\u010dera uvedla, \u017ee si nen\u00ed v\u011bdoma \u017e\u00e1dn\u00fdch p\u0159\u00edprav na summit mezi Bidenem a Putinem. Rovn\u011b\u017e letm\u00fd pohled do kalend\u00e1\u0159e m\u011b nut\u00ed k zamy\u0161len\u00ed: mezi nadch\u00e1zej\u00edc\u00edm\u00a0<a href=\"https:\/\/www.state.gov\/summit-for-democracy\/\" target=\"_blank\" rel=\"external noopener\">Summitem pro demokracii<\/a>, kter\u00fd se kon\u00e1 9.-10. prosince, a obdob\u00edm mezi z\u00e1padn\u00edmi sv\u00e1tky (24. prosince &#8211; 1. ledna) se \u010das, kter\u00fd je k dispozici pro uspo\u0159\u00e1d\u00e1n\u00ed takov\u00e9ho summitu, rychle kr\u00e1t\u00ed. Po p\u016fvodn\u00edm ozn\u00e1men\u00ed se r\u00e9torika Ruska i USA ohledn\u011b takov\u00e9ho summitu stala mnohem v\u00e1gn\u011bj\u0161\u00ed, jako by si to nyn\u00ed ob\u011b strany z\u0159ejm\u011b rozmyslely.<\/p>\n<p>A pokud je tento summit pl\u00e1nov\u00e1n n\u011bkdy na leden, pak zb\u00fdv\u00e1 ukronacist\u016fm jen v\u00edce \u010dasu na to, aby p\u0159i\u0161li s jakoukoli provokac\u00ed. Pokud k tomu dojde, pak by byl jak\u00fdkoli summit stejn\u011b zru\u0161en.<\/p>\n<p>St\u00e1le m\u016f\u017eeme doufat, \u017ee se tento summit uskute\u010dn\u00ed, co\u017e by byl pro &#8222;Bidena&#8220; \u00fa\u010dinn\u00fd zp\u016fsob, jak &#8222;sob\u011b&#8220; a sv\u00fdm nep\u0159\u00e1tel\u016fm (ostatn\u00edm frakc\u00edm mocensk\u00e9 struktury USA) uk\u00e1zat, \u017ee on, &#8222;Biden&#8220;, m\u00e1 st\u00e1le v\u0161e pod kontrolou. \u0160patn\u00fd m\u00edr je v\u017edy lep\u0161\u00ed ne\u017e dobr\u00e1 v\u00e1lka. Ale vzhledem k tomu, \u017ee do takov\u00e9 v\u00e1lky je vlo\u017eeno tolik z\u00e1padn\u00edch z\u00e1jm\u016f, nejsem p\u0159\u00edli\u0161 optimistick\u00fd.<\/p>\n<p><strong>The Saker<\/strong><\/p>\n<div class=\"podcarou\">\n<p><a href=\"http:\/\/thesaker.is\/possible-motives-for-a-provocation-against-russia\/\" target=\"_blank\" rel=\"external noopener\">Possible motives for a provocation against Russia<\/a> vy\u0161el 25.11.2021 na thesaker.is. P\u0159eklad Zv\u011bdavec.<\/p>\n<\/div>\n<\/section>\n<p>P\u0159evzato:\u00a0<a href=\"http:\/\/www.zvedavec.org\/komentare\/2021\/11\/8936-mozne-motivy-provokace-proti-rusku.htm\">Zvedavec.org<\/a><\/p>\n<p>&nbsp;<\/p>\n","protected":false},"excerpt":{"rendered":"<p>Mnoz\u00ed koment\u00e1to\u0159i poukazuj\u00ed na to, \u017ee Z\u00e1pad skute\u010dn\u011b nechce v\u00e1lku s Ruskem v pln\u00e9m rozsahu,&#8230;<\/p>\n","protected":false},"author":2,"featured_media":1429,"comment_status":"closed","ping_status":"closed","sticky":false,"template":"","format":"standard","meta":[],"categories":[7],"tags":[41,39,716,22,37],"_links":{"self":[{"href":"https:\/\/www.infokuryr.cz\/n\/wp-json\/wp\/v2\/posts\/6513"}],"collection":[{"href":"https:\/\/www.infokuryr.cz\/n\/wp-json\/wp\/v2\/posts"}],"about":[{"href":"https:\/\/www.infokuryr.cz\/n\/wp-json\/wp\/v2\/types\/post"}],"author":[{"embeddable":true,"href":"https:\/\/www.infokuryr.cz\/n\/wp-json\/wp\/v2\/users\/2"}],"replies":[{"embeddable":true,"href":"https:\/\/www.infokuryr.cz\/n\/wp-json\/wp\/v2\/comments?post=6513"}],"version-history":[{"count":0,"href":"https:\/\/www.infokuryr.cz\/n\/wp-json\/wp\/v2\/posts\/6513\/revisions"}],"wp:featuredmedia":[{"embeddable":true,"href":"https:\/\/www.infokuryr.cz\/n\/wp-json\/wp\/v2\/media\/1429"}],"wp:attachment":[{"href":"https:\/\/www.infokuryr.cz\/n\/wp-json\/wp\/v2\/media?parent=6513"}],"wp:term":[{"taxonomy":"category","embeddable":true,"href":"https:\/\/www.infokuryr.cz\/n\/wp-json\/wp\/v2\/categories?post=6513"},{"taxonomy":"post_tag","embeddable":true,"href":"https:\/\/www.infokuryr.cz\/n\/wp-json\/wp\/v2\/tags?post=6513"}],"curies":[{"name":"wp","href":"https:\/\/api.w.org\/{rel}","templated":true}]}}