{"id":65072,"date":"2024-10-29T00:43:45","date_gmt":"2024-10-28T23:43:45","guid":{"rendered":"https:\/\/www.infokuryr.cz\/n\/?p=65072"},"modified":"2024-10-28T16:54:20","modified_gmt":"2024-10-28T15:54:20","slug":"s-ochrannym-prikopem-a-heliportem-pro-rychly-utek-blaznive-velkolepe-vladni-budovy-v-berline","status":"publish","type":"post","link":"https:\/\/www.infokuryr.cz\/n\/2024\/10\/29\/s-ochrannym-prikopem-a-heliportem-pro-rychly-utek-blaznive-velkolepe-vladni-budovy-v-berline\/","title":{"rendered":"S ochrann\u00fdm p\u0159\u00edkopem a heliportem pro rychl\u00fd \u00fat\u011bk: Bl\u00e1zniv\u00e9, velkolep\u00e9 vl\u00e1dn\u00ed budovy v Berl\u00edn\u011b"},"content":{"rendered":"<div id=\"fb-root\"><\/div>\n<p><strong><span>Jako v socialistick\u00fdch diktatur\u00e1ch: Zat\u00edmco se n\u011bmeck\u00e1 infrastruktura hrout\u00ed a vl\u00e1da si st\u011b\u017euje na rozpo\u010dtov\u00e9 d\u00edry, aby je\u0161t\u011b v\u00edce vytla\u010dila obyvatelstvo, stavba velkolep\u00fdch politick\u00fdch budov v Berl\u00edn\u011b bez z\u00e1bran pokra\u010duje. S p\u0159ist\u00e1vac\u00ed plochou pro vrtuln\u00edky na kancl\u00e9\u0159stv\u00ed a 2,50 metru hlubok\u00fdm bezpe\u010dnostn\u00edm p\u0159\u00edkopem kolem Reichstagu d\u011blaj\u00ed na \u00fakor da\u0148ov\u00fdch poplatn\u00edk\u016f p\u011bkn\u011b \u2013 a z\u00e1rove\u0148 se p\u0159ed nimi chr\u00e1n\u00ed. Jen v Berl\u00edn\u011b se na to v p\u0159\u00ed\u0161t\u00edch letech vynalo\u017e\u00ed v\u00edce ne\u017e 2 miliardy eur.<\/span><\/strong><\/p>\n<p><span>Zn\u00e1me to z totalitn\u00edch st\u00e1t\u016f: Vl\u00e1da se p\u011bkn\u011b nastav\u00ed a \u017eije v luxusu &#8211; b\u011b\u017en\u00fd ob\u010dan vid\u00ed, kde se zdr\u017euje. Zat\u00edmco mosty v N\u011bmecku se hrout\u00ed, zdravotn\u00ed syst\u00e9m se hrout\u00ed a migrace a soci\u00e1ln\u00ed v\u00fddaje rozkl\u00e1daj\u00ed st\u00e1tn\u00ed rozpo\u010det, n\u011bmeck\u00e1 vl\u00e1da m\u00e1 jasn\u00e9 priority. Na mafii se p\u0159eci u\u0161et\u0159it d\u00e1, ale na vlastn\u00edm pohodl\u00ed ne.<\/span><\/p>\n<p><span>Tak\u017ee zat\u00edmco se zem\u011b deindustrializuje a bezuzdn\u00e1 masov\u00e1 migrace do soci\u00e1ln\u00edho syst\u00e9mu se \u017eene bez z\u00e1bran kup\u0159edu, v\u0161echny ty oblasti, kter\u00e9 jsou pro lidi z\u00e1sadn\u00ed \u2013 infrastruktura, zdravotnictv\u00ed a t\u0159eba \u0161kolstv\u00ed \u2013 jsou ponech\u00e1ny ps\u016fm. A p\u0159esto\u017ee da\u0148ov\u00e9 p\u0159\u00edjmy v d\u016fsledku levicov\u011b-zelen\u00e9ho politick\u00e9ho ne\u00fasp\u011bchu m\u00edsto toho, aby rostly, klesaj\u00ed, lid\u00e9 v Berl\u00edn\u011b st\u00e1le pl\u00e1nuj\u00ed a d\u011blaj\u00ed sv\u00e9 velkolep\u00e9 stavby. To nen\u00ed dob\u0159e p\u0159ijato ani \u201e\u00a0<\/span><a href=\"https:\/\/www.bild.de\/politik\/inland\/steuerzahlerbund-entsetzt-regierung-baut-in-berlin-fuer-ueber-2mrd-euro-6718b6f8defbfe64e2c3ce28\" target=\"_blank\" rel=\"noreferrer noopener\"><span>Bildem<\/span><\/a><span> \u201c, kter\u00fd poskytuje p\u0159ehled n\u00e1klad\u016f v aktu\u00e1ln\u00edm \u010dl\u00e1nku.<\/span><\/p>\n<p><strong><span>Renovace pal\u00e1ce Bellevue z roku 2026 m\u00e1 st\u00e1t minim\u00e1ln\u011b 500 milion\u016f. Odhaduje se, \u017ee n\u00e1klady by se mohly zdvojn\u00e1sobit.<\/span><\/strong><span>\u00a0N\u00e1hradn\u00ed budova pro zam\u011bstnance spolkov\u00e9ho prezidenta Waltera Steinmeiera, aby kv\u016fli rekonstrukc\u00edm nikdo nemusel sn\u00e1\u0161et stavebn\u00ed hluk, bude st\u00e1t da\u0148ov\u00e9 poplatn\u00edky dal\u0161\u00edch 205 milion\u016f eur.<\/span><\/p>\n<p><strong><span>Expanze ministerstva obrany se\u017eere z dan\u00ed 416 milion\u016f eur.<\/span><\/strong><span>\u00a0U\u017eitn\u00e1 plocha by pak m\u011bla b\u00fdt v\u011bt\u0161\u00ed ne\u017e u cel\u00e9ho Reichstagu. Nezahrnuje: n\u00e1klady na v\u00fdstavbu komunikace, kanalizaci, p\u0159\u00edpojky vody a elekt\u0159iny a dal\u0161\u00ed dodate\u010dn\u00e9 n\u00e1klady.<\/span><\/p>\n<p><strong><span>Na \u201en\u00e1v\u0161t\u011bvnick\u00e9 centrum\u201c a ochrann\u00fd p\u0159\u00edkop v Reichstagu m\u00e1 b\u00fdt vynalo\u017eeno 193 milion\u016f eur.<\/span><\/strong><span> P\u0159\u00edkop na ochranu p\u0159ed lidmi se naz\u00fdv\u00e1 \u201ep\u0159\u00edkop Aha\u201c, proto\u017ee dav by m\u011bl vid\u011bt, \u017ee je tam, pouze kdy\u017e se k n\u011bmu p\u0159ibl\u00ed\u017e\u00ed. Vl\u00e1da, kter\u00e1 pracuje v z\u00e1jmu sv\u00fdch ob\u010dan\u016f, nepot\u0159ebuje bezpe\u010dnostn\u00ed p\u0159\u00edkop.<\/span><\/p>\n<p><span>A \u00fadajn\u00fd vl\u00e1dce to pr\u00fd m\u00e1 obzvl\u00e1\u0161\u0165 p\u011bkn\u00e9:\u00a0<\/span><strong><span>N\u011bmc\u016fm je ukradeno 777 milion\u016f, aby mohli postavit p\u0159\u00edstavbu kancl\u00e9\u0159stv\u00ed v\u010detn\u011b p\u0159ist\u00e1vac\u00ed plochy pro vrtuln\u00edky.<\/span><\/strong><span>\u00a0Aby v\u00e1s rychle vylet\u011bli, kdyby chata opravdu vyho\u0159ela v d\u016fsledku vlastn\u00edho selh\u00e1n\u00ed? Dojem mohl b\u00fdt z\u0159ejm\u00fd.\u00a0<\/span><strong><span>Mimochodem, byt kancl\u00e9\u0159e m\u00e1 pr\u00fd 250 metr\u016f \u010dtvere\u010dn\u00edch. Kolik takzvan\u00fdch uprchl\u00edk\u016f byste zde mohli ubytovat?<\/span><\/strong><span>\u00a0N\u011bme\u010dt\u00ed senio\u0159i nedost\u00e1vaj\u00ed tolik metr\u016f \u010dtvere\u010dn\u00edch\u00a0<\/span><a href=\"https:\/\/report24.news\/gruene-fordern-senioren-sollen-ihre-haeuser-mit-fremden-teilen\/\"><span>.<\/span><\/a><\/p>\n<p><span>Vzhledem k obl\u00edbenosti SPD je nepravd\u011bpodobn\u00e9, \u017ee by tam Olaf Scholz s\u00e1m je\u0161t\u011b bydlel, ale \u010dlov\u011bk nikdy nev\u00ed. Krom\u011b toho zde bude vyhrazen\u00e1 sportovn\u00ed a gymnastick\u00e1 m\u00edstnost a centrum denn\u00ed p\u00e9\u010de pro zam\u011bstnance. Jesle stoj\u00ed 2,8 milionu eur a je ur\u010dena pro maxim\u00e1ln\u011b 15 d\u011bt\u00ed. Bude v\u016fbec n\u011bkdy pou\u017eit? Ti, kte\u0159\u00ed maj\u00ed d\u011bti, v\u011bt\u0161inou nepodporuj\u00ed protid\u011btskou politiku. Kancl\u00e9\u0159 Scholz to v\u0161e st\u00e1le pova\u017euje za \u201enezbytnost\u201c.<\/span><\/p>\n<p><span>Kritika velkolep\u00fdch budov v sou\u010dasnosti p\u0159ich\u00e1z\u00ed od Sdru\u017een\u00ed da\u0148ov\u00fdch poplatn\u00edk\u016f, kter\u00e9 pova\u017euje \u201egener\u00e1ln\u00ed revizi\u201c pl\u00e1n\u016f za nal\u00e9hav\u011b pot\u0159ebn\u00e9. \u201ePolitici mus\u00ed \u010destn\u011b rozhodnout, co je skute\u010dn\u011b nutn\u00e9 a do jak\u00e9 m\u00edry a kter\u00e9 pl\u00e1ny lze odlo\u017eit nebo zru\u0161it,\u201c \u0159ekl prezident Reiner Holznagel. Samoz\u0159ejm\u011b m\u00e1 pravdu. Probl\u00e9m je v tom, \u017ee politici a \u201evl\u00e1dci\u201c maj\u00ed \u00fapln\u011b jin\u00fd pocit \u201enezbytnosti\u201c ne\u017e lid\u00e9, kte\u0159\u00ed mus\u00ed tvrd\u011b d\u0159\u00edt o ka\u017ed\u00e9 euro\u2026<\/span><\/p>\n<p><em>Koment\u00e1\u0159 od Vanessy Renner<\/em><\/p>\n<p>&nbsp;<\/p>\n","protected":false},"excerpt":{"rendered":"<p>Jako v socialistick\u00fdch diktatur\u00e1ch: Zat\u00edmco se n\u011bmeck\u00e1 infrastruktura hrout\u00ed a vl\u00e1da si st\u011b\u017euje na rozpo\u010dtov\u00e9&#8230;<\/p>\n","protected":false},"author":2,"featured_media":65073,"comment_status":"closed","ping_status":"closed","sticky":false,"template":"","format":"standard","meta":[],"categories":[7],"tags":[233,45,84],"_links":{"self":[{"href":"https:\/\/www.infokuryr.cz\/n\/wp-json\/wp\/v2\/posts\/65072"}],"collection":[{"href":"https:\/\/www.infokuryr.cz\/n\/wp-json\/wp\/v2\/posts"}],"about":[{"href":"https:\/\/www.infokuryr.cz\/n\/wp-json\/wp\/v2\/types\/post"}],"author":[{"embeddable":true,"href":"https:\/\/www.infokuryr.cz\/n\/wp-json\/wp\/v2\/users\/2"}],"replies":[{"embeddable":true,"href":"https:\/\/www.infokuryr.cz\/n\/wp-json\/wp\/v2\/comments?post=65072"}],"version-history":[{"count":0,"href":"https:\/\/www.infokuryr.cz\/n\/wp-json\/wp\/v2\/posts\/65072\/revisions"}],"wp:featuredmedia":[{"embeddable":true,"href":"https:\/\/www.infokuryr.cz\/n\/wp-json\/wp\/v2\/media\/65073"}],"wp:attachment":[{"href":"https:\/\/www.infokuryr.cz\/n\/wp-json\/wp\/v2\/media?parent=65072"}],"wp:term":[{"taxonomy":"category","embeddable":true,"href":"https:\/\/www.infokuryr.cz\/n\/wp-json\/wp\/v2\/categories?post=65072"},{"taxonomy":"post_tag","embeddable":true,"href":"https:\/\/www.infokuryr.cz\/n\/wp-json\/wp\/v2\/tags?post=65072"}],"curies":[{"name":"wp","href":"https:\/\/api.w.org\/{rel}","templated":true}]}}