{"id":65071,"date":"2024-10-29T00:41:30","date_gmt":"2024-10-28T23:41:30","guid":{"rendered":"https:\/\/www.infokuryr.cz\/n\/?p=65071"},"modified":"2024-10-28T17:21:47","modified_gmt":"2024-10-28T16:21:47","slug":"arogance-je-zpet-nekontrolovana-arogance-izraele-je-receptem-na-katastrofu","status":"publish","type":"post","link":"https:\/\/www.infokuryr.cz\/n\/2024\/10\/29\/arogance-je-zpet-nekontrolovana-arogance-izraele-je-receptem-na-katastrofu\/","title":{"rendered":"Arogance je zp\u011bt: nekontrolovan\u00e1 arogance Izraele je receptem na katastrofu"},"content":{"rendered":"<div id=\"fb-root\"><\/div>\n<div class=\"elementor-element elementor-element-1fb4c2c elementor-widget elementor-widget-theme-post-content\" data-id=\"1fb4c2c\" data-element_type=\"widget\" data-widget_type=\"theme-post-content.default\">\n<div class=\"elementor-widget-container\">\n<p><strong>Izraelsk\u00e1 arogance je zp\u011bt, a to ve velk\u00e9m. Kdo by v\u011b\u0159il, \u017ee se vr\u00e1t\u00ed rok po 7. \u0159\u00edjnu a v takov\u00e9m m\u011b\u0159\u00edtku. Pot\u00e9, co jsme porazili Hamas a zni\u010dili Gazu, jsme nyn\u00ed v procesu por\u00e1\u017eky Hizball\u00e1hu a zni\u010den\u00ed Libanonu \u2013 a svou pozornost ji\u017e obrac\u00edme k \u00cdr\u00e1nu.<\/strong><\/p>\n<p>Tamn\u00ed izraelsk\u00fd diskurz ji\u017e hovo\u0159\u00ed o zm\u011bn\u011b re\u017eimu, diskutuje o zavra\u017ed\u011bn\u00ed ajatoll\u00e1ha Al\u00edho Chamene\u00edho a uva\u017euje o \u00fatoc\u00edch na jadern\u00e1 za\u0159\u00edzen\u00ed a \u00fatoc\u00edch na ropn\u00e1 za\u0159\u00edzen\u00ed. Izrael je ve stavu arogance. Od n\u00edzk\u00e9ho a zlomen\u00e9ho ducha 7. \u0159\u00edjna \u2013 je p\u0159irovn\u00e1v\u00e1n k holocaustu \u2013 k v\u00fd\u0161in\u00e1m arogance zm\u011bny re\u017eimu a vys\u00eddlen\u00ed n\u00e1rod\u016f nap\u0159\u00ed\u010d Bl\u00edzk\u00fdm v\u00fdchodem. A to v\u0161e do roka. Skon\u010d\u00ed to slzami a krv\u00ed.<\/p>\n<p>Je to povaha arogance, kter\u00e1 podle definice kon\u010d\u00ed katastrofou. Je povahou takov\u00e9 extr\u00e9mn\u00ed volatility, od fiktivn\u00edho holocaustu po fiktivn\u00ed v\u00edt\u011bzstv\u00ed, \u017ee se nakonec zhrout\u00ed.<\/p>\n<p>Mezit\u00edm miliony lid\u00ed prchaj\u00ed o \u017eivot p\u0159ed izraelskou arm\u00e1dou, vys\u00eddlen\u00fdmi lidmi, uprchl\u00edky, str\u00e1daj\u00edc\u00edmi, beznad\u011bjn\u00fdmi, ran\u011bn\u00fdmi, sirotky a zmrza\u010den\u00fdmi lidmi v nekone\u010dn\u00e9m utrpen\u00ed v Gaze a Libanonu. Brzy tak\u00e9 na Z\u00e1padn\u00edm b\u0159ehu a snad i v \u00cdr\u00e1nu. Nikdy p\u0159edt\u00edm tolik lid\u00ed neut\u00edkalo ze strachu z Izraele, dokonce ani v Nakb\u011b v roce 1948. Nikdy nezapomenou, co jim Izrael ud\u011blal. Nikdy. Pro Izrael a Izraelce to znamen\u00e1 nejen radost, uspokojen\u00ed a n\u00e1rodn\u00ed hrdost, ale tak\u00e9 mocensk\u00fd trip, jak\u00fd nikdy neza\u017eili, rozhodn\u011b ne od roku 1967.<\/p>\n<p>Vojensk\u00e9 \u00fasp\u011bchy, jakkoli jsou p\u016fsobiv\u00e9, p\u0159iv\u00e1d\u011bj\u00ed Izrael k \u0161\u00edlenstv\u00ed. To, jak jsme vyhodili do pov\u011bt\u0159\u00ed pagery a jak jsme zabili jejich v\u016fdce, je vysok\u00e9 pro v\u0161echny. To uk\u00e1\u017ee \u00fatok na \u00cdr\u00e1n. Vojensk\u00e9 \u00fasp\u011bchy ale nejsou to nejd\u016fle\u017eit\u011bj\u0161\u00ed. co bude d\u00e1l?<\/p>\n<p>Izrael c\u00edt\u00ed, \u017ee jeho \u00fatok\u016fm, dob\u00fdv\u00e1n\u00ed, zab\u00edjen\u00ed a ni\u010den\u00ed, kter\u00e9 je schopen rozs\u00e9vat, neexistuj\u00ed \u017e\u00e1dn\u00e1 omezen\u00ed. A nejde to zastavit. Je\u0161t\u011b nikdy nest\u00e1l takhle p\u0159ed pr\u00e1zdnou brankou p\u0159esv\u011bd\u010den\u00fd, \u017ee m\u011bl \u017eivotn\u00ed \u0161anci vyst\u0159elit. Jeden dome\u010dek z karet, kter\u00e9ho jsme se tolik ob\u00e1vali, se n\u00e1m zhroutil p\u0159ed o\u010dima: rakety z Gazy, rakety z Libanonu, \u0159\u00edzen\u00e9 st\u0159ely z Jemenu a balistick\u00e9 st\u0159ely z \u00cdr\u00e1nu u\u017e nikoho neohrom\u00ed.<\/p>\n<p>Bezmoc mezin\u00e1rodn\u00edho spole\u010denstv\u00ed, zejm\u00e9na Spojen\u00fdch st\u00e1t\u016f, p\u0159isp\u00edv\u00e1 k pocitu opojen\u00ed. V\u0161echno je mo\u017en\u00e9. Zd\u00e1 se, \u017ee Izrael m\u016f\u017ee neru\u0161en\u011b pokra\u010dovat v dob\u00fdv\u00e1n\u00ed a trest\u00e1n\u00ed \u010cingisch\u00e1na. Amerika ji pros\u00ed, aby p\u0159estala; jeho po\u017eadavky na Izraelce dojem ned\u011blaj\u00ed. Zcela opr\u00e1vn\u011bn\u011b.<\/p>\n<p>Ale Izrael mo\u017en\u00e1 zjist\u00ed, \u017ee jeho ohromuj\u00edc\u00ed v\u00edt\u011bzstv\u00ed nejsou ni\u010d\u00edm jin\u00fdm ne\u017e katastrof\u00e1ln\u00ed past\u00ed medu, jako je radostn\u00e9 v\u00edt\u011bzstv\u00ed v roce 1967 \u2013 jeho\u017e hnij\u00edc\u00ed plody j\u00edme dodnes. To, co je prezentov\u00e1no jako neomezen\u00e9 vojensk\u00e9 schopnosti, m\u016f\u017ee skon\u010dit Pyrrhov\u00fdm v\u00edt\u011bzstv\u00edm. V p\u00e1smu Gazy Izrael nad\u00e1le zneu\u017e\u00edv\u00e1 miliony ne\u0161\u0165astn\u00fdch lid\u00ed i pot\u00e9, co ozn\u00e1mil, \u017ee Ham\u00e1s byl vojensky pora\u017een. Pro\u010d pokra\u010dovat? Proto\u017ee m\u016f\u017ee. A brzy tak\u00e9 v Libanonu.<\/p>\n<p>O zbyte\u010dn\u00e9m a nebezpe\u010dn\u00e9m potrest\u00e1n\u00ed \u00cdr\u00e1nu se ve\u0159ejn\u011b diskutovalo n\u011bkolik dn\u00ed, jako by neexistovala jin\u00e1 zem\u011b ne\u017e Izrael, \u017e\u00e1dn\u00e9 hranice jeho mo\u017enost\u00ed a nikdo, kdo by mohl zastavit jeho touhu po moci. Bez opravdov\u00e9ho p\u0159\u00edtele, kter\u00fd by to ud\u011blal, se nikdy nezastav\u00ed samo, dokud ho nepostihne katastrofa. A to se u\u017e za\u010d\u00edn\u00e1 projevovat. Vojensk\u00e9 \u00fasp\u011bchy jsou obvykle klamn\u00e9 a pom\u00edjiv\u00e9.<\/p>\n<p>Jejich vl\u00e1dy se nakonec p\u0159idaj\u00ed ke znechucen\u00ed sv\u011btov\u00e9 populace a jednoho (vzd\u00e1len\u00e9ho) dne toho budou m\u00edt dost. Izrael nem\u00e1 jinou mezin\u00e1rodn\u00ed podporu ne\u017e Spojen\u00e9 st\u00e1ty a Evropu. Je pravda, \u017ee je\u0161t\u011b nehnuli prstem, ale jednoho dne by to tamn\u00ed ve\u0159ejn\u00e9 m\u00edn\u011bn\u00ed mohlo zm\u011bnit.<\/p>\n<p>Historie je pln\u00e1 zem\u00ed opil\u00fdch moc\u00ed, kter\u00e9 se neum\u011bly zastavit v \u010dase. Izrael sm\u011b\u0159uje k tomuto c\u00edli. Mezit\u00edm by pomy\u0161len\u00ed na miliony lid\u00ed na Bl\u00edzk\u00e9m v\u00fdchod\u011b, kte\u0159\u00ed prchaj\u00ed ve strachu a hr\u016fze a trp\u00ed nepopsatelnou bolest\u00ed a pon\u00ed\u017een\u00edm pod na\u0161imi botami, m\u011blo ka\u017ed\u00e9ho Izraelce p\u0159im\u011bt, aby se scvrkl hanbou a strachem. M\u00edsto toho napl\u0148uj\u00ed izraelsk\u00e9 srdce p\u00fdchou a povzbuzuj\u00ed je, aby usilovaly o dal\u0161\u00ed tot\u00e9\u017e. A u\u017e to nejde zastavit.<\/p>\n<p><strong><em>Gideon Levy<\/em><\/strong><\/p>\n<\/div>\n<\/div>\n<div class=\"elementor-element elementor-element-8c57238 quelle dc-has-condition dc-condition-empty elementor-widget elementor-widget-heading\" data-id=\"8c57238\" data-element_type=\"widget\" data-widget_type=\"heading.default\">\n<div class=\"elementor-widget-container\">\n<h3 class=\"elementor-heading-title elementor-size-default\"><span style=\"font-size: 10pt;\"><a href=\"https:\/\/archive.is\/wjaDR\" target=\"_blank\" rel=\"nofollow noopener\">Zdroj<\/a><\/span><\/h3>\n<p>&nbsp;<\/p>\n<\/div>\n<\/div>\n","protected":false},"excerpt":{"rendered":"<p>Izraelsk\u00e1 arogance je zp\u011bt, a to ve velk\u00e9m. Kdo by v\u011b\u0159il, \u017ee se vr\u00e1t\u00ed rok&#8230;<\/p>\n","protected":false},"author":2,"featured_media":62889,"comment_status":"closed","ping_status":"closed","sticky":false,"template":"","format":"standard","meta":[],"categories":[7],"tags":[2570,107,1503],"_links":{"self":[{"href":"https:\/\/www.infokuryr.cz\/n\/wp-json\/wp\/v2\/posts\/65071"}],"collection":[{"href":"https:\/\/www.infokuryr.cz\/n\/wp-json\/wp\/v2\/posts"}],"about":[{"href":"https:\/\/www.infokuryr.cz\/n\/wp-json\/wp\/v2\/types\/post"}],"author":[{"embeddable":true,"href":"https:\/\/www.infokuryr.cz\/n\/wp-json\/wp\/v2\/users\/2"}],"replies":[{"embeddable":true,"href":"https:\/\/www.infokuryr.cz\/n\/wp-json\/wp\/v2\/comments?post=65071"}],"version-history":[{"count":0,"href":"https:\/\/www.infokuryr.cz\/n\/wp-json\/wp\/v2\/posts\/65071\/revisions"}],"wp:featuredmedia":[{"embeddable":true,"href":"https:\/\/www.infokuryr.cz\/n\/wp-json\/wp\/v2\/media\/62889"}],"wp:attachment":[{"href":"https:\/\/www.infokuryr.cz\/n\/wp-json\/wp\/v2\/media?parent=65071"}],"wp:term":[{"taxonomy":"category","embeddable":true,"href":"https:\/\/www.infokuryr.cz\/n\/wp-json\/wp\/v2\/categories?post=65071"},{"taxonomy":"post_tag","embeddable":true,"href":"https:\/\/www.infokuryr.cz\/n\/wp-json\/wp\/v2\/tags?post=65071"}],"curies":[{"name":"wp","href":"https:\/\/api.w.org\/{rel}","templated":true}]}}