{"id":65060,"date":"2024-10-29T00:34:38","date_gmt":"2024-10-28T23:34:38","guid":{"rendered":"https:\/\/www.infokuryr.cz\/n\/?p=65060"},"modified":"2024-10-28T16:26:16","modified_gmt":"2024-10-28T15:26:16","slug":"von-der-leyen-chce-ockovat-obyvatelstvo-eu-proti-nespravnemu-mysleni","status":"publish","type":"post","link":"https:\/\/www.infokuryr.cz\/n\/2024\/10\/29\/von-der-leyen-chce-ockovat-obyvatelstvo-eu-proti-nespravnemu-mysleni\/","title":{"rendered":"Von der Leyen chce \u201eo\u010dkovat\u201c obyvatelstvo EU proti \u201enespr\u00e1vn\u00e9mu my\u0161len\u00ed\u201c"},"content":{"rendered":"<div id=\"fb-root\"><\/div>\n<div class=\"elementor-element elementor-element-1fb4c2c elementor-widget elementor-widget-theme-post-content\" data-id=\"1fb4c2c\" data-element_type=\"widget\" data-widget_type=\"theme-post-content.default\">\n<div class=\"elementor-widget-container\">\n<p><span>Na demokratick\u00e9m summitu v Kodani p\u0159edsedkyn\u011b Evropsk\u00e9 komise Ursula von der Leyenov\u00e1 znovu <\/span><a href=\"https:\/\/admin.epp.eu\/files\/uploads\/2024\/05\/Ursula-von-der-Leyen-Democracy-Summit-Copenhagen-Denmark-14-May-2024.pdf\" target=\"_blank\" rel=\"noreferrer noopener\" data-type=\"link\" data-id=\"https:\/\/admin.epp.eu\/files\/uploads\/2024\/05\/Ursula-von-der-Leyen-Democracy-Summit-Copenhagen-Denmark-14-May-2024.pdf\"><span>varovala<\/span><\/a><span>\u00a0p\u0159ed nebezpe\u010d\u00edm \u201edezinformac\u00ed\u201c .<\/span><\/p>\n<p><span>Studie prok\u00e1zaly, \u017ee prebuking je \u00fa\u010dinn\u011bj\u0161\u00ed ne\u017e debunking. Prebunking znamen\u00e1 nau\u010dit se rozpoznat manipulaci na internetu, a t\u00edm se k n\u00ed st\u00e1t m\u00e9n\u011b n\u00e1chyln\u00fdm.<\/span><\/p>\n<p><em><span>Von der Leyenov\u00e1 slibuje o\u010dkovat obyvatelstvo EU proti \u201enespr\u00e1vn\u00e9mu my\u0161len\u00ed\u201c. Podle Ur\u0161uly, kter\u00e1 v sou\u010dasn\u00e9 dob\u011b \u010del\u00ed trestn\u00edmu \u0159\u00edzen\u00ed kv\u016fli podivn\u00fdm smlouv\u00e1m vl\u00e1dy EU s farmaceutick\u00fdmi spole\u010dnostmi, je t\u0159eba ty ve spole\u010dnosti, kte\u0159\u00ed zast\u00e1vaj\u00ed n\u00e1zory odporuj\u00edc\u00ed globalistick\u00e9mu narativu, \u201eo\u010dkovat\u201c proti \u201enespr\u00e1vn\u00e9mu my\u0161len\u00ed\u201c.<\/span><\/em><\/p>\n<div class=\"twitter-tweet twitter-tweet-rendered\"><iframe id=\"twitter-widget-0\" class=\"\" title=\"X p\u0159\u00edsp\u011bvek\" src=\"https:\/\/platform.twitter.com\/embed\/Tweet.html?dnt=false&amp;embedId=twitter-widget-0&amp;features=eyJ0ZndfdGltZWxpbmVfbGlzdCI6eyJidWNrZXQiOltdLCJ2ZXJzaW9uIjpudWxsfSwidGZ3X2ZvbGxvd2VyX2NvdW50X3N1bnNldCI6eyJidWNrZXQiOnRydWUsInZlcnNpb24iOm51bGx9LCJ0ZndfdHdlZXRfZWRpdF9iYWNrZW5kIjp7ImJ1Y2tldCI6Im9uIiwidmVyc2lvbiI6bnVsbH0sInRmd19yZWZzcmNfc2Vzc2lvbiI6eyJidWNrZXQiOiJvbiIsInZlcnNpb24iOm51bGx9LCJ0ZndfZm9zbnJfc29mdF9pbnRlcnZlbnRpb25zX2VuYWJsZWQiOnsiYnVja2V0Ijoib24iLCJ2ZXJzaW9uIjpudWxsfSwidGZ3X21peGVkX21lZGlhXzE1ODk3Ijp7ImJ1Y2tldCI6InRyZWF0bWVudCIsInZlcnNpb24iOm51bGx9LCJ0ZndfZXhwZXJpbWVudHNfY29va2llX2V4cGlyYXRpb24iOnsiYnVja2V0IjoxMjA5NjAwLCJ2ZXJzaW9uIjpudWxsfSwidGZ3X3Nob3dfYmlyZHdhdGNoX3Bpdm90c19lbmFibGVkIjp7ImJ1Y2tldCI6Im9uIiwidmVyc2lvbiI6bnVsbH0sInRmd19kdXBsaWNhdGVfc2NyaWJlc190b19zZXR0aW5ncyI6eyJidWNrZXQiOiJvbiIsInZlcnNpb24iOm51bGx9LCJ0ZndfdXNlX3Byb2ZpbGVfaW1hZ2Vfc2hhcGVfZW5hYmxlZCI6eyJidWNrZXQiOiJvbiIsInZlcnNpb24iOm51bGx9LCJ0ZndfdmlkZW9faGxzX2R5bmFtaWNfbWFuaWZlc3RzXzE1MDgyIjp7ImJ1Y2tldCI6InRydWVfYml0cmF0ZSIsInZlcnNpb24iOm51bGx9LCJ0ZndfbGVnYWN5X3RpbWVsaW5lX3N1bnNldCI6eyJidWNrZXQiOnRydWUsInZlcnNpb24iOm51bGx9LCJ0ZndfdHdlZXRfZWRpdF9mcm9udGVuZCI6eyJidWNrZXQiOiJvbiIsInZlcnNpb24iOm51bGx9fQ%3D%3D&amp;frame=false&amp;hideCard=false&amp;hideThread=false&amp;id=1848695995833684082&amp;lang=de&amp;origin=https%3A%2F%2Funcutnews.ch%2Fvon-der-leyen-will-eu-bevoelkerung-gegen-falsches-denken-impfen%2F&amp;sessionId=d0aa9250daf26130d37c7f51201e1a9b02a8e31c&amp;theme=light&amp;widgetsVersion=2615f7e52b7e0%3A1702314776716&amp;width=550px\" frameborder=\"0\" scrolling=\"no\" allowfullscreen=\"allowfullscreen\" data-tweet-id=\"1848695995833684082\" data-mce-fragment=\"1\"><\/iframe><\/div>\n<p><em><span>&#8222;P\u0159edv\u011bd\u011bn\u00ed je opakem odhalov\u00e1n\u00ed.&#8220; Jin\u00fdmi slovy: prevence je lep\u0161\u00ed ne\u017e l\u00e9\u010dba,\u201c \u0159ekla von der Leyenov\u00e1. Na manipulaci s informacemi je t\u0159eba pohl\u00ed\u017eet jako na virus. Jakmile jsme naka\u017een\u00ed a pot\u0159ebujeme l\u00e9\u010dbu (odhalen\u00ed), je p\u0159\u00edli\u0161 pozd\u011b. Je lep\u0161\u00ed se nechat o\u010dkovat, abyste byli p\u0159ed t\u00edmto chr\u00e1n\u011bni (prebunking).<\/span><\/em><\/p>\n<p><em><span>Jako spole\u010dnost si mus\u00edme vybudovat imunitu v\u016f\u010di manipulaci s informacemi.<\/span><\/em><\/p>\n<p><strong><span>P\u0159edsedkyn\u011b Evropsk\u00e9 komise Ursula von der Leyenov\u00e1 se pr\u00e1v\u011b p\u0159idala k b\u00fdval\u00e9mu sen\u00e1torovi Johnu Kerrymu a dal\u0161\u00edm globalistick\u00fdm stra\u0161\u00e1k\u016fm a vyhl\u00e1sila v\u00e1lku svobod\u011b projevu, p\u0159i\u010dem\u017e zvr\u00e1cen\u011b prohla\u0161uje, \u017ee ob\u010dan\u00e9 EU mus\u00ed b\u00fdt \u201eo\u010dkov\u00e1ni proti dezinformac\u00edm<\/span><\/strong><span>\u00a0\u201c .<\/span><\/p>\n<p><span>Jako ka\u017ed\u00fd cenzor v historii popisuje sv\u016fj cenzurn\u00ed program jako prost\u0159edek k vyh\u00e1n\u011bn\u00ed chybn\u00fdch informac\u00ed a my\u0161lenek z ve\u0159ejn\u00e9ho diskurzu. Pou\u017eit\u00edm slova \u201edezinformace\u201c nazna\u010duje, \u017ee ona a jej\u00ed klika ji\u017e vlastn\u00ed pravdu o v\u0161em a \u017ee ka\u017ed\u00fd, kdo m\u00e1 a sd\u00edl\u00ed heterodoxn\u00ed my\u0161lenky, se nutn\u011b m\u00fdl\u00ed.<\/span><\/p>\n<p><strong>Cel\u00fd v\u00e1\u0161 p\u0159edpoklad je NEPRAVDA z n\u00e1sleduj\u00edc\u00edch d\u016fvod\u016f:<\/strong><\/p>\n<p><em><span>1: Znalosti o sv\u011bt\u011b neust\u00e1le rostou prost\u0159ednictv\u00edm v\u00fdzkumu, diskus\u00ed a v\u00fdm\u011bny. Znalosti jsou dynamick\u00e9, nikdy statick\u00e9. Zem\u011b s p\u0159\u00edsnou cenzurou proto \u010dasto za\u017e\u00edvaj\u00ed intelektu\u00e1ln\u00ed, v\u011bdeckou a um\u011bleckou stagnaci: jejich vl\u00e1dci se sna\u017e\u00ed zmrazit lidskou mysl na \u00farovni minulosti, aby si zajistili vlastn\u00ed pozici.<\/span><\/em><\/p>\n<p><em><span>2: \u017d\u00e1dn\u00fd st\u00e1tn\u00ed, univerzitn\u00ed ani c\u00edrkevn\u00ed org\u00e1n nikdy nem\u011bl \u00faplnou pravdu o n\u011bjak\u00e9 z\u00e1le\u017eitosti. Ofici\u00e1ln\u00ed ortodoxn\u00ed n\u00e1zory byly v\u017edy zpochyb\u0148ov\u00e1ny heterodoxn\u00edmi mysliteli. Vskutku, prakticky ka\u017ed\u00fd velk\u00fd pokrok v lidsk\u00e9m pozn\u00e1n\u00ed byl dosa\u017een heterodoxn\u00edmi mysliteli.<\/span><\/em><\/p>\n<p><em><span>3: Jak poznamenal John Milton ve sv\u00e9 bro\u017eu\u0159e Areopagitica z roku 1644, konfrontace s chybou je nezbytnou sou\u010d\u00e1st\u00ed u\u010den\u00ed a objevov\u00e1n\u00ed. Doslova se u\u010d\u00edme t\u00edm, \u017ee d\u011bl\u00e1me chyby a opravujeme je. Kdy\u017e je svoboda slova potla\u010dena s c\u00edlem zabr\u00e1nit \u2013 nebo \u201eo\u010dkovat proti\u201c \u2013 \u0161\u00ed\u0159en\u00ed fale\u0161n\u00fdch my\u0161lenek, st\u00e1v\u00e1 se pro lidi extr\u00e9mn\u011b obt\u00ed\u017en\u00e9, ne-li nemo\u017en\u00e9, u\u010dit se a objevovat.<\/span><\/em><\/p>\n<p><em><span>4: Bez jedin\u00e9 v\u00fdjimky v historii ti, kdo jsou u moci, v\u017edy reprezentuj\u00ed ortodoxii, kter\u00e1 udr\u017euje a roz\u0161i\u0159uje jejich moc a moc jejich p\u0159\u00e1tel a podporovatel\u016f.<\/span><\/em><\/p>\n<p><strong><span>Ursula von der Leyen je kvintesence tohoto principu.<\/span><\/strong><\/p>\n<p><span>Jako prezidentka EU vedla tajn\u00e1 jedn\u00e1n\u00ed s gener\u00e1ln\u00edm \u0159editelem spole\u010dnosti Pfizer o n\u00e1kupu podvodn\u00e9 a nebezpe\u010dn\u00e9 vakc\u00edny spole\u010dnosti Pfizer v hodnot\u011b 20 miliard eur, aby mohla b\u00fdt pod\u00e1v\u00e1na v\u0161em ob\u010dan\u016fm Evropsk\u00e9 unie.<\/span><\/p>\n<p><strong><span>V sou\u010dasn\u00e9 dob\u011b je vy\u0161et\u0159ov\u00e1na za sv\u00e9 jedn\u00e1n\u00ed v t\u00e9to af\u00e9\u0159e, kter\u00e1 se stala zn\u00e1mou jako Pfizergate.<\/span><\/strong><\/p>\n<p><span>Pou\u010dit ve\u0159ejnost o pot\u0159eb\u011b cenzury vy\u017eaduje zvl\u00e1\u0161tn\u00ed druh chutzpy pro mocn\u00e9ho ve\u0159ejn\u00e9ho \u010dinitele, kter\u00fd je pravd\u011bpodobn\u011b vinen ze z\u00e1va\u017en\u00e9ho zlo\u010dinu &#8211; zlo\u010dinu, kter\u00fd byl systematicky a nemilosrdn\u011b zast\u00edr\u00e1n.<\/span><\/p>\n<p><strong><span>Je \u010das, aby se ob\u010dan\u00e9 Evropy osvobodili od Ursuly von der Leyenov\u00e9 a jej\u00ed kliky zkorumpovan\u00fdch tyran\u016f.<\/span><\/strong><\/p>\n<p><span>St\u00e1le se v\u0161ak objevuj\u00ed n\u00e1znaky, \u017ee Bidenova administrativa vyv\u00edj\u00ed tlak na N\u011bmecko \u2013 kter\u00e9 z\u016fst\u00e1v\u00e1 americk\u00fdm klientsk\u00fdm st\u00e1tem \u2013 a EU, aby zp\u0159\u00edsnily sv\u016fj re\u017eim cenzury. O tomto podivn\u00e9m v\u00fdvoji pod\u00e1m zpr\u00e1vu v pozd\u011bj\u0161\u00edm p\u0159\u00edsp\u011bvku.<\/span><\/p>\n<\/div>\n<\/div>\n<div class=\"elementor-element elementor-element-8c57238 quelle dc-has-condition dc-condition-empty elementor-widget elementor-widget-heading\" data-id=\"8c57238\" data-element_type=\"widget\" data-widget_type=\"heading.default\">\n<div class=\"elementor-widget-container\">\n<h3 class=\"elementor-heading-title elementor-size-default\"><span style=\"font-size: 10pt;\"><a href=\"https:\/\/www.zerohedge.com\/political\/eu-president-likens-free-speech-infectious-disease\" target=\"_blank\" rel=\"nofollow noopener\">Zdroj<\/a><\/span><\/h3>\n<p>&nbsp;<\/p>\n<\/div>\n<\/div>\n","protected":false},"excerpt":{"rendered":"<p>Na demokratick\u00e9m summitu v Kodani p\u0159edsedkyn\u011b Evropsk\u00e9 komise Ursula von der Leyenov\u00e1 znovu varovala\u00a0p\u0159ed nebezpe\u010d\u00edm&#8230;<\/p>\n","protected":false},"author":2,"featured_media":1438,"comment_status":"closed","ping_status":"closed","sticky":false,"template":"","format":"standard","meta":[],"categories":[7],"tags":[28,41,213,3251],"_links":{"self":[{"href":"https:\/\/www.infokuryr.cz\/n\/wp-json\/wp\/v2\/posts\/65060"}],"collection":[{"href":"https:\/\/www.infokuryr.cz\/n\/wp-json\/wp\/v2\/posts"}],"about":[{"href":"https:\/\/www.infokuryr.cz\/n\/wp-json\/wp\/v2\/types\/post"}],"author":[{"embeddable":true,"href":"https:\/\/www.infokuryr.cz\/n\/wp-json\/wp\/v2\/users\/2"}],"replies":[{"embeddable":true,"href":"https:\/\/www.infokuryr.cz\/n\/wp-json\/wp\/v2\/comments?post=65060"}],"version-history":[{"count":0,"href":"https:\/\/www.infokuryr.cz\/n\/wp-json\/wp\/v2\/posts\/65060\/revisions"}],"wp:featuredmedia":[{"embeddable":true,"href":"https:\/\/www.infokuryr.cz\/n\/wp-json\/wp\/v2\/media\/1438"}],"wp:attachment":[{"href":"https:\/\/www.infokuryr.cz\/n\/wp-json\/wp\/v2\/media?parent=65060"}],"wp:term":[{"taxonomy":"category","embeddable":true,"href":"https:\/\/www.infokuryr.cz\/n\/wp-json\/wp\/v2\/categories?post=65060"},{"taxonomy":"post_tag","embeddable":true,"href":"https:\/\/www.infokuryr.cz\/n\/wp-json\/wp\/v2\/tags?post=65060"}],"curies":[{"name":"wp","href":"https:\/\/api.w.org\/{rel}","templated":true}]}}