{"id":65057,"date":"2024-10-29T00:32:49","date_gmt":"2024-10-28T23:32:49","guid":{"rendered":"https:\/\/www.infokuryr.cz\/n\/?p=65057"},"modified":"2024-10-28T17:05:56","modified_gmt":"2024-10-28T16:05:56","slug":"arcibiskup-vigano-varuje-volice-kamala-harris-je-pekelne-monstrum-ktere-posloucha-satana","status":"publish","type":"post","link":"https:\/\/www.infokuryr.cz\/n\/2024\/10\/29\/arcibiskup-vigano-varuje-volice-kamala-harris-je-pekelne-monstrum-ktere-posloucha-satana\/","title":{"rendered":"Arcibiskup Vigan\u00f2 varuje voli\u010de: Kamala Harris je \u201epekeln\u00e9 monstrum, kter\u00e9 poslouch\u00e1 Satana\u201c"},"content":{"rendered":"<div id=\"fb-root\"><\/div>\n<div class=\"elementor-element elementor-element-1fb4c2c elementor-widget elementor-widget-theme-post-content\" data-id=\"1fb4c2c\" data-element_type=\"widget\" data-widget_type=\"theme-post-content.default\">\n<div class=\"elementor-widget-container\">\n<p><strong>B\u00fdval\u00fd vatik\u00e1nsk\u00fd \u0159\u00edmskokatolick\u00fd arcibiskup Carlo Maria Vigan\u00f2 tento t\u00fdden podpo\u0159il Donalda Trumpa jako kandid\u00e1ta na prezidenta a pouk\u00e1zal na to, \u017ee Kamala Harris p\u0159edstavuje \u201eantikatolickou, protik\u0159es\u0165anskou a misantropickou vizi spole\u010dnosti<\/strong>\u00a0\u201c .<\/p>\n<p><img decoding=\"async\" loading=\"lazy\" class=\"wp-image-57466 aligncenter\" src=\"http:\/\/www.infokuryr.cz\/n\/wp-content\/uploads\/2024\/07\/arcibiskup-vigano-300x157.jpg\" alt=\"\" width=\"610\" height=\"319\" srcset=\"https:\/\/www.infokuryr.cz\/n\/wp-content\/uploads\/2024\/07\/arcibiskup-vigano-300x157.jpg 300w, https:\/\/www.infokuryr.cz\/n\/wp-content\/uploads\/2024\/07\/arcibiskup-vigano-768x401.jpg 768w, https:\/\/www.infokuryr.cz\/n\/wp-content\/uploads\/2024\/07\/arcibiskup-vigano.jpg 800w\" sizes=\"(max-width: 610px) 100vw, 610px\" \/><\/p>\n<p>Vigan\u00f2, kter\u00fd v letech 2011 a\u017e 2016 p\u016fsobil jako vatik\u00e1nsk\u00fd velvyslanec ve Spojen\u00fdch st\u00e1tech, v dopise katol\u00edk\u016fm napsal: \u201eM\u00e1me na v\u00fdb\u011br mezi konzervativn\u00edm prezidentem, kter\u00fd zaplat\u00ed \u017eivotem za sv\u016fj boj proti hlubok\u00e9mu st\u00e1tu, a pekeln\u00fdm monstrum, kter\u00e9 poslouch\u00e1 Satana.&#8220;<\/p>\n<div class=\"twitter-tweet twitter-tweet-rendered\"><iframe id=\"twitter-widget-0\" class=\"\" title=\"X p\u0159\u00edsp\u011bvek\" src=\"https:\/\/platform.twitter.com\/embed\/Tweet.html?dnt=false&amp;embedId=twitter-widget-0&amp;features=eyJ0ZndfdGltZWxpbmVfbGlzdCI6eyJidWNrZXQiOltdLCJ2ZXJzaW9uIjpudWxsfSwidGZ3X2ZvbGxvd2VyX2NvdW50X3N1bnNldCI6eyJidWNrZXQiOnRydWUsInZlcnNpb24iOm51bGx9LCJ0ZndfdHdlZXRfZWRpdF9iYWNrZW5kIjp7ImJ1Y2tldCI6Im9uIiwidmVyc2lvbiI6bnVsbH0sInRmd19yZWZzcmNfc2Vzc2lvbiI6eyJidWNrZXQiOiJvbiIsInZlcnNpb24iOm51bGx9LCJ0ZndfZm9zbnJfc29mdF9pbnRlcnZlbnRpb25zX2VuYWJsZWQiOnsiYnVja2V0Ijoib24iLCJ2ZXJzaW9uIjpudWxsfSwidGZ3X21peGVkX21lZGlhXzE1ODk3Ijp7ImJ1Y2tldCI6InRyZWF0bWVudCIsInZlcnNpb24iOm51bGx9LCJ0ZndfZXhwZXJpbWVudHNfY29va2llX2V4cGlyYXRpb24iOnsiYnVja2V0IjoxMjA5NjAwLCJ2ZXJzaW9uIjpudWxsfSwidGZ3X3Nob3dfYmlyZHdhdGNoX3Bpdm90c19lbmFibGVkIjp7ImJ1Y2tldCI6Im9uIiwidmVyc2lvbiI6bnVsbH0sInRmd19kdXBsaWNhdGVfc2NyaWJlc190b19zZXR0aW5ncyI6eyJidWNrZXQiOiJvbiIsInZlcnNpb24iOm51bGx9LCJ0ZndfdXNlX3Byb2ZpbGVfaW1hZ2Vfc2hhcGVfZW5hYmxlZCI6eyJidWNrZXQiOiJvbiIsInZlcnNpb24iOm51bGx9LCJ0ZndfdmlkZW9faGxzX2R5bmFtaWNfbWFuaWZlc3RzXzE1MDgyIjp7ImJ1Y2tldCI6InRydWVfYml0cmF0ZSIsInZlcnNpb24iOm51bGx9LCJ0ZndfbGVnYWN5X3RpbWVsaW5lX3N1bnNldCI6eyJidWNrZXQiOnRydWUsInZlcnNpb24iOm51bGx9LCJ0ZndfdHdlZXRfZWRpdF9mcm9udGVuZCI6eyJidWNrZXQiOiJvbiIsInZlcnNpb24iOm51bGx9fQ%3D%3D&amp;frame=false&amp;hideCard=false&amp;hideThread=false&amp;id=1848670426924302813&amp;lang=de&amp;origin=https%3A%2F%2Funcutnews.ch%2Ferzbischof-vigano-warnt-waehler-kamala-harris-ist-ein-hoellisches-monster-das-dem-satan-gehorcht%2F&amp;sessionId=6bfadd4386b67fd2987bb4216466ce78264432b8&amp;theme=light&amp;widgetsVersion=2615f7e52b7e0%3A1702314776716&amp;width=550px\" frameborder=\"0\" scrolling=\"no\" allowfullscreen=\"allowfullscreen\" data-tweet-id=\"1848670426924302813\" data-mce-fragment=\"1\"><\/iframe><\/div>\n<p>&#8222;Pro katol\u00edka nem\u016f\u017ee b\u00fdt pochyb: volit Kamalu Harrisovou je mor\u00e1ln\u011b nep\u0159\u00edpustn\u00e9 a p\u0159edstavuje velmi t\u011b\u017ek\u00fd h\u0159\u00edch, je tak\u00e9 mor\u00e1ln\u011b nemo\u017en\u00e9 zdr\u017eet se hlasov\u00e1n\u00ed, proto\u017ee prohl\u00e1sit se za neutr\u00e1ln\u00edho v t\u00e9to v\u00e1lce znamen\u00e1 spojit se s nep\u0159\u00edtelem.&#8220; vysv\u011btluje d\u00e1le.<\/p>\n<p>Hlasovat pro Trumpa \u201eznamen\u00e1 rezolutn\u011b se distancovat od antikatolick\u00e9, protik\u0159es\u0165ansk\u00e9 a protilidsk\u00e9 vize spole\u010dnosti,\u201c pokra\u010duje Vigan\u00f2 a dod\u00e1v\u00e1: \u201eZnamen\u00e1 to zastavit ty, kte\u0159\u00ed cht\u011bj\u00ed vytvo\u0159it pekelnou dystopii je\u0161t\u011b hor\u0161\u00ed ne\u017e tu, kterou ozn\u00e1mil George Orwell.&#8220;<\/p>\n<p>Vigan\u00f2 nal\u00e9h\u00e1, \u200b\u200b\u017ee Trump \u201eje jedinou mo\u017enou volbou, jak \u010delit globalistick\u00e9mu p\u0159evratu, kter\u00fd se probuzen\u00e1 levice chyst\u00e1 definitivn\u011b, nezvratn\u011b a s nevy\u010d\u00edsliteln\u00fdmi \u0161kodami pro budouc\u00ed generace prov\u00e9st\u201c.<\/p>\n<p>B\u00fdval\u00fd arcibiskup tak\u00e9 Harrise popsal jako \u201eloutku\u201c George Sorose, kterou p\u0159\u00edmo ovl\u00e1daj\u00ed Barack Obama a Hillary Clintonov\u00e1.<\/p>\n<p>Vigan\u00f2 byl v \u010dervenci exkomunikov\u00e1n z katolick\u00e9 c\u00edrkve pot\u00e9, co opakovan\u011b vystupoval proti sou\u010dasn\u00e9mu pape\u017ei a modern\u00edm zm\u011bn\u00e1m v \u0159\u00edmskokatolick\u00e9 c\u00edrkvi.<\/p>\n<p>Velmi jasn\u011b se vyslovil proti vakc\u00edn\u00e1m COVID, obvinil zdravotnick\u00e9 \u00fa\u0159ady z prov\u00e1d\u011bn\u00ed \u201eexperiment\u016f na cel\u00e9 sv\u011btov\u00e9 populaci\u201c a obvinil katolickou c\u00edrkev ze spoluviny.<\/p>\n<\/div>\n<\/div>\n<div class=\"elementor-element elementor-element-8c57238 quelle dc-has-condition dc-condition-empty elementor-widget elementor-widget-heading\" data-id=\"8c57238\" data-element_type=\"widget\" data-widget_type=\"heading.default\">\n<div class=\"elementor-widget-container\">\n<h3 class=\"elementor-heading-title elementor-size-default\"><span style=\"font-size: 10pt;\"><a href=\"https:\/\/www.zerohedge.com\/political\/former-vatican-ambassador-calls-kamala-infernal-monster-who-obeys-satan\" target=\"_blank\" rel=\"nofollow noopener\">Zdroj<\/a><\/span><\/h3>\n<\/div>\n<\/div>\n","protected":false},"excerpt":{"rendered":"<p>B\u00fdval\u00fd vatik\u00e1nsk\u00fd \u0159\u00edmskokatolick\u00fd arcibiskup Carlo Maria Vigan\u00f2 tento t\u00fdden podpo\u0159il Donalda Trumpa jako kandid\u00e1ta na&#8230;<\/p>\n","protected":false},"author":2,"featured_media":65058,"comment_status":"closed","ping_status":"closed","sticky":false,"template":"","format":"standard","meta":[],"categories":[7],"tags":[4122,37,1402,27],"_links":{"self":[{"href":"https:\/\/www.infokuryr.cz\/n\/wp-json\/wp\/v2\/posts\/65057"}],"collection":[{"href":"https:\/\/www.infokuryr.cz\/n\/wp-json\/wp\/v2\/posts"}],"about":[{"href":"https:\/\/www.infokuryr.cz\/n\/wp-json\/wp\/v2\/types\/post"}],"author":[{"embeddable":true,"href":"https:\/\/www.infokuryr.cz\/n\/wp-json\/wp\/v2\/users\/2"}],"replies":[{"embeddable":true,"href":"https:\/\/www.infokuryr.cz\/n\/wp-json\/wp\/v2\/comments?post=65057"}],"version-history":[{"count":1,"href":"https:\/\/www.infokuryr.cz\/n\/wp-json\/wp\/v2\/posts\/65057\/revisions"}],"predecessor-version":[{"id":65059,"href":"https:\/\/www.infokuryr.cz\/n\/wp-json\/wp\/v2\/posts\/65057\/revisions\/65059"}],"wp:featuredmedia":[{"embeddable":true,"href":"https:\/\/www.infokuryr.cz\/n\/wp-json\/wp\/v2\/media\/65058"}],"wp:attachment":[{"href":"https:\/\/www.infokuryr.cz\/n\/wp-json\/wp\/v2\/media?parent=65057"}],"wp:term":[{"taxonomy":"category","embeddable":true,"href":"https:\/\/www.infokuryr.cz\/n\/wp-json\/wp\/v2\/categories?post=65057"},{"taxonomy":"post_tag","embeddable":true,"href":"https:\/\/www.infokuryr.cz\/n\/wp-json\/wp\/v2\/tags?post=65057"}],"curies":[{"name":"wp","href":"https:\/\/api.w.org\/{rel}","templated":true}]}}