{"id":65054,"date":"2024-10-28T08:52:40","date_gmt":"2024-10-28T07:52:40","guid":{"rendered":"https:\/\/www.infokuryr.cz\/n\/?p=65054"},"modified":"2024-10-28T08:52:40","modified_gmt":"2024-10-28T07:52:40","slug":"michael-svatos-elitni-ukrajinska-brigada-zvlastniho-urceni-kara-dag-vcera-zbabele-prchla-pred","status":"publish","type":"post","link":"https:\/\/www.infokuryr.cz\/n\/2024\/10\/28\/michael-svatos-elitni-ukrajinska-brigada-zvlastniho-urceni-kara-dag-vcera-zbabele-prchla-pred\/","title":{"rendered":"Michael Svato\u0161: Elitn\u00ed ukrajinsk\u00e1 brig\u00e1da zvl\u00e1\u0161tn\u00edho ur\u010den\u00ed \u201cKara-Dag\u201d v\u010dera zbab\u011ble prchla p\u0159ed&#8230;"},"content":{"rendered":"<div id=\"fb-root\"><\/div>\n<p><span style=\"font-size: 18pt;\"><strong>Elitn\u00ed ukrajinsk\u00e1 brig\u00e1da zvl\u00e1\u0161tn\u00edho ur\u010den\u00ed \u201cKara-Dag\u201d v\u010dera zbab\u011ble prchla p\u0159ed 71. praporem rusk\u00fdch SPECNAZ. M\u011bsto Selidovo padlo. Ukrajinsk\u00e1 mor\u00e1lka se hrout\u00ed.<\/strong><\/span><\/p>\n<p>V\u010dera 27. \u0159\u00edjna vojska gener\u00e1la Mordvi\u010deva u\u017e skoro bez boje obsadila 20 tis\u00edcov\u00e9 ukrajinsk\u00e9 m\u011bsto Selidovo,\u00a0<a href=\"https:\/\/www.michalapetr.com\/map-2120-general-mordvicev-vcera-po-30-dnech-boju-obklicil-silne-uskupeni-ukrajincu-ve-meste-selidove-analyza-operacni-situace-na-useku-ruske-armadni-skupiny-stred-kyjev-podle-vseho-naridil-v-da\/\">kter\u00e9 22. \u0159\u00edjna obkl\u00ed\u010dila<\/a>.\u00a0Mordvi\u010dev, zn\u00e1m\u00fd t\u00edm, \u017ee \u0161et\u0159\u00ed krev sv\u00fdch elitn\u00edch voj\u00e1k\u016f, op\u011bt nechal Ukrajinc\u016fm otev\u0159enou \u00fazkou cestu vedouc\u00ed z m\u011bsta p\u0159es ba\u017einy na z\u00e1pad, aby mohli bez t\u011b\u017ek\u00fdch zbran\u00ed uprchnout. Nechat Ukrajince ut\u00edkat je nejnov\u011bj\u0161\u00ed \u00fasp\u011b\u0161n\u00e1 rusk\u00e1 taktika. Pokud do v\u010derej\u0161ka takto prchaly hlavn\u011b slab\u011b vyzbrojen\u00e9 jednotky ukrajinsk\u00e9 domobrany slo\u017een\u00e9 z n\u00e1sil\u00edm odveden\u00fdch voj\u00e1k\u016f, v\u010dera z boje prchla elitn\u00ed\u00a0<a href=\"https:\/\/uk.wikipedia.org\/wiki\/15-%D1%82%D0%B0_%D0%B1%D1%80%D0%B8%D0%B3%D0%B0%D0%B4%D0%B0_%D0%BE%D0%BF%D0%B5%D1%80%D0%B0%D1%82%D0%B8%D0%B2%D0%BD%D0%BE%D0%B3%D0%BE_%D0%BF%D1%80%D0%B8%D0%B7%D0%BD%D0%B0%D1%87%D0%B5%D0%BD%D0%BD%D1%8F_%D0%9D%D0%93_(%D0%A3%D0%BA%D1%80%D0%B0%D1%97%D0%BD%D0%B0)\">15. brig\u00e1da zvl\u00e1\u0161tn\u00edho ur\u010den\u00ed \u201cKara-Dag\u201d<\/a>. Tato brig\u00e1da byla vytvo\u0159ena na Zelensk\u00e9ho rozkaz z profesion\u00e1ln\u00edch pohrani\u010dn\u00edk\u016f, policist\u016f a p\u0159\u00edslu\u0161n\u00edk\u016f speci\u00e1ln\u00edch jednotek ministerstva vnitra, a v letech 2022 a 2023 se \u00fa\u010dastnila ukrajinsk\u00fdch ofenz\u00edv, a byla hodnocena jako velmi \u201ctvrd\u00e1\u201d a profesion\u00e1ln\u011b zdatn\u00e1 ukrajinsk\u00e1 jednotka. N\u011bkolik jej\u00edch p\u0159\u00edslu\u0161n\u00edk\u016f bylo v minulosti dokonce dekorov\u00e1no vysok\u00fdm titulem \u201cHrdina Ukrajiny\u201d. V\u010dera v\u0161ak zbab\u011ble utekli, a n\u00e1s bude v dne\u0161n\u00ed anal\u00fdze zaj\u00edmat, pro\u010d utekli, a jak\u00e9 z toho lze vyvodit pro budoucnost d\u016fsledky.<\/p>\n<div id=\"attachment_13907\" class=\"wp-caption aligncenter\" style=\"width: 941px;\"><img decoding=\"async\" loading=\"lazy\" class=\" wp-image-13907\" src=\"https:\/\/www.michalapetr.com\/wp-content\/uploads\/2024\/10\/photo_2024-10-27_23-11-23.jpg\" sizes=\"(max-width: 2560px) 100vw, 2560px\" srcset=\"https:\/\/www.michalapetr.com\/wp-content\/uploads\/2024\/10\/photo_2024-10-27_23-11-23.jpg 2560w, https:\/\/www.michalapetr.com\/wp-content\/uploads\/2024\/10\/photo_2024-10-27_23-11-23-300x213.jpg 300w, https:\/\/www.michalapetr.com\/wp-content\/uploads\/2024\/10\/photo_2024-10-27_23-11-23-1030x732.jpg 1030w, https:\/\/www.michalapetr.com\/wp-content\/uploads\/2024\/10\/photo_2024-10-27_23-11-23-768x546.jpg 768w, https:\/\/www.michalapetr.com\/wp-content\/uploads\/2024\/10\/photo_2024-10-27_23-11-23-1536x1091.jpg 1536w, https:\/\/www.michalapetr.com\/wp-content\/uploads\/2024\/10\/photo_2024-10-27_23-11-23-2048x1455.jpg 2048w, https:\/\/www.michalapetr.com\/wp-content\/uploads\/2024\/10\/photo_2024-10-27_23-11-23-1500x1066.jpg 1500w, https:\/\/www.michalapetr.com\/wp-content\/uploads\/2024\/10\/photo_2024-10-27_23-11-23-260x185.jpg 260w, https:\/\/www.michalapetr.com\/wp-content\/uploads\/2024\/10\/photo_2024-10-27_23-11-23-705x501.jpg 705w, https:\/\/www.michalapetr.com\/wp-content\/uploads\/2024\/10\/photo_2024-10-27_23-11-23-450x320.jpg 450w\" alt=\"\" width=\"941\" height=\"669\" aria-describedby=\"caption-attachment-13907\" \/><\/p>\n<p id=\"caption-attachment-13907\" class=\"wp-caption-text\">V\u010derej\u0161\u00ed mapa zachycuj\u00edc\u00ed dobyt\u00ed Selidova. Mapa nepot\u0159ebuje koment\u00e1\u0159.<\/p>\n<\/div>\n<p>V \u010desk\u00e9m mainstreamu \u0159ada \u201czasv\u011bcen\u00fdch fialov\u00fdch analytik\u016f a koment\u00e1tor\u016f\u201d r\u00e1da opakuje ust\u00e1len\u00e9 kli\u0161\u00e9, \u017ee Syrsk\u00e9ho letn\u00ed invaze do kursk\u00e9 gubernie, donutila rusk\u00e9 velen\u00ed p\u0159esunout zna\u010dn\u00e9 s\u00edly z don\u011bck\u00e9ho v\u00e1l\u010di\u0161t\u011b ke Kursku, a t\u00edm invaze splnila sv\u016fj \u00fa\u010del. P\u0159itom skute\u010dnost je opa\u010dn\u00e1 \u2013 letn\u00ed postup skupiny St\u0159ed gener\u00e1la Mordvi\u010deva z Avdijivky na Pokrovsk donutil ukrajinsk\u00e9 velen\u00ed oslabit sv\u00e9 z\u00e1lohy na z\u00e1padn\u00edm b\u0159ehu Dn\u011bpru i sv\u00e9 jednotky v z\u00e1poro\u017esk\u00e9m sm\u011bru a p\u0159esunout je k Pokrovsku. Jednou z takto p\u0159esunut\u00fdch brig\u00e1d, byla i elitn\u00ed \u201c15 Kara-Dag\u201d. Ta je\u0161t\u011b za\u010d\u00e1tkem leto\u0161n\u00edho l\u00e9ta dr\u017eela lo\u0148skou letn\u00ed ofenz\u00edvou gener\u00e1la Zalu\u017en\u00e9ho dobyt\u00e9 mal\u00e9 \u00fazem\u00ed\u00a0<a href=\"https:\/\/www.google.cz\/maps\/place\/Orechov,+Z%C3%A1poro%C5%BEsk%C3%A1,+Ukrajina,+70500\/@47.5657901,35.6977998,13z\/data=!3m1!4b1!4m15!1m8!3m7!1s0x40e0ac0fc99f9375:0x40c176da291b20ca!2zVnVobGVkYXIsIERvbsSbY2vDoSwgVWtyYWppbmEsIDg1Njcw!3b1!8m2!3d47.779793!4d37.2490235!16zL20vMGd0cTVt!3m5!1s0x40dda640c18cd1b3:0x89481c585e509499!8m2!3d47.5658802!4d35.7876745!16zL20vMGd0MjRm?entry=ttu&amp;g_ep=EgoyMDI0MTAyMy4wIKXMDSoASAFQAw%3D%3D\">u m\u011bsta Orechiv<\/a>\u00a0a sv\u00e1d\u011bla tam urputn\u00e9 boje s rusk\u00fdmi v\u00fdsadk\u00e1\u0159i. P\u0159i t\u011bchto boj\u00edch\u00a0<a href=\"https:\/\/petition.president.gov.ua\/petition\/222296\">padla \u0159ada ve\u0159ejn\u011b zn\u00e1m\u00fdch ukrajinsk\u00fdch hrdin\u016f<\/a>, p\u0159\u00edslu\u0161n\u00edk\u016f brig\u00e1dy Kara-Dag, ale brig\u00e1da neustoupila.<\/p>\n<p>Letos 30. srpna v\u0161ak byla 15. brig\u00e1da \u201cKara-Dag\u201d rychle od m\u011bsta Orechiv\u00a0<a href=\"https:\/\/uk.wikipedia.org\/wiki\/15-%D1%82%D0%B0_%D0%B1%D1%80%D0%B8%D0%B3%D0%B0%D0%B4%D0%B0_%D0%BE%D0%BF%D0%B5%D1%80%D0%B0%D1%82%D0%B8%D0%B2%D0%BD%D0%BE%D0%B3%D0%BE_%D0%BF%D1%80%D0%B8%D0%B7%D0%BD%D0%B0%D1%87%D0%B5%D0%BD%D0%BD%D1%8F_%D0%9D%D0%93_(%D0%A3%D0%BA%D1%80%D0%B0%D1%97%D0%BD%D0%B0)\">sta\u017eena a p\u0159em\u00edst\u011bna<\/a>\u00a0130 km severov\u00fdchodn\u011b do m\u011bsta\u00a0<a href=\"https:\/\/www.google.cz\/maps\/place\/Selydove,+Don%C4%9Bck%C3%A1,+Ukrajina,+85400\/@48.1479807,37.2207599,13z\/data=!3m1!4b1!4m15!1m8!3m7!1s0x40e0ac0fc99f9375:0x40c176da291b20ca!2zVnVobGVkYXIsIERvbsSbY2vDoSwgVWtyYWppbmEsIDg1Njcw!3b1!8m2!3d47.779793!4d37.2490235!16zL20vMGd0cTVt!3m5!1s0x40de24a41257df91:0x8c47a64c172c507b!8m2!3d48.1475145!4d37.297136!16zL20vMGR0NzFk?entry=ttu&amp;g_ep=EgoyMDI0MTAyMy4wIKXMDSoASAFQAw%3D%3D\">Selidove<\/a>,\u00a0aby p\u0159evzala jeho obranu. Kr\u00e1tce p\u0159edt\u00edm, 27. srpna, toti\u017e\u00a0<a href=\"https:\/\/www.michalapetr.com\/map-2078-souboj-generala-petra-pavla-s-generalem-cong-unem-a-jeho-sokujici-vysledky-ukrajinske-ztraty-v-poslednich-dnech-dramaticky-rostou-a-moralka-prudce-pada-general-mordvicev-dobyl-za-pouhe-4-dn\/\">gener\u00e1l Mordvi\u010dev za pouh\u00e9 4 dny boj\u016f<\/a>, a beze ztr\u00e1ty jedin\u00e9ho bojov\u00e9ho vozidla, obsadil 15 tis\u00edcov\u00e9 m\u011bsto\u00a0<a href=\"https:\/\/ru.wikipedia.org\/wiki\/%D0%9D%D0%BE%D0%B2%D0%BE%D0%B3%D1%80%D0%BE%D0%B4%D0%BE%D0%B2%D0%BA%D0%B0\">\u041d\u043e\u0432\u043e\u0433\u0440\u043e\u0434\u043e\u0432\u043aa<\/a>, a za\u010dal postupovat k p\u00e1r kilometr\u016f vzd\u00e1len\u00e9mu 24 tis\u00edcov\u00e9mu m\u011bstu Selidove. Elitn\u00ed 15. brig\u00e1da \u201cKara-Dag\u201d dostala za \u00fakol zajistit kruhovou obranu Sedlidova, a nepustit do n\u011bj Rusy za \u017e\u00e1dnou cenu.<\/p>\n<p>Mordvi\u010dev p\u0159i dva m\u011bs\u00edce trvaj\u00edc\u00edch boj\u00edch o Selidove, (z\u00e1\u0159\u00ed-\u0159\u00edjen), pou\u017eil stejnou taktiku, jako p\u0159i dob\u00fdv\u00e1n\u00ed Avdijivky na za\u010d\u00e1tku leto\u0161n\u00edho roku. Nejprve sm\u011bl\u00fdm v\u00fdpadem obsadil okoln\u00ed krajin\u011b dominuj\u00edc\u00ed haldu hlu\u0161iny na severov\u00fdchodn\u00edm okraji m\u011bsta, a potom za\u010dal m\u011bsto metodicky obkli\u010dovat z jihu, a ze severu. Jakmile Ukrajinc\u016fm zbyla do m\u011bsta jedin\u00e1 z\u00e1sobovac\u00ed cesta, nechal j\u00ed Mordvi\u010dev hl\u00eddat drony, aby do m\u011bsta, ani z n\u011bj, neproniklo jedin\u00e9 ukrajinsk\u00e9 auto, a nechal m\u011bsto bombardovat sv\u00fdm d\u011blost\u0159electvem. Po tomto m\u011bs\u00ed\u010dn\u00edm obl\u00e9h\u00e1n\u00ed a bombardov\u00e1n\u00ed vnikla rusk\u00e1 p\u011bchota do m\u011bsta, a za\u010dala je velmi rychle \u010distit od vy\u010derpan\u00fdch Ukrajinc\u016f, p\u0159\u00edslu\u0161n\u00edk\u016f 15. brig\u00e1dy Kara-Dag. Rusov\u00e9 jsou d\u00edky naprost\u00e9 p\u0159evaze sv\u00fdch dron\u016f a d\u011blost\u0159electva schopni p\u0159i t\u011bchto m\u011bstsk\u00fdch boj\u00edch podle p\u0159izn\u00e1n\u00ed samotn\u00fdch ukrajinsk\u00fdch poln\u00edch velitel\u016f dos\u00e1hnout senza\u010dn\u00edho pom\u011bru ztr\u00e1t 1 ku 1, a Ukrajinci se u\u017e zdr\u00e1haj\u00ed s nimi ve m\u011bstech bojovat. Jakmile Rusov\u00e9 p\u0159ed t\u0159emi dny ovl\u00e1dli prvn\u00ed v\u00fd\u0161kov\u00e9 budovy ve m\u011bst\u011b, demoralizovan\u00e9 zbytky 15. brig\u00e1dy za\u010daly prchat pro n\u011b p\u0159ipravenou alej\u00ed smrti. Selidovo padlo rychle a bez velk\u00fdch rusk\u00fdch ob\u011bt\u00ed. Ukrajinc\u016f v n\u011bm nakonec z\u0159ejm\u011b padlo mnohem v\u00edc ne\u017e Rus\u016f.<\/p>\n<p>Pro\u010d byl p\u0159i dob\u00fdv\u00e1n\u00ed Selidova gener\u00e1l Mordvi\u010dev 8kr\u00e1t rychlej\u0161\u00ed ne\u017e p\u0159i dob\u00fdv\u00e1n\u00ed Avdijivky je velmi zaj\u00edmav\u00e9, a hovo\u0159\u00ed to o zna\u010dn\u00e9 degradaci bojov\u00fdch mo\u017enost\u00ed ukrajinsk\u00e9 arm\u00e1dy za leto\u0161n\u00ed rok. P\u0159i obkli\u010dov\u00e1n\u00ed Avdijivky \u010delil Mordvi\u010dev dv\u011bma probl\u00e9m\u016fm, kter\u00e9 u Selidova chyb\u011bly. Aby obkl\u00ed\u010dil Avdijivku z jihu, musel se tvrd\u011b, a se zna\u010dn\u00fdmi ztr\u00e1tami probojov\u00e1vat p\u0159es p\u00e1sma betonov\u00fdch pevnost\u00ed, kter\u00e9 zde Ukrajinci od roku 2014 vybudovali. Aby obkl\u00ed\u010dil Avdijivku ze severu musel se probojovat p\u0159es obranu elitn\u00ed 47. mechanizovan\u00e9 brig\u00e1dy Ukrajiny, kter\u00e1 byla kompletn\u011b vyzbrojena vozidly Bradley, tanky Abrams, samohybn\u00fdmi d\u011bly a raketomety HIMARS. Tyto boje mezi ruskou 90. tankovou diviz\u00ed a ukrajinskou 47. mechanizovanou brig\u00e1dou byly pro ob\u011b strany zna\u010dn\u011b vy\u010derp\u00e1vaj\u00edc\u00ed, a rusk\u00e1 i ukrajinsk\u00e1 p\u011bchota p\u0159i nich n\u00e1jezdy obrn\u011bnc\u016f utrp\u011bla zna\u010dn\u00e9 ztr\u00e1ty.\u00a0(<a href=\"https:\/\/www.michalapetr.com\/map-1975-ofenziva-general-mordvicev-nasazuje-do-utoku-sve-operacni-zalohy-ukrajinci-prchaji-z-bojiste\/\">Podrobn\u00fd popis boj\u016f o Avdijivku v MAP 1975.<\/a>)<\/p>\n<p>Sedlidovo, ve kter\u00e9m se br\u00e1nila 15. brig\u00e1da \u201cKara-Dag\u201d, nekryly proti obkl\u00ed\u010den\u00ed ani betonov\u00e9 pevnosti, ani modern\u011b vyzbrojen\u00e9 elitn\u00ed mechanizovan\u00e9 brig\u00e1dy, ale jen pod\u0159adn\u00e9 brig\u00e1dy ukrajinsk\u00e9 teritori\u00e1ln\u00ed obrany, kter\u00e9 se nemohou m\u011b\u0159it ani s tou nejslab\u0161\u00ed ruskou jednotkou nepravideln\u00e9 domobrany. Proti 15. brig\u00e1d\u011b \u201cKara-Dag\u201d br\u00e1n\u00edc\u00ed se ve m\u011bst\u011b\u00a0<a href=\"https:\/\/www.pucara.org\/post\/guerra-de-ucrania-d%C3%ADa-977\">gener\u00e1l Mordvi\u010dev vyslal profesion\u00e1ly elitn\u00edho 71. Specnaz, a m\u011bsto samotn\u00e9 nechal obkli\u010dovat 110. a 114. motost\u0159eleck\u00fdmi brig\u00e1dami<\/a>. Zat\u00edmco na rusk\u00e9 stran\u011b bojovaly o Selidovo prakticky toto\u017en\u00e9 speci\u00e1ln\u00ed a mechanizovan\u00e9 jednotky jako u Avdijivky, na ukrajinsk\u00e9 bojovaly s v\u00fdjimkou Kara-Dag pouze brig\u00e1dy, kter\u00e9 je mo\u017en\u00e9 bez p\u0159eh\u00e1n\u011bn\u00ed ozna\u010dit za \u201cprachb\u00eddn\u011b ozbrojen\u00e9 tlupy n\u00e1siln\u011b do arm\u00e1dy odvle\u010den\u00fdch civilist\u016f s mizernou mor\u00e1lkou a nulov\u00fdm v\u00fdcvikem\u201d.<\/p>\n<p>Signifikantn\u011b je nyn\u011bj\u0161\u00ed \u00fapadek ukrajinsk\u00e9 arm\u00e1dy vid\u011bt p\u0159i boj\u00edch o m\u011bsto Hirnyk, (9 km jihov\u00fdchodn\u011b od Selidovo). M\u011bsto bylo v\u010dera obsazeno Rusy. M\u011bsto br\u00e1nil od \u010dervna n\u011bkolik t\u00fddn\u016f 210. ukrajinsk\u00fd prapor, a ten v n\u011bm byl nakonec obkl\u00ed\u010den, a musel se z n\u011bj v\u010dera prob\u00edt za cenu 81 ztracen\u00fdch voj\u00e1k\u016f. M\u011bsto Hirnyk, nejprve p\u0159ed obkl\u00ed\u010den\u00edm kryla 59. mechanizovan\u00e1 brig\u00e1da,\u00a0<a href=\"https:\/\/suspilne.media\/donbas\/790595-genstab-zasovuvatime-pricini-vtrat-59-brigadi-na-pokrovskomu-napramku\/\">ale ta byla po st\u00ed\u017enostech veter\u00e1n\u016f Azov prezidentovi Zelensk\u00e9mu<\/a>,\u00a0pro velk\u00e9 ztr\u00e1ty a vy\u010derp\u00e1n\u00ed, z boje o m\u011bsto koncem srpna\u00a0 sta\u017eena. Na jej\u00ed bojov\u00e9 pozice byla ze z\u00e1loh na z\u00e1padn\u00edm b\u0159ehu p\u0159em\u00edst\u011bna 110. mechanizovan\u00e1 brig\u00e1da, ale ta, a\u010dkoli byla dopln\u011bn\u00e1 na pln\u00e9 po\u010dty a odpo\u010dinut\u00e1 po dvou m\u011bs\u00edc\u00edch str\u00e1ven\u00fdch v z\u00e1loze, nedok\u00e1zala pozice okolo m\u011bsta Hirnyk udr\u017eet, rychle ustoupila, a nechala Rusy, aby 210. prapor obkl\u00ed\u010dili.\u00a0<a href=\"https:\/\/www.pucara.org\/post\/guerra-de-ucrania-d%C3%ADa-977\">110. brig\u00e1da, kter\u00e1 za p\u00e1r dn\u00ed na front\u011b u Hirnyku minul\u00fd t\u00fdden zbab\u011ble prchla<\/a>,\u00a0je p\u0159itom ta sam\u00e1 110. brig\u00e1da,\u00a0k<a href=\"https:\/\/www.radiosvoboda.org\/a\/news-bryhada-110-rotatsiya\/32837733.html\">ter\u00e1 na p\u0159elomu roku do posledn\u00edho dechu br\u00e1nila Avdijivku<\/a>.\u00a0Ukazuje se tak, \u017ee sta\u0159\u00ed ukrajin\u0161t\u00ed voj\u00e1ci m\u011bli vy\u0161\u0161\u00ed mor\u00e1lku, ne\u017e nov\u00ed, n\u00e1sil\u00edm odveden\u00ed. Kdysi tvrd\u00e9 a elitn\u00ed ukrajinsk\u00e9 brig\u00e1dy, se v posledn\u00edch m\u011bs\u00edc\u00edch po odpo\u010dinku v t\u00fdlu a dopln\u011bn\u00ed o \u010derstv\u011b pochytanou krev st\u00e1vaj\u00ed je\u0161t\u011b zbab\u011blej\u0161\u00edmi, ne\u017e brig\u00e1dy slab\u011b vyzbrojen\u00e9 ukrajinsk\u00e9 teritori\u00e1ln\u00ed obrany.<\/p>\n<p>Je pond\u011bl\u00ed 28. \u0159\u00edjna 05.32 r\u00e1no. P\u0159eji v\u0161em kr\u00e1sn\u00fd sv\u00e1te\u010dn\u00ed den. D\u011bkuji za maily. Posledn\u00ed anal\u00fdzy byly n\u00e1ro\u010dn\u00e9 na hled\u00e1n\u00ed detailn\u00edch informac\u00ed a na uv\u00e1d\u011bn\u00ed jejich zdroj\u016f. Na maily proto budu odpov\u00eddat a\u017e po v\u00edkendu. Jsem u\u017e kone\u010dn\u011b zdr\u00e1v, tak\u017ee z\u00edtra dal\u0161\u00ed anal\u00fdza. d\u011bkuji v\u0161em, za \u00fa\u017easnou podporu. M\u011bjte se kr\u00e1sn\u011b.<\/p>\n<p><a href=\"https:\/\/www.michalapetr.com\/map-2016-elitni-ukrajinska-brigada-zvlastniho-urceni-kara-dag-vcera-zbabele-prchla-pred-71-praporem-ruskych-specnaz-mesto-selidovo-padlo-ukrajinska-moralka-se-hrouti\/\">Michael Svato\u0161<\/a><\/p>\n<p><img decoding=\"async\" loading=\"lazy\" class=\"alignnone size-full wp-image-27204\" src=\"http:\/\/www.infokuryr.cz\/n\/wp-content\/uploads\/2023\/05\/Michael_Svatos.png\" alt=\"\" width=\"180\" height=\"180\" srcset=\"https:\/\/www.infokuryr.cz\/n\/wp-content\/uploads\/2023\/05\/Michael_Svatos.png 180w, https:\/\/www.infokuryr.cz\/n\/wp-content\/uploads\/2023\/05\/Michael_Svatos-150x150.png 150w\" sizes=\"(max-width: 180px) 100vw, 180px\" \/><\/p>\n<p>&nbsp;<\/p>\n","protected":false},"excerpt":{"rendered":"<p>Elitn\u00ed ukrajinsk\u00e1 brig\u00e1da zvl\u00e1\u0161tn\u00edho ur\u010den\u00ed \u201cKara-Dag\u201d v\u010dera zbab\u011ble prchla p\u0159ed 71. praporem rusk\u00fdch SPECNAZ. M\u011bsto&#8230;<\/p>\n","protected":false},"author":2,"featured_media":64382,"comment_status":"closed","ping_status":"closed","sticky":false,"template":"","format":"standard","meta":[],"categories":[6],"tags":[1042,1917,3849,22,26],"_links":{"self":[{"href":"https:\/\/www.infokuryr.cz\/n\/wp-json\/wp\/v2\/posts\/65054"}],"collection":[{"href":"https:\/\/www.infokuryr.cz\/n\/wp-json\/wp\/v2\/posts"}],"about":[{"href":"https:\/\/www.infokuryr.cz\/n\/wp-json\/wp\/v2\/types\/post"}],"author":[{"embeddable":true,"href":"https:\/\/www.infokuryr.cz\/n\/wp-json\/wp\/v2\/users\/2"}],"replies":[{"embeddable":true,"href":"https:\/\/www.infokuryr.cz\/n\/wp-json\/wp\/v2\/comments?post=65054"}],"version-history":[{"count":0,"href":"https:\/\/www.infokuryr.cz\/n\/wp-json\/wp\/v2\/posts\/65054\/revisions"}],"wp:featuredmedia":[{"embeddable":true,"href":"https:\/\/www.infokuryr.cz\/n\/wp-json\/wp\/v2\/media\/64382"}],"wp:attachment":[{"href":"https:\/\/www.infokuryr.cz\/n\/wp-json\/wp\/v2\/media?parent=65054"}],"wp:term":[{"taxonomy":"category","embeddable":true,"href":"https:\/\/www.infokuryr.cz\/n\/wp-json\/wp\/v2\/categories?post=65054"},{"taxonomy":"post_tag","embeddable":true,"href":"https:\/\/www.infokuryr.cz\/n\/wp-json\/wp\/v2\/tags?post=65054"}],"curies":[{"name":"wp","href":"https:\/\/api.w.org\/{rel}","templated":true}]}}