{"id":65038,"date":"2024-10-28T00:33:07","date_gmt":"2024-10-27T23:33:07","guid":{"rendered":"https:\/\/www.infokuryr.cz\/n\/?p=65038"},"modified":"2024-10-27T16:53:30","modified_gmt":"2024-10-27T15:53:30","slug":"jiri-vyvadil-pellegrini-a-scholz-se-shodli-ze-ukrajina-do-nato-ne","status":"publish","type":"post","link":"https:\/\/www.infokuryr.cz\/n\/2024\/10\/28\/jiri-vyvadil-pellegrini-a-scholz-se-shodli-ze-ukrajina-do-nato-ne\/","title":{"rendered":"Ji\u0159\u00ed Vyvadil: Pellegrini a Scholz se shodli, \u017ee Ukrajina do NATO ne \u2026"},"content":{"rendered":"<div id=\"fb-root\"><\/div>\n<p><span style=\"font-size: 14pt;\"><strong>\u2026 \u010desk\u00fd prov\u00e1le\u010dn\u00fd trojl\u00edstek zaryt\u011b ml\u010d\u00ed<\/strong><\/span><\/p>\n<p>\u010cl\u00e1nek Evrop\u0161t\u00ed konzervatist\u00e9 ze dne 25. \u0159\u00edjna p\u0159inesl report\u00e1\u017e dopln\u011bnou fotografi\u00ed o p\u0159iv\u00edt\u00e1n\u00ed slovensk\u00e9ho prezidenta Petra Pellegriniho na n\u00e1dvo\u0159\u00ed n\u011bmeck\u00e9ho kancl\u00e9\u0159stv\u00ed. \u00dasm\u011bvy, p\u0159\u00e1telsk\u00e9 stisky rukou a souzn\u011bn\u00ed v\u00a0z\u00e1kladn\u00edm.<\/p>\n<p>A nadpis zn\u00ed: Olaf Scholz \u0159ekl: &#8222;Zem\u011b ve v\u00e1lce se v \u017e\u00e1dn\u00e9m p\u0159\u00edpad\u011b nem\u016f\u017ee st\u00e1t \u010dlenem NATO. Ka\u017ed\u00fd to v\u00ed.&#8220;<\/p>\n<p>A koment\u00e1\u0159 rozv\u00e1d\u00ed : \u201e\u0160ance Ukrajiny na vstup do NATO v dohledn\u00e9 dob\u011b utrp\u011bly velkou r\u00e1nu pot\u00e9, co se n\u011bmeck\u00fd kancl\u00e9\u0159 Olaf Scholz a slovensk\u00fd prezident Peter Pellegrini ve \u010dtvrtek dohodli, \u017ee okam\u017eit\u00fd vstup Ukrajiny do NATO\u00a0se nem\u016f\u017ee uskute\u010dnit. Po setk\u00e1n\u00ed \u00a0\u00a0Pellegrini \u0159ekl: \u201eKancl\u00e9\u0159 a j\u00e1 jsme se shodli na tom, \u017ee ot\u00e1zka p\u0159istoupen\u00ed Ukrajiny dnes nen\u00ed na stole, ani na n\u011bm nem\u016f\u017ee b\u00fdt, ani nen\u00ed realistick\u00e1.\u201c<\/p>\n<p>Stejn\u00e9 pocity zes\u00edlil i Scholz, kter\u00fd v rozhovoru \u0159ekl, \u017ee konflikt nesm\u00ed eskalovat v p\u0159\u00edmou v\u00e1lku mezi Ruskem a NATO \u2013 a op\u011bt\u00a0vylou\u010dil dod\u00e1vky\u00a0raket dlouh\u00e9ho doletu Taurus na Ukrajinu. M\u011bly by schopnost zas\u00e1hnout c\u00edle hluboko na rusk\u00e9m \u00fazem\u00ed.<\/p>\n<p>\u010cl\u00e1nek zasazuje tuto ot\u00e1zku do aktu\u00e1ln\u00ed mezin\u00e1rodn\u00ed situace: Ukrajinsk\u00fd prezident Volodymyr Zelenskyj po\u017eadoval &#8222;okam\u017eitou pozv\u00e1nku&#8220; ke vstupu do NATO v r\u00e1mci\u00a0sv\u00e9ho programu \u0161ir\u0161\u00edho urovn\u00e1n\u00ed\u00a0v\u00e1lky, kter\u00e1 za\u010dala v \u00fanoru 2022 ruskou invaz\u00ed do jeho zem\u011b. \u017d\u00e1dal tak\u00e9 o dal\u0161\u00ed dod\u00e1vky zbran\u00ed, v\u010detn\u011b siln\u011bj\u0161\u00edch a ni\u010div\u011bj\u0161\u00edch.<\/p>\n<p>NATO ji\u017e d\u0159\u00edve prohl\u00e1silo, \u017ee Ukrajina je na &#8222;nezvratn\u00e9&#8220; cest\u011b ke \u010dlenstv\u00ed, ale mnoho spojenc\u016f se b\u011bhem prob\u00edhaj\u00edc\u00ed v\u00e1lky stav\u00ed proti takov\u00e9mu kroku. N\u011bmecko podle Pellegriniho nevn\u00edm\u00e1 Zelensk\u00e9ho pl\u00e1n &#8222;jako hotovou v\u011bc&#8220;.<\/p>\n<p>To posiluje jeho popis ned\u00e1vn\u00e9ho prezidentsk\u00e9ho setk\u00e1n\u00ed u kulat\u00e9ho stolu v Krakov\u011b Bulharska, Chorvatska, Estonska, N\u011bmecka, \u0158ecka, Ma\u010farska, It\u00e1lie, Loty\u0161ska, Polska, Slovenska a Slovinska, kde Pellegrini odhaduje pom\u011br n\u00e1zor\u016f pro nebo proti vstupu Ukrajiny do NATO v pom\u011bru 50:50. &#8222;Tento bod m\u00edrov\u00e9ho pl\u00e1nu je v sou\u010dasn\u00e9 dob\u011b kontroverzn\u00ed a neprovediteln\u00fd,&#8220; \u0159ekl.<\/p>\n<p>Prim\u00e1rn\u00edm rysem \u010dlenstv\u00ed v NATO je to, \u017ee nut\u00ed v\u0161echny st\u00e1ty v alianci, aby p\u0159i\u0161ly na pomoc napaden\u00e9 \u010dlensk\u00e9 zemi. P\u0159ijet\u00ed \u010dlenstv\u00ed zem\u011b ve v\u00e1lce by bylo okam\u017eit\u00fdm receptem na mnohem \u0161ir\u0161\u00ed region\u00e1ln\u00ed konflikt. Jak\u00a0Scholz pozd\u011bji \u0159ekl\u00a0n\u011bmeck\u00e9 ve\u0159ejnopr\u00e1vn\u00ed televizi ZDF: \u201eJe d\u016fle\u017eit\u00e9 si uv\u011bdomit, \u017ee zem\u011b ve v\u00e1lce se v \u017e\u00e1dn\u00e9m p\u0159\u00edpad\u011b nem\u016f\u017ee st\u00e1t \u010dlenem NATO&#8230; Ka\u017ed\u00fd v\u00ed, \u017ee v t\u00e9to v\u011bci nen\u00ed shoda.\u201c<\/p>\n<p>N\u011bmecko je kl\u00ed\u010dov\u00fdm obchodn\u00edm partnerem Slovenska, ale Scholz a Pellegrini tak\u00e9 up\u0159ednostnili diskusi o migraci jako sou\u010d\u00e1st st\u00e1tn\u00ed n\u00e1v\u0161t\u011bvy Pellegriniho v N\u011bmecku. Slovensk\u00fd prezident, kter\u00fd\u00a0se ujal sv\u00e9 funkce v polovin\u011b \u010dervna, \u0159ekl, \u017ee ujistil kancl\u00e9\u0159e Scholze, \u00a0\u017ee \u201eSlovensko nikdy nebude tranzitn\u00ed zem\u00ed, p\u0159es kterou budou migranti sm\u011b\u0159uj\u00edc\u00ed do N\u011bmecka jen tak voln\u011b proch\u00e1zet&#8220;. Pelligrini nicm\u00e9n\u011b tvrd\u00ed, \u017ee jeho zem\u011b se letos v zim\u011b p\u0159ipravuje na p\u0159ijet\u00ed nov\u00e9 vlny ukrajinsk\u00fdch uprchl\u00edk\u016f.<\/p>\n<p>Co dodat? U n\u00e1s vl\u00e1dn\u00ed koalic\u00ed i proukrajinsk\u00fdmi a proatlantick\u00fdmi \u017eurnalisty kritizovan\u00fd\u00a0 prezident, kter\u00fd je sou\u010d\u00e1st\u00ed \u00a0\u00a0politick\u00e9ho tandemu Fico \u2013 Pellegrini, je v\u00edt\u00e1n i se sv\u00fdmi realistick\u00fdmi n\u00e1zory, kter\u00e9 mimochodem p\u0159evzal i kancl\u00e9\u0159 Scholz, kter\u00fd ve snaze uh\u00e1jit sv\u016fj post kancl\u00e9\u0159e i po budouc\u00edch volb\u00e1ch zm\u011bnil ost\u0159e (a podle m\u00e9ho n\u00e1zoru spr\u00e1vn\u011b) zahrani\u010dn\u00ed kurs a hodl\u00e1 vystupovat jako kancl\u00e9\u0159 m\u00edru. N\u00e1v\u0161t\u011bva Pellegriniho, kter\u00fd zast\u00e1v\u00e1 tyto n\u00e1zory dlouhodob\u011b a \u0161el s\u00a0nimi i do prezidentsk\u00fdch voleb, \u00a0byla proto pro n\u011bho v\u00edtanou p\u0159\u00edle\u017eitost\u00ed je znovu ve\u0159ejn\u011b demonstrovat.<\/p>\n<p>Kdy to doklepne i na\u0161emu v\u00e1le\u010dn\u00e9mu trojl\u00edstku Pavel &#8211; Fiala \u2013 Lipavsk\u00fd? Mo\u017en\u00e1 po americk\u00fdch prezidentsk\u00fdch volb\u00e1ch, pokud zv\u00edt\u011bz\u00ed prezident, kter\u00fd chce v\u00e1lku na Ukrajin\u011b ukon\u010dit okam\u017eit\u011b.<\/p>\n<p><a href=\"https:\/\/vasevec.info\/vip-blogy\/pellegrini-scholz-se-shodli-ze-ukrajina-do-nato-ne\">Ji\u0159\u00ed Vyvadil<\/a><\/p>\n<p><img decoding=\"async\" loading=\"lazy\" class=\"alignnone size-medium wp-image-16474\" src=\"http:\/\/www.infokuryr.cz\/n\/wp-content\/uploads\/2022\/10\/jiri-vyvadil-300x200.jpg\" alt=\"\" width=\"300\" height=\"200\" srcset=\"https:\/\/www.infokuryr.cz\/n\/wp-content\/uploads\/2022\/10\/jiri-vyvadil-300x200.jpg 300w, https:\/\/www.infokuryr.cz\/n\/wp-content\/uploads\/2022\/10\/jiri-vyvadil-768x512.jpg 768w, https:\/\/www.infokuryr.cz\/n\/wp-content\/uploads\/2022\/10\/jiri-vyvadil.jpg 800w\" sizes=\"(max-width: 300px) 100vw, 300px\" \/><\/p>\n<p>&nbsp;<\/p>\n","protected":false},"excerpt":{"rendered":"<p>\u2026 \u010desk\u00fd prov\u00e1le\u010dn\u00fd trojl\u00edstek zaryt\u011b ml\u010d\u00ed \u010cl\u00e1nek Evrop\u0161t\u00ed konzervatist\u00e9 ze dne 25. \u0159\u00edjna p\u0159inesl report\u00e1\u017e&#8230;<\/p>\n","protected":false},"author":2,"featured_media":34656,"comment_status":"closed","ping_status":"closed","sticky":false,"template":"","format":"standard","meta":[],"categories":[6],"tags":[1503,39,35,26],"_links":{"self":[{"href":"https:\/\/www.infokuryr.cz\/n\/wp-json\/wp\/v2\/posts\/65038"}],"collection":[{"href":"https:\/\/www.infokuryr.cz\/n\/wp-json\/wp\/v2\/posts"}],"about":[{"href":"https:\/\/www.infokuryr.cz\/n\/wp-json\/wp\/v2\/types\/post"}],"author":[{"embeddable":true,"href":"https:\/\/www.infokuryr.cz\/n\/wp-json\/wp\/v2\/users\/2"}],"replies":[{"embeddable":true,"href":"https:\/\/www.infokuryr.cz\/n\/wp-json\/wp\/v2\/comments?post=65038"}],"version-history":[{"count":0,"href":"https:\/\/www.infokuryr.cz\/n\/wp-json\/wp\/v2\/posts\/65038\/revisions"}],"wp:featuredmedia":[{"embeddable":true,"href":"https:\/\/www.infokuryr.cz\/n\/wp-json\/wp\/v2\/media\/34656"}],"wp:attachment":[{"href":"https:\/\/www.infokuryr.cz\/n\/wp-json\/wp\/v2\/media?parent=65038"}],"wp:term":[{"taxonomy":"category","embeddable":true,"href":"https:\/\/www.infokuryr.cz\/n\/wp-json\/wp\/v2\/categories?post=65038"},{"taxonomy":"post_tag","embeddable":true,"href":"https:\/\/www.infokuryr.cz\/n\/wp-json\/wp\/v2\/tags?post=65038"}],"curies":[{"name":"wp","href":"https:\/\/api.w.org\/{rel}","templated":true}]}}