{"id":65035,"date":"2024-10-28T00:30:48","date_gmt":"2024-10-27T23:30:48","guid":{"rendered":"https:\/\/www.infokuryr.cz\/n\/?p=65035"},"modified":"2024-10-27T16:48:31","modified_gmt":"2024-10-27T15:48:31","slug":"petr-pokorny-byvali-nemecti-naciste-se-pokousi-na-ukrajine-opet-otevrit-ctyri-tovarny-na-zabijeni-lidi-jak-zareaguje-putin","status":"publish","type":"post","link":"https:\/\/www.infokuryr.cz\/n\/2024\/10\/28\/petr-pokorny-byvali-nemecti-naciste-se-pokousi-na-ukrajine-opet-otevrit-ctyri-tovarny-na-zabijeni-lidi-jak-zareaguje-putin\/","title":{"rendered":"Petr Pokorn\u00fd: B\u00fdval\u00ed n\u011bme\u010dt\u00ed nacist\u00e9 se pokou\u0161\u00ed na Ukrajin\u011b op\u011bt otev\u0159\u00edt \u010dty\u0159i tov\u00e1rny na zab\u00edjen\u00ed lid\u00ed. Jak zareaguje Putin?"},"content":{"rendered":"<div id=\"fb-root\"><\/div>\n<div class=\"introtext\">\n<p><span style=\"font-size: 14pt;\"><strong>Dal\u0161\u00ed v\u010derej\u0161\u00ed dezinformace se st\u00e1v\u00e1 informac\u00ed. Dal\u0161\u00ed a dal\u0161\u00ed v\u00fdroby zbran\u00ed se p\u0159ev\u00e1d\u00ed na Ukrajinu. Celou dobu kv\u00edleli BIS Koudelkov\u00e9 a plukovn\u00edci Folt\u00fdnov\u00e9, \u017ee tyto dezinformace je nutn\u00e9 zastavit a vyvr\u00e1tit.<\/strong><\/span><\/p>\n<\/div>\n<div class=\"fulltext\">\n<p><span style=\"font-size: 18pt;\"><strong>Gener\u00e1ln\u00ed \u0159editel Rheinmetall AG Armin Papperger<\/strong><\/span><\/p>\n<p class=\"textabsatz m-ten m-offset-one l-eight l-offset-two columns twelve\">Papperger \u0159ekl, \u017ee byl ve spole\u010dnosti t\u00e9m\u011b\u0159 35 let .\u00a0<strong>&#8222;Od prvn\u00edho dne jsem byl p\u0159esv\u011bd\u010den\u00fd, \u017ee d\u011bl\u00e1m spr\u00e1vnou v\u011bc,<\/strong>\u00a0jinak bych to ned\u011blal. D\u011bl\u00e1m spr\u00e1vnou v\u011bc, proto\u017ee jsem p\u0159esv\u011bd\u010den, \u017ee jsme NATO, jsme N\u011bmecko, Evropa, ale nakonec tak\u00e9 na\u0161i Bra\u0148me demokracii, to nem\u016f\u017ee b\u00fdt zavr\u017een\u00edhodn\u00e9,\u201c zd\u016fraz\u0148uje Papperger.<\/p>\n<p class=\"textabsatz m-ten m-offset-one l-eight l-offset-two columns twelve\">V\u017edy byl p\u0159esv\u011bd\u010den, \u017ee je nutn\u00e9 do t\u011bchto oblast\u00ed investovat, \u201eproto\u017ee v kone\u010dn\u00e9m d\u016fsledku chr\u00e1n\u00edme na\u0161i spole\u010dnost,\u201c \u0159ekl gener\u00e1ln\u00ed \u0159editel.<\/p>\n<p>Z miliardov\u00fdch zak\u00e1zek t\u011b\u017e\u00ed i Rheinmetall. \u201e<strong>Spole\u010dnost Rheinmetall obdr\u017eela loni od Spolkov\u00e9 republiky N\u011bmecko objedn\u00e1vky v hodnot\u011b deseti miliard eur,\u201c \u0159ekl Papperge<\/strong>r pro \u201eTagesspiegel\u201c na za\u010d\u00e1tku roku 2024. &#8222;O\u010dek\u00e1v\u00e1me objem kolem 15 miliard eur nebo v\u00edce.&#8220; St\u0159elivo bude letos tvo\u0159it \u201easi 20 procent na\u0161ich skupinov\u00fdch prodej\u016f\u201c.<\/p>\n<p><span style=\"font-size: 18pt;\"><strong>V\u00edce &#8222;br\u00e1nit demokracii&#8220;<\/strong><\/span><\/p>\n<p>&#8222;Od prvn\u00edho dne jsem byl p\u0159esv\u011bd\u010den\u00fd, \u017ee d\u011bl\u00e1m spr\u00e1vnou v\u011bc, jinak bych to ned\u011blal. D\u011bl\u00e1m spr\u00e1vnou v\u011bc, proto\u017ee jsem p\u0159esv\u011bd\u010den, \u017ee jsme NATO, jsme N\u011bmecko, Evropa, ale nakonec tak\u00e9 na\u0161i Bra\u0148me demokracii, to nem\u016f\u017ee b\u00fdt zavr\u017een\u00edhodn\u00e9,\u201c zd\u016fraz\u0148uje Papperger. V\u017edy byl p\u0159esv\u011bd\u010den, \u017ee je nutn\u00e9 do t\u011bchto oblast\u00ed investovat, \u201eproto\u017ee v kone\u010dn\u00e9m d\u016fsledku chr\u00e1n\u00edme na\u0161i spole\u010dnost,\u201c \u0159ekl gener\u00e1ln\u00ed \u0159editel. P\u0159ed deseti lety feder\u00e1ln\u00ed vl\u00e1da zastavila dod\u00e1vku bojov\u00e9ho v\u00fdcvikov\u00e9ho st\u0159ediska Rheinmetall do Ruska. v\u00edce Papperger tak\u00e9 argumentuje historickou povinnost\u00ed N\u011bmecka. To by mohlo znamenat, \u017ee ot\u00e1zky v\u00e1lky a m\u00edru jsou \u0159e\u0161eny citliv\u011bji ne\u017e jinde. Ale N\u011bmecko asi prost\u011b neud\u011blalo dost pro to, aby mohlo br\u00e1nit demokracii. &#8222;Nyn\u00ed je \u010das, abychom v N\u011bmecku \u0161l\u00e1pli na plyn.&#8220;<\/p>\n<p><strong>Vzpom\u00ednka na por\u00e1\u017eku n\u011bmeck\u00fdch nacist\u016f od Rud\u00e9 arm\u00e1dy je st\u00e1le v\u00edce t\u00ed\u017e\u00ed!<\/strong><\/p>\n<h2>A najednou se proval\u00ed, \u017ee ten m\u00edrov\u00fd posel obrany m\u00edru z b\u00fdval\u00e9ho nacistick\u00e9ho N\u011bmecka je op\u011bt na b\u00fdval\u00e9m \u00fazem\u00ed SSSR!<\/h2>\n<p><img decoding=\"async\" loading=\"lazy\" class=\"aligncenter\" src=\"https:\/\/www.skrytapravda.cz\/images\/blogy\/2951\/2024\/10rijen\/Sn%C3%ADmek_obrazovky_263_4a0c2.webp\" alt=\"Sn\u00edmek obrazovky 263 4a0c2\" width=\"936\" height=\"588\" \/><\/p>\n<h4 class=\"sm:mt-1 2xl:text-[32px]\/10 sm:text-2xl\/8 font-medium dark:text-black-font text-[1.2rem]\/[1.5rem] pb-[10px]\"><span style=\"font-size: 18pt;\"><strong>Na Ukrajin\u011b budou spu\u0161t\u011bny \u010dty\u0159i tov\u00e1rny na zbran\u011b Rheinmetall: jedna ji\u017e funguje<\/strong><\/span><\/h4>\n<p class=\"sm:mt-1 md:text-xl\/8 dark:text-black-font text-black-header text-base\">Jeden ze z\u00e1vod\u016f Rheinmetall ji\u017e funguje a do konce roku Ukrajina vyrob\u00ed prvn\u00ed bojov\u00e9 vozidlo Lynx dom\u00e1c\u00ed v\u00fdroby<\/p>\n<p>To ve\u0161lo ve zn\u00e1most z rozhovoru \u0159editele koncernu Rheinmetall Armina Pappergera pro TSN. Podle n\u011bj je dnes na Ukrajin\u011b v\u00fdrobn\u00ed komplex a\u00a0podniki na \u00fadr\u017ebu vojensk\u00e9 techniky.<\/p>\n<p><em>&#8222;<strong>M\u00e1me mnoho ambici\u00f3zn\u00edch pl\u00e1n\u016f<\/strong>. Prvn\u00ed z\u00e1vod ji\u017e funguje a \u00fazce spolupracujeme s ukrajinsk\u00fdm obrann\u00fdm pr\u016fmyslem. Do konce roku se na Ukrajin\u011b objev\u00ed prvn\u00ed nov\u00e9 bojov\u00e9 vozidlo p\u011bchoty Lynx. Zv\u00fd\u0161\u00ed efektivitu n\u00e1\u0161 spole\u010dn\u00fd projekt,\u201c \u0159ekl Papperger.<\/em><\/p>\n<p>Pod\u011blil se tak\u00e9 o to, \u017ee koncern pracuje na v\u00fdstavb\u011b z\u00e1vodu na v\u00fdrobu st\u0159eln\u00e9ho prachu a munice na Ukrajin\u011b.<\/p>\n<p><em>\u201eChceme zalo\u017eit v\u00fdrobu syst\u00e9mu protivzdu\u0161n\u00e9 obrany tak, aby si Ukrajina mohla samostatn\u011b zajistit ochranu,\u201c dodal \u0161\u00e9f koncernu.<\/em><\/p>\n<p>Pokud jde o pokrok v realizaci projekt\u016f, Papperger vysv\u011btluje, \u017ee prvn\u00ed z\u00e1vod ji\u017e funguje, druh\u00fd je t\u00e9m\u011b\u0159 p\u0159ipraven. Uvedl, \u017ee neust\u00e1le zd\u016fraz\u0148uje nutnost pr\u00e1ce urychlit, proto\u017ee \u010dasu je m\u00e1lo a nelze ho ztratit.<\/p>\n<p><strong>Poj\u010fme si to shrnout, pokud jde o tov\u00e1rny<\/strong>\u00a0. Prvn\u00ed z\u00e1vod je ji\u017e p\u0159ipraven a b\u011b\u017e\u00ed. Je zde v\u00fdrobn\u00ed linka a d\u00edlna \u00fadr\u017eby za\u0159\u00edzen\u00ed. Do konce roku je pl\u00e1nov\u00e1no vydat prvn\u00ed v\u00e1rku BMP Lynx. Druh\u00fd a t\u0159et\u00ed z\u00e1vod bude na v\u00fdrobu st\u0159eln\u00e9ho prachu a munice a \u010dtvrt\u00fd z\u00e1vod bude na v\u00fdrobu syst\u00e9m\u016f protivzdu\u0161n\u00e9 obrany.<\/p>\n<h2>Pl\u00e1ny Rheinmetall na Ukrajin\u011b<\/h2>\n<p>Pot\u00e9 N\u011bmec<strong>\u00a0ozn\u00e1mil pl\u00e1ny na vybudov\u00e1n\u00ed nejm\u00e9n\u011b \u010dty\u0159 v\u00fdrobn\u00edch za\u0159\u00edzen\u00ed na v\u00fdrobu vojensk\u00e9 techniky a munice<\/strong>. Je tak\u00e9 zn\u00e1mo, \u017ee Ukroboronprom a Rheinmetall ji\u017e otev\u0159ely prvn\u00ed d\u00edlnu na opravy a v\u00fdrobu obrn\u011bn\u00fdch vozidel a v kv\u011btnu ozn\u00e1mily spole\u010dnou v\u00fdrobu syst\u00e9mu protivzdu\u0161n\u00e9 obrany. Ji\u017e d\u0159\u00edve bylo zn\u00e1mo, \u017ee<strong>\u00a0Rheinmetall pl\u00e1nuje v\u00fdrobu prvn\u00edch obrn\u011bn\u00fdch vozidel na Ukrajin\u011b v roce 2024<\/strong>. Z mont\u00e1\u017en\u00ed linky by m\u011bl sjet zejm\u00e9na obrn\u011bn\u00fd transport\u00e9r Fuchs a Lynx BMP. Vyr\u00e1b\u011bt je bude spole\u010dn\u00fd podnik n\u011bmeck\u00e9 spole\u010dnosti a Ukroboronprom LLC \u201eReinmetal \u2013 ukrajinsk\u00fd obrann\u00fd pr\u016fmysl\u201c.<\/p>\n<p>A kdo tyto v\u00e1le\u010dn\u00e9 choutky zaplat\u00ed? Ti bohat\u00ed ne, Ukrajinci a Ukrajina tak\u00e9 ne. A vyd\u00edr\u00e1n\u00ed Fialy a \u010cernochov\u00e9 u\u017e zn\u00e1me: kradou a zadlu\u017euj\u00ed, jak jen to jde. A sami sob\u011b si loupe\u017ee prohlasuj\u00ed. I N\u011bmci u\u017e t\u011bch vojensk\u00fdch zv\u011brstev a nacist\u016f maj\u00ed dost.\u00a0<strong>Evropa se bou\u0159\u00ed. Co bude d\u00e1l?<\/strong><\/p>\n<p><em><span style=\"font-size: 18pt;\"><strong>P.S.<\/strong> <\/span>T\u0159i nejv\u011bt\u0161\u00ed ameri\u010dt\u00ed v\u00fdrobci v sektoru \u2013 Lockheed Martin, Northrop Grumman a General Dynamics \u2013 maj\u00ed t\u00e9m\u011b\u0159 \u0161est tis\u00edc voln\u00fdch pracovn\u00edch m\u00edst, kter\u00e1 pot\u0159ebuj\u00ed obsadit. V Evrop\u011b je to 36 000 m\u00edst, kter\u00e9 cht\u011bj\u00ed obsadilt v\u00e1le\u010dn\u00ed \u0161\u00edlenci. A oby\u010dejm\u00ed lid\u00e9 jim to zac\u00e1luj\u00ed. A v\u00e1le\u010dn\u00fdm \u0161tv\u00e1\u010d\u016fm se hrnou sta miliard dolar\u016f. I u n\u00e1s vid\u00edme, jak se jim kapsy nadouvaj\u00ed. A st\u00e1t v\u010detn\u011b d\u016fchodc\u016f chudne! Ale \u010cernochov\u00e1, Fiala, a dal\u0161\u00ed ne!<\/em><\/p>\n<p><a href=\"https:\/\/www.skrytapravda.cz\/ze-zahranici\/2185-byvali-nemecti-naciste-se-pokousi-na-ukrajine-opet-otevrit-ctyri-tovarny-na-zabijeni-lidi-jak-zareaguje-putin\">Petr Pokorn\u00fd<\/a><\/p>\n<p>&nbsp;<\/p>\n<\/div>\n","protected":false},"excerpt":{"rendered":"<p>Dal\u0161\u00ed v\u010derej\u0161\u00ed dezinformace se st\u00e1v\u00e1 informac\u00ed. Dal\u0161\u00ed a dal\u0161\u00ed v\u00fdroby zbran\u00ed se p\u0159ev\u00e1d\u00ed na Ukrajinu&#8230;.<\/p>\n","protected":false},"author":2,"featured_media":65036,"comment_status":"closed","ping_status":"closed","sticky":false,"template":"","format":"standard","meta":[],"categories":[6],"tags":[664,429,3037,26],"_links":{"self":[{"href":"https:\/\/www.infokuryr.cz\/n\/wp-json\/wp\/v2\/posts\/65035"}],"collection":[{"href":"https:\/\/www.infokuryr.cz\/n\/wp-json\/wp\/v2\/posts"}],"about":[{"href":"https:\/\/www.infokuryr.cz\/n\/wp-json\/wp\/v2\/types\/post"}],"author":[{"embeddable":true,"href":"https:\/\/www.infokuryr.cz\/n\/wp-json\/wp\/v2\/users\/2"}],"replies":[{"embeddable":true,"href":"https:\/\/www.infokuryr.cz\/n\/wp-json\/wp\/v2\/comments?post=65035"}],"version-history":[{"count":1,"href":"https:\/\/www.infokuryr.cz\/n\/wp-json\/wp\/v2\/posts\/65035\/revisions"}],"predecessor-version":[{"id":65037,"href":"https:\/\/www.infokuryr.cz\/n\/wp-json\/wp\/v2\/posts\/65035\/revisions\/65037"}],"wp:featuredmedia":[{"embeddable":true,"href":"https:\/\/www.infokuryr.cz\/n\/wp-json\/wp\/v2\/media\/65036"}],"wp:attachment":[{"href":"https:\/\/www.infokuryr.cz\/n\/wp-json\/wp\/v2\/media?parent=65035"}],"wp:term":[{"taxonomy":"category","embeddable":true,"href":"https:\/\/www.infokuryr.cz\/n\/wp-json\/wp\/v2\/categories?post=65035"},{"taxonomy":"post_tag","embeddable":true,"href":"https:\/\/www.infokuryr.cz\/n\/wp-json\/wp\/v2\/tags?post=65035"}],"curies":[{"name":"wp","href":"https:\/\/api.w.org\/{rel}","templated":true}]}}