{"id":65013,"date":"2024-10-28T00:35:10","date_gmt":"2024-10-27T23:35:10","guid":{"rendered":"https:\/\/www.infokuryr.cz\/n\/?p=65013"},"modified":"2024-10-27T16:07:41","modified_gmt":"2024-10-27T15:07:41","slug":"atlantska-rada-vyzyva-k-valce-proti-iranu","status":"publish","type":"post","link":"https:\/\/www.infokuryr.cz\/n\/2024\/10\/28\/atlantska-rada-vyzyva-k-valce-proti-iranu\/","title":{"rendered":"Atlantsk\u00e1 rada vyz\u00fdv\u00e1 k v\u00e1lce proti \u00cdr\u00e1nu"},"content":{"rendered":"<div id=\"fb-root\"><\/div>\n<p><strong><span>Spojen\u00e9 st\u00e1ty, a t\u00edm i jejich evrop\u0161t\u00ed spojenci, maj\u00ed b\u00fdt zata\u017eeni do v\u00e1lky proti \u00cdr\u00e1nu. To po\u017eaduje Atlantick\u00e1 rada. Vojensko-pr\u016fmyslov\u00fd komplex evidentn\u011b zoufale pot\u0159ebuje nov\u00e9 v\u00e1lky. Zvl\u00e1\u0161\u0165, kdy\u017e chce Donald Trump ukon\u010dit ukrajinsk\u00fd konflikt.<\/span><\/strong><\/p>\n<p><span>Vlivn\u00e1 Atlantick\u00e1 rada minul\u00fd t\u00fdden p\u0159edstavila zpr\u00e1vu o nebezpe\u010dn\u00e9 strategii. Dokument s ne\u0161kodn\u011b zn\u011bj\u00edc\u00edm n\u00e1zvem \u201e\u00a0<\/span><a href=\"https:\/\/www.atlanticcouncil.org\/wp-content\/uploads\/2024\/10\/The-future-of-US-strategy-toward-Iran.pdf\"><span>Budoucnost strategie USA v\u016f\u010di \u00cdr\u00e1nu<\/span><\/a><span> \u201c odhaluje p\u0159i bli\u017e\u0161\u00edm zkoum\u00e1n\u00ed nebezpe\u010dn\u00fd posun v americk\u00e9 zahrani\u010dn\u00ed politice.<\/span><\/p>\n<p><strong><span>Zpr\u00e1va, ozna\u010dovan\u00e1 jako dvoustrann\u00e1, m\u00e1 nestydat\u011b za c\u00edl vt\u00e1hnout Spojen\u00e9 st\u00e1ty hloub\u011bji do eskaluj\u00edc\u00edho konfliktu mezi Izraelem a \u00cdr\u00e1nem.<\/span><\/strong><span>\u00a0Zvl\u00e1\u0161t\u011b v\u00fdbu\u0161n\u00e9: Zd\u00e1 se, \u017ee navrhovan\u00e1 strategie je specificky zam\u011b\u0159ena na vman\u00e9vrov\u00e1n\u00ed mo\u017en\u00e9ho Trumpa i Harrisovy administrativy do vojensk\u00e9ho konfliktu.<\/span><\/p>\n<p><span>Zpr\u00e1va doporu\u010duje trval\u00e9 rozm\u00edst\u011bn\u00ed dal\u0161\u00edch americk\u00fdch sil v regionu \u2013 krok, kter\u00fd by USA nevyhnuteln\u011b vt\u00e1hl do budouc\u00edho vojensk\u00e9ho konfliktu s isl\u00e1mskou republikou. Na Bl\u00edzk\u00e9m v\u00fdchod\u011b je ji\u017e rozm\u00edst\u011bno 40 000 americk\u00fdch voj\u00e1k\u016f, kte\u0159\u00ed by podle p\u0159edstav Rady m\u011bli b\u00fdt restrukturalizov\u00e1ni na \u201esilu rychl\u00e9 reakce\u201c.<\/span><\/p>\n<p><span>Zvl\u00e1\u0161t\u011b odhaluj\u00edc\u00ed je zp\u016fsob, jak\u00fdm zpr\u00e1va pojedn\u00e1v\u00e1 o Trumpov\u011b t\u00e9matu. Na pozad\u00ed ned\u00e1vn\u00fdch zpr\u00e1v o \u00fadajn\u00fdch \u00edr\u00e1nsk\u00fdch hackersk\u00fdch \u00fatoc\u00edch na Trumpovu p\u0159edvolebn\u00ed kampa\u0148 a podez\u0159en\u00ed na pokusy o atent\u00e1t se doporu\u010den\u00ed Rady reagovat na jak\u00fdkoli \u00fatok na americk\u00e9 politiky vojenskou silou jev\u00ed jako vypo\u010d\u00edtav\u00e1 provokace.<\/span><\/p>\n<p><span>Strategick\u00fd rozm\u011br zpr\u00e1vy je je\u0161t\u011b jasn\u011bj\u0161\u00ed, vezmeme-li v \u00favahu mezin\u00e1rodn\u00ed konstelace. Sama Atlantick\u00e1 rada p\u0159izn\u00e1v\u00e1, \u017ee \u00cdr\u00e1n dnes udr\u017euje \u00fazk\u00e9 vazby na Rusko a \u010c\u00ednu.\u00a0<\/span><strong><span>Vojensk\u00fd konflikt s \u00cdr\u00e1nem by proto mohl rychle p\u0159er\u016fst v glob\u00e1ln\u00ed konfrontaci \u2013 sc\u00e9n\u00e1\u0159, kter\u00fd je podivn\u011b prezentov\u00e1n nikoli jako varov\u00e1n\u00ed, ale t\u00e9m\u011b\u0159 jako doporu\u010den\u00ed k akci.<\/span><\/strong><span>\u00a0Znepokojuj\u00edc\u00ed je tak\u00e9 navrhovan\u00e1 \u201e\u010derven\u00e1 \u010d\u00e1ra\u201c ohledn\u011b \u00edr\u00e1nsk\u00fdch jadern\u00fdch zbran\u00ed. Zpr\u00e1va po\u017eaduje prezidentsk\u00e9 prohl\u00e1\u0161en\u00ed, \u017ee USA nebudou tolerovat jadern\u011b vyzbrojen\u00fd \u00cdr\u00e1n a v p\u0159\u00edpad\u011b pot\u0159eby mu vojensky zabr\u00e1n\u00ed \u2013 vzhledem k tomu, \u017ee Izrael ji\u017e vlastn\u00ed jadern\u00fd arzen\u00e1l m\u00e1.<\/span><\/p>\n<p><span>Zd\u00e1 se, \u017ee strategie Atlantick\u00e9 rady se rovn\u00e1 zvr\u00e1cen\u00e9mu oportunismu:\u00a0<\/span><strong><span>Pokud Trump vyhraje a ukon\u010d\u00ed v\u00e1lku na Ukrajin\u011b, jak bylo ozn\u00e1meno, m\u011bl by b\u00fdt m\u00edsto toho naveden do konfliktu s \u00cdr\u00e1nem.<\/span><\/strong><span>\u00a0Za Harrise by v\u0161ak kurz konfrontace s Ruskem pokra\u010doval. Poselstv\u00ed zpr\u00e1vy je jasn\u00e9: Vojensko-pr\u016fmyslov\u00fd komplex pot\u0159ebuje svou v\u00e1lku \u2013 bez ohledu na to, kde a s k\u00fdmkoli. Zd\u00e1 se, \u017ee strat\u00e9gov\u00e9 Atlantick\u00e9 rady se p\u0159\u00edli\u0161 nezaj\u00edmaj\u00ed o skute\u010dnost, \u017ee je p\u0159ij\u00edm\u00e1n konflikt, kter\u00fd by mohl p\u0159er\u016fst v glob\u00e1ln\u00ed po\u017e\u00e1r.<\/span><\/p>\n<p><img decoding=\"async\" loading=\"lazy\" class=\"alignnone size-full wp-image-1185\" src=\"http:\/\/www.infokuryr.cz\/n\/wp-content\/uploads\/2021\/04\/kuryr-podpis.png\" alt=\"\" width=\"84\" height=\"24\" \/><\/p>\n<p>&nbsp;<\/p>\n","protected":false},"excerpt":{"rendered":"<p>Spojen\u00e9 st\u00e1ty, a t\u00edm i jejich evrop\u0161t\u00ed spojenci, maj\u00ed b\u00fdt zata\u017eeni do v\u00e1lky proti \u00cdr\u00e1nu&#8230;.<\/p>\n","protected":false},"author":2,"featured_media":65014,"comment_status":"closed","ping_status":"closed","sticky":false,"template":"","format":"standard","meta":[],"categories":[7],"tags":[8115,38,39,37,40],"_links":{"self":[{"href":"https:\/\/www.infokuryr.cz\/n\/wp-json\/wp\/v2\/posts\/65013"}],"collection":[{"href":"https:\/\/www.infokuryr.cz\/n\/wp-json\/wp\/v2\/posts"}],"about":[{"href":"https:\/\/www.infokuryr.cz\/n\/wp-json\/wp\/v2\/types\/post"}],"author":[{"embeddable":true,"href":"https:\/\/www.infokuryr.cz\/n\/wp-json\/wp\/v2\/users\/2"}],"replies":[{"embeddable":true,"href":"https:\/\/www.infokuryr.cz\/n\/wp-json\/wp\/v2\/comments?post=65013"}],"version-history":[{"count":0,"href":"https:\/\/www.infokuryr.cz\/n\/wp-json\/wp\/v2\/posts\/65013\/revisions"}],"wp:featuredmedia":[{"embeddable":true,"href":"https:\/\/www.infokuryr.cz\/n\/wp-json\/wp\/v2\/media\/65014"}],"wp:attachment":[{"href":"https:\/\/www.infokuryr.cz\/n\/wp-json\/wp\/v2\/media?parent=65013"}],"wp:term":[{"taxonomy":"category","embeddable":true,"href":"https:\/\/www.infokuryr.cz\/n\/wp-json\/wp\/v2\/categories?post=65013"},{"taxonomy":"post_tag","embeddable":true,"href":"https:\/\/www.infokuryr.cz\/n\/wp-json\/wp\/v2\/tags?post=65013"}],"curies":[{"name":"wp","href":"https:\/\/api.w.org\/{rel}","templated":true}]}}