{"id":65006,"date":"2024-10-28T00:31:12","date_gmt":"2024-10-27T23:31:12","guid":{"rendered":"https:\/\/www.infokuryr.cz\/n\/?p=65006"},"modified":"2024-10-27T15:57:04","modified_gmt":"2024-10-27T14:57:04","slug":"barevna-revoluce-gruzinska-opozice-neuznava-vysledky-voleb-a-vyzyva-k-protestum","status":"publish","type":"post","link":"https:\/\/www.infokuryr.cz\/n\/2024\/10\/28\/barevna-revoluce-gruzinska-opozice-neuznava-vysledky-voleb-a-vyzyva-k-protestum\/","title":{"rendered":"Barevn\u00e1 revoluce: Gruz\u00ednsk\u00e1 opozice neuzn\u00e1v\u00e1 v\u00fdsledky voleb a vyz\u00fdv\u00e1 k protest\u016fm"},"content":{"rendered":"<div id=\"fb-root\"><\/div>\n<p><span style=\"font-size: 14pt;\"><strong>Po volebn\u00edm v\u00edt\u011bzstv\u00ed vl\u00e1dnouc\u00ed strany Gruz\u00ednsk\u00fd sen odm\u00edtly opozi\u010dn\u00ed strany uznat v\u00fdsledky voleb a ohl\u00e1sily protesty na ned\u011bli.<\/strong><\/span><\/p>\n<p><span>Po vyhl\u00e1\u0161en\u00ed v\u00fdsledk\u016f\u00a0<\/span><a href=\"https:\/\/anti-spiegel.ru\/2024\/die-regierungspartei-liegt-in-fuehrung-die-vorlaeufigen-ergebnisse-der-wahlen-in-georgien\/\"><span>parlamentn\u00edch voleb<\/span><\/a><span>\u00a0v Gruzii, v nich\u017e zv\u00edt\u011bzila vl\u00e1dnouc\u00ed strana Gruz\u00ednsk\u00fd sen, gruz\u00ednsk\u00e9 opozi\u010dn\u00ed strany odm\u00edtly uznat v\u00fdsledky voleb a ohl\u00e1sily protesty na ned\u011bli. Mluv\u010d\u00ed opozice uvedla, \u017ee protesty byly \u201ekoordinovan\u00e9\u201c a podrobnosti budou ozn\u00e1meny v ned\u011bli.<\/span><\/p>\n<p><span>Opozi\u010dn\u00ed strana Koalice pro zm\u011bnu, Sjednocen\u00e9 n\u00e1rodn\u00ed hnut\u00ed b\u00fdval\u00e9ho prezidenta Michaila Saaka\u0161viliho a Siln\u00e1 Gruzie v\u00fdsledky voleb neuznaly. Saaka\u0161viliho strana ji\u017e\u00a0<\/span><a href=\"https:\/\/anti-spiegel.ru\/2024\/georgische-opposition-will-wahlergebnis-nicht-anerkennen\/\"><span>p\u0159ed za\u010d\u00e1tkem voleb tvrdila<\/span><\/a><span>\u00a0, \u017ee vl\u00e1da zfal\u0161uje v\u00fdsledky. Opozice vydala prohl\u00e1\u0161en\u00ed, v n\u011bm\u017e tvrd\u00ed, \u017ee vyhr\u00e1la parlamentn\u00ed volby.<\/span><\/p>\n<p><span>Opozi\u010dn\u00ed m\u00e9dia v sobotu ve\u010der uznala, \u017ee vl\u00e1dn\u00ed strana Gruz\u00ednsk\u00fd sen se stala nejsiln\u011bj\u0161\u00ed stranou, ale zaprv\u00e9 tvrdila, \u017ee vl\u00e1dnouc\u00ed strana nedos\u00e1hla absolutn\u00ed v\u011bt\u0161iny a zadruh\u00e9, \u017ee p\u0159es p\u011btiprocentn\u00ed hranici se do parlamentu dok\u00e1zalo dostat v\u00edce mal\u00fdch stran. V takov\u00e9 konstelaci by opozice mohla matematicky sestavit koali\u010dn\u00ed vl\u00e1du.<\/span><\/p>\n<p><span>Sc\u00e9n\u00e1\u0159, kdy opozice neuzn\u00e1 v\u00fdsledky voleb a pokus\u00ed se o barevnou revoluci v Gruzii s podporou z\u00e1padn\u00edch nevl\u00e1dn\u00edch organizac\u00ed, byl o\u010dek\u00e1v\u00e1n, jak jsem ji\u017e n\u011bkolikr\u00e1t\u00a0<\/span><a href=\"https:\/\/anti-spiegel.ru\/2024\/in-georgien-am-wochenende-der-beginn-einer-farbrevolution-erwartet\/\"><span>informoval<\/span><\/a><span>\u00a0. Z\u00e1padn\u00ed zem\u011b se s nejv\u011bt\u0161\u00ed pravd\u011bpodobnost\u00ed v ned\u011bli a pond\u011bl\u00ed p\u0159ipoj\u00ed k n\u00e1rok\u016fm opozice a podpo\u0159\u00ed pokus o n\u00e1siln\u00e9 svr\u017een\u00ed gruz\u00ednsk\u00e9 vl\u00e1dy.<\/span><\/p>\n<p><span>Gruz\u00ednsk\u00e1 vl\u00e1da tvrd\u00ed, \u017ee je na tento sc\u00e9n\u00e1\u0159 p\u0159ipravena, a ozn\u00e1mila sv\u016fj z\u00e1m\u011br podniknout rozhodn\u00e9 kroky proti nepokoj\u016fm a pokusu o p\u0159evrat.<\/span><\/p>\n<p><a href=\"https:\/\/anti-spiegel.ru\/2024\/die-georgische-opposition-erkennt-die-wahlergebnisse-nicht-an-und-ruft-zu-protesten-auf\/\">Thomas R\u00f6per<\/a><\/p>\n<p><img decoding=\"async\" loading=\"lazy\" class=\"alignnone  wp-image-22016\" src=\"http:\/\/www.infokuryr.cz\/n\/wp-content\/uploads\/2023\/01\/Thomas-Roper-298x300.jpg\" alt=\"\" width=\"151\" height=\"152\" srcset=\"https:\/\/www.infokuryr.cz\/n\/wp-content\/uploads\/2023\/01\/Thomas-Roper-298x300.jpg 298w, https:\/\/www.infokuryr.cz\/n\/wp-content\/uploads\/2023\/01\/Thomas-Roper-150x150.jpg 150w, https:\/\/www.infokuryr.cz\/n\/wp-content\/uploads\/2023\/01\/Thomas-Roper.jpg 596w\" sizes=\"(max-width: 151px) 100vw, 151px\" \/><\/p>\n<p>&nbsp;<\/p>\n","protected":false},"excerpt":{"rendered":"<p>Po volebn\u00edm v\u00edt\u011bzstv\u00ed vl\u00e1dnouc\u00ed strany Gruz\u00ednsk\u00fd sen odm\u00edtly opozi\u010dn\u00ed strany uznat v\u00fdsledky voleb a ohl\u00e1sily&#8230;<\/p>\n","protected":false},"author":2,"featured_media":58242,"comment_status":"closed","ping_status":"closed","sticky":false,"template":"","format":"standard","meta":[],"categories":[7],"tags":[381,441,95,27],"_links":{"self":[{"href":"https:\/\/www.infokuryr.cz\/n\/wp-json\/wp\/v2\/posts\/65006"}],"collection":[{"href":"https:\/\/www.infokuryr.cz\/n\/wp-json\/wp\/v2\/posts"}],"about":[{"href":"https:\/\/www.infokuryr.cz\/n\/wp-json\/wp\/v2\/types\/post"}],"author":[{"embeddable":true,"href":"https:\/\/www.infokuryr.cz\/n\/wp-json\/wp\/v2\/users\/2"}],"replies":[{"embeddable":true,"href":"https:\/\/www.infokuryr.cz\/n\/wp-json\/wp\/v2\/comments?post=65006"}],"version-history":[{"count":0,"href":"https:\/\/www.infokuryr.cz\/n\/wp-json\/wp\/v2\/posts\/65006\/revisions"}],"wp:featuredmedia":[{"embeddable":true,"href":"https:\/\/www.infokuryr.cz\/n\/wp-json\/wp\/v2\/media\/58242"}],"wp:attachment":[{"href":"https:\/\/www.infokuryr.cz\/n\/wp-json\/wp\/v2\/media?parent=65006"}],"wp:term":[{"taxonomy":"category","embeddable":true,"href":"https:\/\/www.infokuryr.cz\/n\/wp-json\/wp\/v2\/categories?post=65006"},{"taxonomy":"post_tag","embeddable":true,"href":"https:\/\/www.infokuryr.cz\/n\/wp-json\/wp\/v2\/tags?post=65006"}],"curies":[{"name":"wp","href":"https:\/\/api.w.org\/{rel}","templated":true}]}}