{"id":65004,"date":"2024-10-27T05:24:51","date_gmt":"2024-10-27T04:24:51","guid":{"rendered":"https:\/\/www.infokuryr.cz\/n\/?p=65004"},"modified":"2024-10-27T05:24:51","modified_gmt":"2024-10-27T04:24:51","slug":"iran-vyzyva-radu-bezpecnosti-osn-aby-v-souvislosti-s-izraelskym-uderem-svolala-zasedani","status":"publish","type":"post","link":"https:\/\/www.infokuryr.cz\/n\/2024\/10\/27\/iran-vyzyva-radu-bezpecnosti-osn-aby-v-souvislosti-s-izraelskym-uderem-svolala-zasedani\/","title":{"rendered":"\u00cdr\u00e1n vyz\u00fdv\u00e1 Radu bezpe\u010dnosti OSN, aby v souvislosti s izraelsk\u00fdm \u00faderem svolala zased\u00e1n\u00ed"},"content":{"rendered":"<div id=\"fb-root\"><\/div>\n<p class=\"lead\"><strong>Teher\u00e1n \u017e\u00e1d\u00e1 o svol\u00e1n\u00ed mimo\u0159\u00e1dn\u00e9ho zased\u00e1n\u00ed Rady bezpe\u010dnosti OSN v souvislosti s izraelsk\u00fdm \u00faderem, ozn\u00e1mila \u00edr\u00e1nsk\u00e1 st\u00e1l\u00e1 mise u sv\u011btov\u00e9 organizace.<\/strong><\/p>\n<p><em>&#8222;\u00cdr\u00e1n \u017e\u00e1d\u00e1 prezidenta Rady bezpe\u010dnosti (\u0160v\u00fdcarsko), aby svolal mimo\u0159\u00e1dn\u00e9 zased\u00e1n\u00ed k \u0159e\u0161en\u00ed tohoto hrub\u00e9ho poru\u0161en\u00ed a nez\u00e1konn\u00fdch akc\u00ed a zajistil, \u017ee tento zlo\u010dinn\u00fd re\u017eim bude pohn\u00e1n k odpov\u011bdnosti,&#8220;<span class=\"after-quote\">\u00a0&#8211; uvedl st\u00e1l\u00e9 posl\u00e1n\u00ed.<\/span><\/em><\/p>\n<p><span>\u00cdr\u00e1n tak\u00e9 vyzval gener\u00e1ln\u00edho tajemn\u00edka OSN\u00a0<\/span><strong><span>Ant\u00f3nia Guterrese<\/span><\/strong><span> a Radu bezpe\u010dnosti, aby \u201ezaujali pevn\u00e9 stanovisko a d\u016frazn\u011b a jednozna\u010dn\u011b odsoudili\u201c Izrael, a uk\u00e1zali, \u017ee \u201ek\u0159iklav\u00e1 poru\u0161en\u00ed mezin\u00e1rodn\u00edho pr\u00e1va a Charty OSN\u201c nez\u016fstanou bez odezvy.<\/span><\/p>\n<p><span>V noci 26. \u0159\u00edjna za\u00fato\u010dila izraelsk\u00e1 arm\u00e1da na \u00edr\u00e1nsk\u00e9 vojensk\u00e9 c\u00edle. Izraelsk\u00fd prezident\u00a0<\/span><strong><span>Isaac Herzog<\/span><\/strong><span>\u00a0uvedl, \u017ee c\u00edl\u016f bylo dosa\u017eeno. \u00cdr\u00e1nsk\u00e9 s\u00edly protivzdu\u0161n\u00e9 obrany uvedly, \u017ee \u00fatok zp\u016fsobil \u201eomezen\u00e9 \u0161kody\u201c. V d\u016fsledku toho byli zabiti \u010dty\u0159i \u00edr\u00e1n\u0161t\u00ed voj\u00e1ci. \u00cdr\u00e1nsk\u00fd prezident\u00a0<\/span><strong><span>Masoud Pezeshkian<\/span><\/strong><span>\u00a0ozn\u00e1mil, \u017ee je p\u0159ipraven poskytnout \u201evyv\u00e1\u017eenou a promy\u0161lenou\u201c odpov\u011b\u010f na izraelsk\u00fd \u00fatok, p\u0159ipom\u00edn\u00e1 RBC.<\/span><\/p>\n<p><img decoding=\"async\" loading=\"lazy\" class=\"alignnone size-full wp-image-1185\" src=\"http:\/\/www.infokuryr.cz\/n\/wp-content\/uploads\/2021\/04\/kuryr-podpis.png\" alt=\"\" width=\"84\" height=\"24\" \/><\/p>\n<p>&nbsp;<\/p>\n","protected":false},"excerpt":{"rendered":"<p>Teher\u00e1n \u017e\u00e1d\u00e1 o svol\u00e1n\u00ed mimo\u0159\u00e1dn\u00e9ho zased\u00e1n\u00ed Rady bezpe\u010dnosti OSN v souvislosti s izraelsk\u00fdm \u00faderem, ozn\u00e1mila&#8230;<\/p>\n","protected":false},"author":2,"featured_media":44556,"comment_status":"closed","ping_status":"closed","sticky":false,"template":"","format":"standard","meta":[],"categories":[7],"tags":[38,107,186,1408],"_links":{"self":[{"href":"https:\/\/www.infokuryr.cz\/n\/wp-json\/wp\/v2\/posts\/65004"}],"collection":[{"href":"https:\/\/www.infokuryr.cz\/n\/wp-json\/wp\/v2\/posts"}],"about":[{"href":"https:\/\/www.infokuryr.cz\/n\/wp-json\/wp\/v2\/types\/post"}],"author":[{"embeddable":true,"href":"https:\/\/www.infokuryr.cz\/n\/wp-json\/wp\/v2\/users\/2"}],"replies":[{"embeddable":true,"href":"https:\/\/www.infokuryr.cz\/n\/wp-json\/wp\/v2\/comments?post=65004"}],"version-history":[{"count":0,"href":"https:\/\/www.infokuryr.cz\/n\/wp-json\/wp\/v2\/posts\/65004\/revisions"}],"wp:featuredmedia":[{"embeddable":true,"href":"https:\/\/www.infokuryr.cz\/n\/wp-json\/wp\/v2\/media\/44556"}],"wp:attachment":[{"href":"https:\/\/www.infokuryr.cz\/n\/wp-json\/wp\/v2\/media?parent=65004"}],"wp:term":[{"taxonomy":"category","embeddable":true,"href":"https:\/\/www.infokuryr.cz\/n\/wp-json\/wp\/v2\/categories?post=65004"},{"taxonomy":"post_tag","embeddable":true,"href":"https:\/\/www.infokuryr.cz\/n\/wp-json\/wp\/v2\/tags?post=65004"}],"curies":[{"name":"wp","href":"https:\/\/api.w.org\/{rel}","templated":true}]}}