{"id":64971,"date":"2024-10-27T00:37:34","date_gmt":"2024-10-26T22:37:34","guid":{"rendered":"https:\/\/www.infokuryr.cz\/n\/?p=64971"},"modified":"2024-10-26T15:24:20","modified_gmt":"2024-10-26T13:24:20","slug":"svedske-imigracni-gangy-eskaluji-matka-vudce-gangu-popravena","status":"publish","type":"post","link":"https:\/\/www.infokuryr.cz\/n\/2024\/10\/27\/svedske-imigracni-gangy-eskaluji-matka-vudce-gangu-popravena\/","title":{"rendered":"\u0160v\u00e9dsk\u00e9 imigra\u010dn\u00ed gangy eskaluj\u00ed: matka v\u016fdce gangu popravena"},"content":{"rendered":"<div id=\"fb-root\"><\/div>\n<p><strong>Zlo\u010din gang\u016f ve \u0160v\u00e9dsku nad\u00e1le eskaluje. Nyn\u00ed se st\u00e1le \u010dast\u011bji st\u00e1vaj\u00ed c\u00edlem rodinn\u00ed p\u0159\u00edslu\u0161n\u00edci zahrani\u010dn\u00edch \u010dlen\u016f gangu. A \u0161v\u00e9dsk\u00e9 bezpe\u010dnostn\u00ed org\u00e1ny? Kapituluj\u00ed p\u0159ed ve\u0161ker\u00fdm importovan\u00fdm n\u00e1sil\u00edm.<\/strong><\/p>\n<p>V \u00fater\u00fd ve\u010der byla ve Stockholmu zast\u0159elena 60let\u00e1 matka zn\u00e1m\u00e9ho gangstera, kdy\u017e ve \u0160v\u00e9dsku eskalovala kriminalita gang\u016f. Incident v severn\u00edm okrese Akalla p\u0159edstavuje dal\u0161\u00ed ponur\u00e9 vyvrcholen\u00ed spir\u00e1ly n\u00e1sil\u00ed, kter\u00e1 skandin\u00e1vskou zemi sv\u00edr\u00e1 u\u017e m\u011bs\u00edce.<\/p>\n<p>K \u010dinu do\u0161lo kolem 19. hodiny v obytn\u00e9m dom\u011b. Kdy\u017e policie dorazila na m\u00edsto, policist\u00e9 mohli pouze\u00a0<a href=\"https:\/\/www.svt.se\/nyheter\/lokalt\/stockholm\/grovt-brott-inomhus-i-akalla-polisinsats-pagar\">konstatovat, \u017ee \u017eena zem\u0159ela na st\u0159eln\u00e1 zran\u011bn\u00ed<\/a> . Vy\u0161et\u0159ovatel\u00e9 jsou st\u00e1le na svobod\u011b \u2013 zat\u00edm nebyli zat\u010deni. Renomovan\u00fd krimin\u00e1ln\u00ed report\u00e9r Diamant Salihu varuje p\u0159ed d\u016fsledky: \u201eSituace je vysoce v\u00fdbu\u0161n\u00e1. Mus\u00edme o\u010dek\u00e1vat v\u0161echno.\u201c Jeho obavy nejsou neopodstatn\u011bn\u00e9. Jen loni vedla vra\u017eda matky gangstera Ismaela Abda v Uppsale ke krvav\u00e9 vln\u011b odvety.<\/p>\n<p>Eskalace n\u00e1sil\u00ed nab\u00fdv\u00e1 d\u011bsiv\u00fdch rozm\u011br\u016f. Samotn\u00fd po\u010det \u00fatok\u016f ru\u010dn\u00edmi gran\u00e1ty se v roce 2024 v\u00edce ne\u017e zdvojn\u00e1sobil \u2013 do poloviny \u0159\u00edjna to bylo 22 p\u0159\u00edpad\u016f ve srovn\u00e1n\u00ed s dev\u00edti v lo\u0148sk\u00e9m roce. \u00da\u0159ady ji\u017e na hranic\u00edch zabavily 30 ru\u010dn\u00edch gran\u00e1t\u016f, v roce 2023 ani jeden.<\/p>\n<p>Obzvl\u00e1\u0161t\u011b znepokojiv\u00fd je trend, \u017ee nezletil\u00ed jsou st\u00e1le v\u00edce naj\u00edm\u00e1ni k n\u00e1siln\u00fdm trestn\u00fdm \u010din\u016fm. P\u0159\u00edklad: po\u010d\u00e1tkem tohoto m\u011bs\u00edce byl zat\u010den teenager pot\u00e9, co v Malm\u00f6 zast\u0159elil mu\u017ee ve v\u011bku 50 let, co\u017e je pova\u017eov\u00e1no za p\u0159\u00edpad chybn\u00e9 identity. V kv\u011btnu byl zat\u010den 18let\u00fd ir\u00e1ck\u00fd migrant za \u00fadajn\u00e9 zast\u0159elen\u00ed Pol\u00e1ka Mikaela Janick\u00e9ho p\u0159ed zraky jeho 12let\u00e9ho syna.<\/p>\n<p>St\u0159edoprav\u00e1 vl\u00e1da podporovan\u00e1 pravicov\u00fdmi konzervativn\u00edmi \u0160v\u00e9dsk\u00fdmi demokraty reaguje p\u0159\u00edsn\u011bj\u0161\u00edmi z\u00e1kony a p\u0159\u00edsn\u011bj\u0161\u00edmi tresty pro zlo\u010dince gang\u016f. \u00da\u010dinnost t\u011bchto opat\u0159en\u00ed je v\u0161ak vystavena zkou\u0161ce, proto\u017ee n\u00e1sil\u00ed st\u00e1le eskaluje a p\u0159ihl\u00ed\u017eej\u00edc\u00ed jsou st\u00e1le \u010dast\u011bji ter\u010dem \u00fatok\u016f. Posledn\u00ed krvav\u00fd po\u010din v Akalle znovu ukazuje d\u011bsiv\u00fd v\u00fdvoj: zlo\u010din \u0161v\u00e9dsk\u00fdch gang\u016f u\u017e nezn\u00e1 hranic \u2013 nezastav\u00ed se ani u rodin soupe\u0159\u016f.<\/p>\n<p><img decoding=\"async\" loading=\"lazy\" class=\"alignnone size-full wp-image-1185\" src=\"http:\/\/www.infokuryr.cz\/n\/wp-content\/uploads\/2021\/04\/kuryr-podpis.png\" alt=\"\" width=\"84\" height=\"24\" \/><\/p>\n<p>&nbsp;<\/p>\n","protected":false},"excerpt":{"rendered":"<p>Zlo\u010din gang\u016f ve \u0160v\u00e9dsku nad\u00e1le eskaluje. Nyn\u00ed se st\u00e1le \u010dast\u011bji st\u00e1vaj\u00ed c\u00edlem rodinn\u00ed p\u0159\u00edslu\u0161n\u00edci zahrani\u010dn\u00edch&#8230;<\/p>\n","protected":false},"author":2,"featured_media":43196,"comment_status":"closed","ping_status":"closed","sticky":false,"template":"","format":"standard","meta":[],"categories":[7],"tags":[1791,369,124,1205],"_links":{"self":[{"href":"https:\/\/www.infokuryr.cz\/n\/wp-json\/wp\/v2\/posts\/64971"}],"collection":[{"href":"https:\/\/www.infokuryr.cz\/n\/wp-json\/wp\/v2\/posts"}],"about":[{"href":"https:\/\/www.infokuryr.cz\/n\/wp-json\/wp\/v2\/types\/post"}],"author":[{"embeddable":true,"href":"https:\/\/www.infokuryr.cz\/n\/wp-json\/wp\/v2\/users\/2"}],"replies":[{"embeddable":true,"href":"https:\/\/www.infokuryr.cz\/n\/wp-json\/wp\/v2\/comments?post=64971"}],"version-history":[{"count":1,"href":"https:\/\/www.infokuryr.cz\/n\/wp-json\/wp\/v2\/posts\/64971\/revisions"}],"predecessor-version":[{"id":64972,"href":"https:\/\/www.infokuryr.cz\/n\/wp-json\/wp\/v2\/posts\/64971\/revisions\/64972"}],"wp:featuredmedia":[{"embeddable":true,"href":"https:\/\/www.infokuryr.cz\/n\/wp-json\/wp\/v2\/media\/43196"}],"wp:attachment":[{"href":"https:\/\/www.infokuryr.cz\/n\/wp-json\/wp\/v2\/media?parent=64971"}],"wp:term":[{"taxonomy":"category","embeddable":true,"href":"https:\/\/www.infokuryr.cz\/n\/wp-json\/wp\/v2\/categories?post=64971"},{"taxonomy":"post_tag","embeddable":true,"href":"https:\/\/www.infokuryr.cz\/n\/wp-json\/wp\/v2\/tags?post=64971"}],"curies":[{"name":"wp","href":"https:\/\/api.w.org\/{rel}","templated":true}]}}