{"id":64964,"date":"2024-10-27T00:32:33","date_gmt":"2024-10-26T22:32:33","guid":{"rendered":"https:\/\/www.infokuryr.cz\/n\/?p=64964"},"modified":"2024-10-26T14:53:24","modified_gmt":"2024-10-26T12:53:24","slug":"caitlin-johnstoneova-kdyz-se-holocaust-vratil-odsuzoval-antisemitismus-a-nosil-davidovu-hvezdu","status":"publish","type":"post","link":"https:\/\/www.infokuryr.cz\/n\/2024\/10\/27\/caitlin-johnstoneova-kdyz-se-holocaust-vratil-odsuzoval-antisemitismus-a-nosil-davidovu-hvezdu\/","title":{"rendered":"Caitlin Johnstoneov\u00e1: Kdy\u017e se holocaust vr\u00e1til, odsuzoval antisemitismus a nosil Davidovu hv\u011bzdu"},"content":{"rendered":"<div id=\"fb-root\"><\/div>\n<div class=\"elementor-element elementor-element-1fb4c2c elementor-widget elementor-widget-theme-post-content\" data-id=\"1fb4c2c\" data-element_type=\"widget\" data-widget_type=\"theme-post-content.default\">\n<div class=\"elementor-widget-container\">\n<p><span>Muselo to vypadat jinak. Kdyby to nevypadalo jinak, nikdy bychom to nepustili do dve\u0159\u00ed.<\/span><\/p>\n<p><span>Kdy\u017e se holocaust vr\u00e1til, odsuzoval antisemitismus a nosil Davidovu hv\u011bzdu.<\/span><\/p>\n<p><span>Nikdy by nevypadal tak, jak jsme o\u010dek\u00e1vali. Neuk\u00e1zal by se ve sv\u00e9m zn\u00e1m\u00e9m kost\u00fdmu se zak\u0159iven\u00fdm k\u0159\u00ed\u017eem a drobn\u00fdm kn\u00edrkem a nesvaloval v\u0161echny probl\u00e9my na \u017didy.\u00a0<\/span><\/p>\n<p><span>Musela vypadat jinak. Kdyby to nevypadalo jinak, nikdy bychom to nedali do prodeje.<\/span><\/p>\n<p><span>A to je to, co spoustu lid\u00ed d\u011bs\u00ed: vypad\u00e1 to jinak. Nevypad\u00e1 to jako v\u0161echny filmy z druh\u00e9 sv\u011btov\u00e9 v\u00e1lky a rom\u00e1ny o holocaustu, na kter\u00e9 jsme byli zvykl\u00ed b\u00fdt opatrn\u00ed. Ve skute\u010dnosti to vypad\u00e1 tak odli\u0161n\u011b, \u017ee ob\u011bti v minul\u00e9m p\u0159\u00edb\u011bhu maj\u00ed stejn\u00e9 n\u00e1bo\u017eenstv\u00ed jako antagonist\u00e9 v nov\u00e9m p\u0159\u00edb\u011bhu.<\/span><\/p>\n<p><em><span>Izraelsk\u00fd osadn\u00edk ukazuje na Gazu a \u0159\u00edk\u00e1, \u017ee je to jako \u0159ez do t\u011bla. \u201ePokud m\u00e1te \u0159ez, mus\u00edte odstranit z\u00e1n\u011bt. Pak bude zase \u010disto\u2026\u201c Tak popisuje etnick\u00e9 \u010distky Palestinc\u016f.<\/span><\/em><\/p>\n<div class=\"twitter-tweet twitter-tweet-rendered\"><iframe id=\"twitter-widget-0\" class=\"\" title=\"X Post\" src=\"https:\/\/platform.twitter.com\/embed\/Tweet.html?dnt=false&amp;embedId=twitter-widget-0&amp;features=eyJ0ZndfdGltZWxpbmVfbGlzdCI6eyJidWNrZXQiOltdLCJ2ZXJzaW9uIjpudWxsfSwidGZ3X2ZvbGxvd2VyX2NvdW50X3N1bnNldCI6eyJidWNrZXQiOnRydWUsInZlcnNpb24iOm51bGx9LCJ0ZndfdHdlZXRfZWRpdF9iYWNrZW5kIjp7ImJ1Y2tldCI6Im9uIiwidmVyc2lvbiI6bnVsbH0sInRmd19yZWZzcmNfc2Vzc2lvbiI6eyJidWNrZXQiOiJvbiIsInZlcnNpb24iOm51bGx9LCJ0ZndfZm9zbnJfc29mdF9pbnRlcnZlbnRpb25zX2VuYWJsZWQiOnsiYnVja2V0Ijoib24iLCJ2ZXJzaW9uIjpudWxsfSwidGZ3X21peGVkX21lZGlhXzE1ODk3Ijp7ImJ1Y2tldCI6InRyZWF0bWVudCIsInZlcnNpb24iOm51bGx9LCJ0ZndfZXhwZXJpbWVudHNfY29va2llX2V4cGlyYXRpb24iOnsiYnVja2V0IjoxMjA5NjAwLCJ2ZXJzaW9uIjpudWxsfSwidGZ3X3Nob3dfYmlyZHdhdGNoX3Bpdm90c19lbmFibGVkIjp7ImJ1Y2tldCI6Im9uIiwidmVyc2lvbiI6bnVsbH0sInRmd19kdXBsaWNhdGVfc2NyaWJlc190b19zZXR0aW5ncyI6eyJidWNrZXQiOiJvbiIsInZlcnNpb24iOm51bGx9LCJ0ZndfdXNlX3Byb2ZpbGVfaW1hZ2Vfc2hhcGVfZW5hYmxlZCI6eyJidWNrZXQiOiJvbiIsInZlcnNpb24iOm51bGx9LCJ0ZndfdmlkZW9faGxzX2R5bmFtaWNfbWFuaWZlc3RzXzE1MDgyIjp7ImJ1Y2tldCI6InRydWVfYml0cmF0ZSIsInZlcnNpb24iOm51bGx9LCJ0ZndfbGVnYWN5X3RpbWVsaW5lX3N1bnNldCI6eyJidWNrZXQiOnRydWUsInZlcnNpb24iOm51bGx9LCJ0ZndfdHdlZXRfZWRpdF9mcm9udGVuZCI6eyJidWNrZXQiOiJvbiIsInZlcnNpb24iOm51bGx9fQ%3D%3D&amp;frame=false&amp;hideCard=false&amp;hideThread=false&amp;id=1848630588862861378&amp;lang=cs&amp;origin=https%3A%2F%2Funcutnews.ch%2Fals-der-holocaust-zurueckkam-prangerte-er-den-antisemitismus-an-und-trug-einen-davidsstern%2F&amp;sessionId=9035fab9e43416b5e5915ac0045fbef4e20edbd4&amp;theme=light&amp;widgetsVersion=2615f7e52b7e0%3A1702314776716&amp;width=550px\" frameborder=\"0\" scrolling=\"no\" allowfullscreen=\"allowfullscreen\" data-tweet-id=\"1848630588862861378\" data-mce-fragment=\"1\"><\/iframe><\/div>\n<p><span>Star\u00fd aforismus \u201ehistorie se neopakuje, ale \u010dasto se r\u00fdmuje\u201c je pravdiv\u00fd, proto\u017ee lid\u00e9 nemaj\u00ed tendenci d\u011blat stejnou chybu dvakr\u00e1t stejn\u00fdm zp\u016fsobem, ale podm\u00edn\u011bnost, kter\u00e1 je p\u0159im\u011bla ud\u011blat prvn\u00ed chybu, je k tomu \u010dasto p\u0159im\u011bje. v\u00e9st k druh\u00e9, podobn\u00e9 chyb\u011b. V\u0161ichni jsme se p\u0159\u00edli\u0161 sezn\u00e1mili s nacistick\u00fdm vyhlazovac\u00edm programem, ne\u017e abychom je\u0161t\u011b n\u011bkdy dovolili \u017didy shroma\u017e\u010fovat a nakl\u00e1dat do vlak\u016f, ale ani jsme z na\u0161\u00ed civilizace nevym\u00fdtili v\u0161echnu vra\u017edu, nen\u00e1vist a tyranii, kterou to umo\u017enilo. Proto byl tento nov\u00fd holocaust povolen.<\/span><\/p>\n<p><span>V\u0161ichni jsme byli nuceni hledat dal\u0161\u00edho Hitlera, ale nov\u00fd Hitler u\u017e nikdy nebude. Byli jsme tak soust\u0159ed\u011bni na hled\u00e1n\u00ed Hitlera, kter\u00fd nikdy nep\u0159ich\u00e1z\u00ed, \u017ee si toho mnoz\u00ed z n\u00e1s nev\u0161imli, kdy\u017e jsme za\u010dali zp\u00edvat ver\u0161e, kter\u00e9 se r\u00fdmuj\u00ed s t\u011bmi, kter\u00e9 jsme sly\u0161eli v N\u011bmecku p\u0159ed osmi desetilet\u00edmi.<\/span><\/p>\n<p><span>Lid\u00e9 p\u0159edpokl\u00e1daj\u00ed, \u017ee to, co se d\u011bje v Gaze, nem\u016f\u017ee b\u00fdt skute\u010dnou genocidou, proto\u017ee m\u00e9dia a politici obou stran neust\u00e1le tvrd\u00ed, \u017ee tomu tak nen\u00ed;<\/span><\/p>\n<p><span>&#8222;Nem\u016f\u017ee to b\u00fdt tak, jak to vypad\u00e1,&#8220; \u0159\u00edkaj\u00ed lid\u00e9. &#8222;Kdyby ano, sly\u0161eli bychom o tom ve zpr\u00e1v\u00e1ch.&#8220;<\/span><\/p>\n<p><span>Padou\u0161i v tomto nov\u00e9m p\u0159\u00edb\u011bhu nevypadaj\u00ed v\u016fbec jako padou\u0161i ve star\u00e9m p\u0159\u00edb\u011bhu, a pokud jste spr\u00e1vn\u011b indoktrinovan\u00fd Z\u00e1pa\u010fan, mo\u017en\u00e1 nebudete jako padou\u0161i v\u016fbec vypadat. Mohou jen vypadat jako \u017did\u00e9, kte\u0159\u00ed se br\u00e1n\u00ed terorist\u016fm a z\u00e1padn\u00ed vl\u00e1dy spr\u00e1vn\u011b br\u00e1n\u00ed sv\u00e9ho drah\u00e9ho spojence \u2013 co\u017e by m\u011bli d\u011blat, pokud cht\u011bj\u00ed zabr\u00e1nit dal\u0161\u00edmu holocaustu!<\/span><\/p>\n<p><span>Ale pr\u00e1v\u011b tento chybn\u00fd \u00fasudek umo\u017e\u0148uje dne\u0161n\u00ed holocaust. Toto masov\u00e9 zv\u011brstvo je tolerov\u00e1no velk\u00fdmi \u010d\u00e1stmi populace pr\u00e1v\u011b proto, \u017ee pova\u017eujeme za ne\u00fanosn\u00e9, \u017ee velk\u00e9 mno\u017estv\u00ed \u017did\u016f zab\u00edj\u00ed ti, kte\u0159\u00ed je nen\u00e1vid\u00ed. Nedok\u00e1\u017eeme pochopit, \u017ee lid\u00e9 zabit\u00ed 7. \u0159\u00edjna nebyli zabiti kv\u016fli sv\u00e9mu n\u00e1bo\u017eenstv\u00ed, ale proto\u017ee byli sou\u010d\u00e1st\u00ed kolonialistick\u00e9ho projektu zalo\u017een\u00e9ho na pokra\u010duj\u00edc\u00edm zneu\u017e\u00edv\u00e1n\u00ed ji\u017e existuj\u00edc\u00edho domorod\u00e9ho obyvatelstva.<\/span><\/p>\n<p><em><span>&#8222;Jen si mysl\u00edm, \u017ee je mus\u00edme zab\u00edt.&#8220; Ka\u017ed\u00fd z nich.\u201c Genocidn\u00ed Izraelec na Sky News<\/span><\/em><\/p>\n<div class=\"twitter-tweet twitter-tweet-rendered\"><iframe id=\"twitter-widget-1\" class=\"\" title=\"X Post\" src=\"https:\/\/platform.twitter.com\/embed\/Tweet.html?dnt=false&amp;embedId=twitter-widget-1&amp;features=eyJ0ZndfdGltZWxpbmVfbGlzdCI6eyJidWNrZXQiOltdLCJ2ZXJzaW9uIjpudWxsfSwidGZ3X2ZvbGxvd2VyX2NvdW50X3N1bnNldCI6eyJidWNrZXQiOnRydWUsInZlcnNpb24iOm51bGx9LCJ0ZndfdHdlZXRfZWRpdF9iYWNrZW5kIjp7ImJ1Y2tldCI6Im9uIiwidmVyc2lvbiI6bnVsbH0sInRmd19yZWZzcmNfc2Vzc2lvbiI6eyJidWNrZXQiOiJvbiIsInZlcnNpb24iOm51bGx9LCJ0ZndfZm9zbnJfc29mdF9pbnRlcnZlbnRpb25zX2VuYWJsZWQiOnsiYnVja2V0Ijoib24iLCJ2ZXJzaW9uIjpudWxsfSwidGZ3X21peGVkX21lZGlhXzE1ODk3Ijp7ImJ1Y2tldCI6InRyZWF0bWVudCIsInZlcnNpb24iOm51bGx9LCJ0ZndfZXhwZXJpbWVudHNfY29va2llX2V4cGlyYXRpb24iOnsiYnVja2V0IjoxMjA5NjAwLCJ2ZXJzaW9uIjpudWxsfSwidGZ3X3Nob3dfYmlyZHdhdGNoX3Bpdm90c19lbmFibGVkIjp7ImJ1Y2tldCI6Im9uIiwidmVyc2lvbiI6bnVsbH0sInRmd19kdXBsaWNhdGVfc2NyaWJlc190b19zZXR0aW5ncyI6eyJidWNrZXQiOiJvbiIsInZlcnNpb24iOm51bGx9LCJ0ZndfdXNlX3Byb2ZpbGVfaW1hZ2Vfc2hhcGVfZW5hYmxlZCI6eyJidWNrZXQiOiJvbiIsInZlcnNpb24iOm51bGx9LCJ0ZndfdmlkZW9faGxzX2R5bmFtaWNfbWFuaWZlc3RzXzE1MDgyIjp7ImJ1Y2tldCI6InRydWVfYml0cmF0ZSIsInZlcnNpb24iOm51bGx9LCJ0ZndfbGVnYWN5X3RpbWVsaW5lX3N1bnNldCI6eyJidWNrZXQiOnRydWUsInZlcnNpb24iOm51bGx9LCJ0ZndfdHdlZXRfZWRpdF9mcm9udGVuZCI6eyJidWNrZXQiOiJvbiIsInZlcnNpb24iOm51bGx9fQ%3D%3D&amp;frame=false&amp;hideCard=false&amp;hideThread=false&amp;id=1848768251750212062&amp;lang=cs&amp;origin=https%3A%2F%2Funcutnews.ch%2Fals-der-holocaust-zurueckkam-prangerte-er-den-antisemitismus-an-und-trug-einen-davidsstern%2F&amp;sessionId=9035fab9e43416b5e5915ac0045fbef4e20edbd4&amp;theme=light&amp;widgetsVersion=2615f7e52b7e0%3A1702314776716&amp;width=550px\" frameborder=\"0\" scrolling=\"no\" allowfullscreen=\"allowfullscreen\" data-tweet-id=\"1848768251750212062\" data-mce-fragment=\"1\"><\/iframe><\/div>\n<p><span>Lid\u00e9 obhajuj\u00ed izraelsk\u00e9 \u010diny na z\u00e1klad\u011b toho, \u017ee Izrael m\u00e1 d\u016fvody d\u011blat v\u011bci tak, jak to d\u011bl\u00e1. Pot\u0159ebuj\u00ed\u00a0<\/span><strong><em><span>bombardovat<\/span><\/em><\/strong><span>\u00a0Gazu \u2013 utrp\u011bli nevyprovokovan\u00fd \u00fatok skupiny zl\u00fdch terorist\u016f. Mus\u00ed\u00a0<\/span><strong><em><span>vybombardovat<\/span><\/em><\/strong><span>\u00a0v\u0161echny nemocnice, \u0161koly a me\u0161ity \u2013 tam se skr\u00fdv\u00e1 Hamas. Mus\u00ed\u00a0<\/span><strong><em><span>bombardovat<\/span><\/em><\/strong><span>\u00a0oblasti, kter\u00e9 jsou pln\u00e9 d\u011bt\u00ed \u2013 Hamas tyto d\u011bti pou\u017e\u00edv\u00e1 jako lidsk\u00e9 \u0161t\u00edty.<\/span><\/p>\n<p><span>Ale ti, kdo p\u00e1chaj\u00ed masov\u00e1 zv\u011brstva, jsou\u00a0za sv\u00e9 \u010diny\u00a0<\/span><strong><em><span>v\u017edy ospravedln\u011bni.\u00a0<\/span><\/em><\/strong><strong><em><span>V\u017edy maj\u00ed<\/span><\/em><\/strong><span>\u00a0pro\u00a0sv\u00e9 \u010diny d\u016fvody.\u00a0<\/span><strong><em><span>V\u017edy \u0159\u00edkaj\u00ed<\/span><\/em><\/strong><span>\u00a0,\u00a0\u017ee je to nutn\u00fd akt sebez\u00e1chovy;<\/span><\/p>\n<p><span>Takhle by v\u017edy vypadal p\u0159\u00ed\u0161t\u00ed holocaust. U\u017e nikdy nebudou \u017e\u00e1dn\u00ed nov\u00ed padou\u0161i, kte\u0159\u00ed by se chechtali a kroutili kn\u00edry a \u0159\u00edkali: \u201eHaha, jsme zl\u00ed! Zabijme spoustu lid\u00ed, proto\u017ee jsme zl\u00ed!\u201c V\u017edy se budou zobrazovat jako hrdinov\u00e9 a ob\u011bti a druh\u00e1 strana jako dareb\u00e1ci a ob\u011bti. V\u017edy uvedou \u0159adu d\u016fvod\u016f, pro\u010d to, co d\u011blaj\u00ed, je vlastn\u011b dobr\u00e9 a spravedliv\u00e9, i kdy\u017e to na prvn\u00ed pohled vypad\u00e1 \u0161patn\u011b.<\/span><\/p>\n<p><span>Pokud chceme zabr\u00e1nit genocidn\u00edm zv\u011brstv\u016fm, mus\u00edme b\u00fdt schopni vid\u011bt, co se d\u011bje v re\u00e1ln\u00e9m \u010dase, a to nem\u016f\u017eeme, pokud o\u010dek\u00e1v\u00e1me, \u017ee se objev\u00ed ve zn\u00e1m\u00e9m a okam\u017eit\u011b rozpoznateln\u00e9m bal\u00ed\u010dku. Mus\u00edme b\u00fdt schopni vid\u011bt skrz manipulace a ospravedln\u011bn\u00ed tady a te\u010f, abychom to v\u0161echno mohli zastavit, ne\u017e \u010dekat, a\u017e to historie posoud\u00ed v na\u0161em zp\u011btn\u00e9m zrc\u00e1tku pot\u00e9, co se to u\u017e stalo.<\/span><\/p>\n<p><span>Toto uv\u011bdom\u011bn\u00ed je d\u016fle\u017eit\u00e9, pokud jde o z\u00e1chranu Gazy, a je tak\u00e9 d\u016fle\u017eit\u00e9, pokud jde o prevenci holocaustu budoucnosti. Nikdy nebudou vypadat jako holocausty minulosti. Budou se odehr\u00e1vat v dosud nev\u00eddan\u00e9 podob\u011b a pro sv\u00e9 nastudov\u00e1n\u00ed budou m\u00edt r\u016fzn\u00e1 opodstatn\u011bn\u00ed. Ale budou se r\u00fdmovat. A to mus\u00edme b\u00fdt schopni rozpoznat, kdy\u017e se to stane.<\/span><\/p>\n<p><em>Caitlin Johnstoneov\u00e1<\/em><\/p>\n<\/div>\n<\/div>\n<div class=\"elementor-element elementor-element-8c57238 quelle dc-has-condition dc-condition-empty elementor-widget elementor-widget-heading\" data-id=\"8c57238\" data-element_type=\"widget\" data-widget_type=\"heading.default\">\n<div class=\"elementor-widget-container\">\n<h3 class=\"elementor-heading-title elementor-size-default\"><span style=\"font-size: 10pt;\"><a href=\"https:\/\/caitlinjohnstone.com.au\/2024\/10\/23\/when-the-holocaust-returned-it-came-denouncing-anti-semitism-and-wearing-a-star-of-david\/\" target=\"_blank\" rel=\"nofollow noopener\">Zdroj<\/a><\/span><\/h3>\n<p>&nbsp;<\/p>\n<\/div>\n<\/div>\n","protected":false},"excerpt":{"rendered":"<p>Muselo to vypadat jinak. Kdyby to nevypadalo jinak, nikdy bychom to nepustili do dve\u0159\u00ed. Kdy\u017e&#8230;<\/p>\n","protected":false},"author":2,"featured_media":61622,"comment_status":"closed","ping_status":"closed","sticky":false,"template":"","format":"standard","meta":[],"categories":[7],"tags":[178,810,107,1503],"_links":{"self":[{"href":"https:\/\/www.infokuryr.cz\/n\/wp-json\/wp\/v2\/posts\/64964"}],"collection":[{"href":"https:\/\/www.infokuryr.cz\/n\/wp-json\/wp\/v2\/posts"}],"about":[{"href":"https:\/\/www.infokuryr.cz\/n\/wp-json\/wp\/v2\/types\/post"}],"author":[{"embeddable":true,"href":"https:\/\/www.infokuryr.cz\/n\/wp-json\/wp\/v2\/users\/2"}],"replies":[{"embeddable":true,"href":"https:\/\/www.infokuryr.cz\/n\/wp-json\/wp\/v2\/comments?post=64964"}],"version-history":[{"count":1,"href":"https:\/\/www.infokuryr.cz\/n\/wp-json\/wp\/v2\/posts\/64964\/revisions"}],"predecessor-version":[{"id":64965,"href":"https:\/\/www.infokuryr.cz\/n\/wp-json\/wp\/v2\/posts\/64964\/revisions\/64965"}],"wp:featuredmedia":[{"embeddable":true,"href":"https:\/\/www.infokuryr.cz\/n\/wp-json\/wp\/v2\/media\/61622"}],"wp:attachment":[{"href":"https:\/\/www.infokuryr.cz\/n\/wp-json\/wp\/v2\/media?parent=64964"}],"wp:term":[{"taxonomy":"category","embeddable":true,"href":"https:\/\/www.infokuryr.cz\/n\/wp-json\/wp\/v2\/categories?post=64964"},{"taxonomy":"post_tag","embeddable":true,"href":"https:\/\/www.infokuryr.cz\/n\/wp-json\/wp\/v2\/tags?post=64964"}],"curies":[{"name":"wp","href":"https:\/\/api.w.org\/{rel}","templated":true}]}}