{"id":64948,"date":"2024-10-26T06:09:41","date_gmt":"2024-10-26T04:09:41","guid":{"rendered":"https:\/\/www.infokuryr.cz\/n\/?p=64948"},"modified":"2024-10-26T06:09:41","modified_gmt":"2024-10-26T04:09:41","slug":"von-der-leyenova-odmitla-srbskeho-premiera-kvuli-setkani-s-ruskym-ministrem","status":"publish","type":"post","link":"https:\/\/www.infokuryr.cz\/n\/2024\/10\/26\/von-der-leyenova-odmitla-srbskeho-premiera-kvuli-setkani-s-ruskym-ministrem\/","title":{"rendered":"Von Der Leyenov\u00e1 odm\u00edtla srbsk\u00e9ho premi\u00e9ra kv\u016fli setk\u00e1n\u00ed s rusk\u00fdm ministrem"},"content":{"rendered":"<div id=\"fb-root\"><\/div>\n<p><span style=\"font-size: 18pt;\"><strong>Brusel se urazil, \u017ee se Milo\u0161 Vu\u010devi\u010d se\u0161el s rusk\u00fdm ministrem<\/strong><\/span><\/p>\n<p><span>P\u0159edsedkyn\u011b Evropsk\u00e9 komise Ursula von der Leyenov\u00e1 zru\u0161ila pl\u00e1novan\u00e1 jedn\u00e1n\u00ed se srbsk\u00fdm premi\u00e9rem Milo\u0161em Vu\u010devi\u010dem s odkazem na jeho p\u0159edchoz\u00ed setk\u00e1n\u00ed s rusk\u00fdm p\u0159edstavitelem.<\/span><\/p>\n<p><span>Von der Leyenov\u00e1 p\u0159ijela do B\u011blehradu v p\u00e1tek v r\u00e1mci sv\u00e9ho balk\u00e1nsk\u00e9ho turn\u00e9. Setkala se se srbsk\u00fdm prezidentem Aleksandarem Vu\u010di\u010dem a m\u011bla se setkat i s Vu\u010devi\u010dem.<\/span><\/p>\n<p><em><span>&#8222;Sch\u016fzku s premi\u00e9rem jsme zru\u0161ili po jeho sch\u016fzce s rusk\u00fdm ministrem hospod\u00e1\u0159stv\u00ed,&#8220;<\/span><\/em><span>\u00a0\u0159ekl agentu\u0159e AFP velvyslanec EU v Srbsku Emmanuel Gioffre s t\u00edm, \u017ee Srbsko signalizovalo z\u00e1m\u011br\u00a0<\/span><em><span>&#8222;pos\u00edlit sv\u00e9 hospod\u00e1\u0159sk\u00e9 vztahy s Ruskem&#8220;.<\/span><\/em><\/p>\n<p><span>Vu\u010devi\u010d se setkal s rusk\u00fdm ministrem hospod\u00e1\u0159sk\u00e9ho rozvoje Maksimem Re\u0161etnikovem, kter\u00e9mu pod\u011bkoval za podporu Moskvy pro suverenitu a \u00fazemn\u00ed celistvost Srbska.<\/span><\/p>\n<p><em><span>&#8222;Srbsko velmi oce\u0148uje tuto podporu a nezapomene,&#8220;<\/span><\/em><span>\u00a0\u0159ekl Vu\u010devi\u010d. Vyj\u00e1d\u0159il tak\u00e9 pod\u011bkov\u00e1n\u00ed za to, \u017ee Moskva pozvala B\u011blehrad k \u00fa\u010dasti na summitu BRICS v Kazani na za\u010d\u00e1tku tohoto t\u00fddne.<\/span><\/p>\n<p><span>Vu\u010di\u010d \u0159ekl, \u017ee se nez\u00fa\u010dastn\u00ed, s odkazem na n\u00e1v\u0161t\u011bvy Von der Leyenov\u00e9 a polsk\u00e9ho premi\u00e9ra Donalda Tuska, ale n\u011bkolik ministr\u016f kabinetu a m\u00edstop\u0159edseda vl\u00e1dy Aleksandar Vulin odjeli do Kazan\u011b a \u00fa\u010dastnili se sch\u016fzek BRICS.<\/span><\/p>\n<p><span>Re\u0161etnikov vyj\u00e1d\u0159il uzn\u00e1n\u00ed Moskvy za odm\u00edtnut\u00ed Srbska p\u0159ipojit se k sankc\u00edm EU proti Rusku. Srbsko vyhl\u00e1silo vojenskou neutralitu a opakovan\u011b pokr\u010dovalo n\u00e1tlak Bruselu, aby\u00a0<\/span><em><span>\u201eharmonizovalo svou zahrani\u010dn\u00ed politiku\u201c<\/span><\/em><span>\u00a0s politikou EU.<\/span><\/p>\n<p><span>Jak Vu\u010di\u010d, tak kabinet v\u00edce ne\u017e jednou pouk\u00e1zali na pokrytectv\u00ed a dvoj\u00ed metr Z\u00e1padu, kdy\u017e trval na ukrajinsk\u00fdch hranic\u00edch, a po\u017eadovali, aby Srbsko uznalo svou provincii Kosovo jako nez\u00e1visl\u00fd st\u00e1t \u0159\u00edzen\u00fd NATO podporovan\u00fdmi etnick\u00fdmi Alb\u00e1nci.<\/span><\/p>\n<p><span>Srbsko je ofici\u00e1ln\u011b rozhodnuto vstoupit do EU, ale blok podm\u00ednil sv\u00e9 \u010dlenstv\u00ed sankcemi proti Rusku a uzn\u00e1n\u00edm Kosova \u2013 mimo jin\u00e9 \u2013 co\u017e Vu\u010di\u010d sl\u00edbil, \u017ee to nikdy neud\u011bl\u00e1.<\/span><\/p>\n<p><img decoding=\"async\" loading=\"lazy\" class=\"alignnone size-full wp-image-1185\" src=\"http:\/\/www.infokuryr.cz\/n\/wp-content\/uploads\/2021\/04\/kuryr-podpis.png\" alt=\"\" width=\"84\" height=\"24\" \/><\/p>\n<p>&nbsp;<\/p>\n","protected":false},"excerpt":{"rendered":"<p>Brusel se urazil, \u017ee se Milo\u0161 Vu\u010devi\u010d se\u0161el s rusk\u00fdm ministrem P\u0159edsedkyn\u011b Evropsk\u00e9 komise Ursula&#8230;<\/p>\n","protected":false},"author":2,"featured_media":19255,"comment_status":"closed","ping_status":"closed","sticky":false,"template":"","format":"standard","meta":[],"categories":[7],"tags":[114,1629,139,3251],"_links":{"self":[{"href":"https:\/\/www.infokuryr.cz\/n\/wp-json\/wp\/v2\/posts\/64948"}],"collection":[{"href":"https:\/\/www.infokuryr.cz\/n\/wp-json\/wp\/v2\/posts"}],"about":[{"href":"https:\/\/www.infokuryr.cz\/n\/wp-json\/wp\/v2\/types\/post"}],"author":[{"embeddable":true,"href":"https:\/\/www.infokuryr.cz\/n\/wp-json\/wp\/v2\/users\/2"}],"replies":[{"embeddable":true,"href":"https:\/\/www.infokuryr.cz\/n\/wp-json\/wp\/v2\/comments?post=64948"}],"version-history":[{"count":0,"href":"https:\/\/www.infokuryr.cz\/n\/wp-json\/wp\/v2\/posts\/64948\/revisions"}],"wp:featuredmedia":[{"embeddable":true,"href":"https:\/\/www.infokuryr.cz\/n\/wp-json\/wp\/v2\/media\/19255"}],"wp:attachment":[{"href":"https:\/\/www.infokuryr.cz\/n\/wp-json\/wp\/v2\/media?parent=64948"}],"wp:term":[{"taxonomy":"category","embeddable":true,"href":"https:\/\/www.infokuryr.cz\/n\/wp-json\/wp\/v2\/categories?post=64948"},{"taxonomy":"post_tag","embeddable":true,"href":"https:\/\/www.infokuryr.cz\/n\/wp-json\/wp\/v2\/tags?post=64948"}],"curies":[{"name":"wp","href":"https:\/\/api.w.org\/{rel}","templated":true}]}}