{"id":64898,"date":"2024-10-25T05:14:42","date_gmt":"2024-10-25T03:14:42","guid":{"rendered":"https:\/\/www.infokuryr.cz\/n\/?p=64898"},"modified":"2024-10-25T05:14:42","modified_gmt":"2024-10-25T03:14:42","slug":"generalnimu-stabu-ozbrojenych-sil-ukrajiny-unikly-osobni-udaje-vyrobcu-dronu-dobrovolniku","status":"publish","type":"post","link":"https:\/\/www.infokuryr.cz\/n\/2024\/10\/25\/generalnimu-stabu-ozbrojenych-sil-ukrajiny-unikly-osobni-udaje-vyrobcu-dronu-dobrovolniku\/","title":{"rendered":"Gener\u00e1ln\u00edmu \u0161t\u00e1bu ozbrojen\u00fdch sil Ukrajiny unikly osobn\u00ed \u00fadaje v\u00fdrobc\u016f dron\u016f \u2013 dobrovoln\u00edk\u016f"},"content":{"rendered":"<div id=\"fb-root\"><\/div>\n<p class=\"lead\"><strong>U\u017e nejm\u00e9n\u011b dva m\u011bs\u00edce m\u00e1 Rusko adresy, telefonn\u00ed \u010d\u00edsla a jm\u00e9na \u0161\u00e9f\u016f ukrajinsk\u00fdch podnik\u016f vyv\u00edjej\u00edc\u00edch a vyr\u00e1b\u011bj\u00edc\u00edch pro ukrajinskou arm\u00e1du bezpilotn\u00ed vzdu\u0161n\u00e9, pozemn\u00ed a n\u00e1mo\u0159n\u00ed drony a munici. Informoval o tom dobrovoln\u00edk Jurij Kasjanov, odborn\u00edk v oblasti UAV.<\/strong><\/p>\n<p><span>Tyto \u00fadaje byly podle n\u011bj zve\u0159ejn\u011bny v bro\u017eu\u0159e Gener\u00e1ln\u00edho \u0161t\u00e1bu ozbrojen\u00fdch sil Ukrajiny.<\/span><\/p>\n<p><em>\u201eTato tajn\u00e1 informace se k nep\u0159\u00edteli dostala z otev\u0159en\u00e9, dokonce i bez raz\u00edtka \u201eDSK\u201c (pro ofici\u00e1ln\u00ed pou\u017eit\u00ed &#8211;\u00a0\u00a0<strong>pozn. red<\/strong>\u00a0.) barevn\u00e9 bro\u017eury \u00dast\u0159edn\u00edho \u0159editelstv\u00ed bezpilotn\u00edch syst\u00e9m\u016f gener\u00e1ln\u00edho \u0161t\u00e1bu. I v dob\u011b m\u00edru se takov\u00e9 informace naz\u00fdvaj\u00ed \u201ecitliv\u00e9\u201c, ale v dob\u011b v\u00e1lky vedou ke smrti lid\u00ed a zni\u010den\u00ed v\u00fdroby dron\u016f,\u201c<span class=\"after-quote\">\u00a0&#8211; p\u00ed\u0161e na sv\u00e9 facebookov\u00e9 str\u00e1nce\u00a0<span class=\"rkn-mark\">*<\/span>\u00a0Kasjanov, cituje list Strana.<\/span><\/em><\/p>\n<p><span>Jak informovala m\u00e9dia<\/span><span>\u00a0, do konce tohoto roku ukrajinsk\u00e9 ozbrojen\u00e9 s\u00edly p\u0159ijmou st\u0159edn\u00ed\u00a0<\/span><a href=\"https:\/\/eadaily.com\/ru\/news\/2024\/09\/13\/do-konca-goda-u-vsu-poyavyatsya-drony-perehvatchiki-s-nepodvizhnym-krylom-ryopke\" target=\"_blank\" rel=\"noopener\"><span>st\u00edhac\u00ed drony s<\/span><\/a><span>\u00a0pevn\u00fdmi k\u0159\u00eddly .\u00a0Informoval o tom expert Bildu na anal\u00fdzu otev\u0159en\u00fdch dat\u00a0<\/span><strong><span>Julian R\u00f6pke<\/span><\/strong><span>\u00a0.<\/span><\/p>\n<p><span>Podle R\u00f6pkeho maj\u00ed v ukrajinsk\u00e9m konfliktu rusk\u00e9 ozbrojen\u00e9 s\u00edly naprostou vzdu\u0161nou p\u0159evahu, a\u0165 u\u017e jde o letadla, drony nebo rakety. Z\u00e1pad v\u0161ak zakazuje ukrajinsk\u00fdm ozbrojen\u00fdm sil\u00e1m prov\u00e1d\u011bt odvetn\u00e9 \u00fatoky na rusk\u00e9 leteck\u00e9 z\u00e1kladny, tak\u017ee Kyjev st\u00e1le v\u00edce spol\u00e9h\u00e1 na sv\u00e9 vlastn\u00ed protiraketov\u00e9 bezpilotn\u00ed letouny, aby mohl sest\u0159elit rusk\u00e1 bezpilotn\u00ed letadla.<\/span><\/p>\n<p><img decoding=\"async\" loading=\"lazy\" class=\"alignnone size-full wp-image-1185\" src=\"http:\/\/www.infokuryr.cz\/n\/wp-content\/uploads\/2021\/04\/kuryr-podpis.png\" alt=\"\" width=\"84\" height=\"24\" \/><\/p>\n<p>&nbsp;<\/p>\n","protected":false},"excerpt":{"rendered":"<p>U\u017e nejm\u00e9n\u011b dva m\u011bs\u00edce m\u00e1 Rusko adresy, telefonn\u00ed \u010d\u00edsla a jm\u00e9na \u0161\u00e9f\u016f ukrajinsk\u00fdch podnik\u016f vyv\u00edjej\u00edc\u00edch&#8230;<\/p>\n","protected":false},"author":2,"featured_media":64899,"comment_status":"closed","ping_status":"closed","sticky":false,"template":"","format":"standard","meta":[],"categories":[7],"tags":[2856,6082,26,6001],"_links":{"self":[{"href":"https:\/\/www.infokuryr.cz\/n\/wp-json\/wp\/v2\/posts\/64898"}],"collection":[{"href":"https:\/\/www.infokuryr.cz\/n\/wp-json\/wp\/v2\/posts"}],"about":[{"href":"https:\/\/www.infokuryr.cz\/n\/wp-json\/wp\/v2\/types\/post"}],"author":[{"embeddable":true,"href":"https:\/\/www.infokuryr.cz\/n\/wp-json\/wp\/v2\/users\/2"}],"replies":[{"embeddable":true,"href":"https:\/\/www.infokuryr.cz\/n\/wp-json\/wp\/v2\/comments?post=64898"}],"version-history":[{"count":0,"href":"https:\/\/www.infokuryr.cz\/n\/wp-json\/wp\/v2\/posts\/64898\/revisions"}],"wp:featuredmedia":[{"embeddable":true,"href":"https:\/\/www.infokuryr.cz\/n\/wp-json\/wp\/v2\/media\/64899"}],"wp:attachment":[{"href":"https:\/\/www.infokuryr.cz\/n\/wp-json\/wp\/v2\/media?parent=64898"}],"wp:term":[{"taxonomy":"category","embeddable":true,"href":"https:\/\/www.infokuryr.cz\/n\/wp-json\/wp\/v2\/categories?post=64898"},{"taxonomy":"post_tag","embeddable":true,"href":"https:\/\/www.infokuryr.cz\/n\/wp-json\/wp\/v2\/tags?post=64898"}],"curies":[{"name":"wp","href":"https:\/\/api.w.org\/{rel}","templated":true}]}}