{"id":64887,"date":"2024-10-25T04:23:29","date_gmt":"2024-10-25T02:23:29","guid":{"rendered":"https:\/\/www.infokuryr.cz\/n\/?p=64887"},"modified":"2024-10-25T04:23:29","modified_gmt":"2024-10-25T02:23:29","slug":"musk-amerika-by-mohla-zbankrotovat","status":"publish","type":"post","link":"https:\/\/www.infokuryr.cz\/n\/2024\/10\/25\/musk-amerika-by-mohla-zbankrotovat\/","title":{"rendered":"Musk: Amerika by mohla zbankrotovat"},"content":{"rendered":"<div id=\"fb-root\"><\/div>\n<p><span style=\"font-size: 18pt;\"><strong>Technologick\u00fd miliard\u00e1\u0159 p\u0159edpov\u011bd\u011bl, \u017ee n\u00e1klady na obsluhu feder\u00e1ln\u00edho dluhu pohlt\u00ed da\u0148ov\u00e9 p\u0159\u00edjmy a nezbude nic na kritick\u00e9 pot\u0159eby<\/strong><\/span><\/p>\n<p><span>USA se bl\u00ed\u017e\u00ed k bankrotu a rychle zkrachuj\u00ed, pokud Washington nep\u0159estane utr\u00e1cet tolik pen\u011bz, varoval gener\u00e1ln\u00ed \u0159editel Tesly a SpaceX Elon Musk.<\/span><\/p>\n<p><span>Musk komentoval p\u0159\u00edsp\u011bvek na X, kter\u00fd zd\u016fraz\u0148oval prudce rostouc\u00ed \u00farokov\u00e9 platby z americk\u00e9ho vl\u00e1dn\u00edho dluhu.<\/span><\/p>\n<p><em><span>\u201eNyn\u00ed plat\u00edme t\u00e9m\u011b\u0159 1,2 bilionu dolar\u016f ro\u010dn\u011b na \u00faroc\u00edch z dluhu, asi 23 % v\u0161ech dan\u00ed, cel a poplatk\u016f vybran\u00fdch americkou vl\u00e1dou jde na placen\u00ed \u00farok\u016f z dluhu,\u201c<\/span><\/em><span>\u00a0uvedl \u00fa\u010det Wall Street Silver.<\/span><\/p>\n<p><span>Musk odpov\u011bd\u011bl a varoval, \u017ee\u00a0<\/span><em><span>\u201epokud nedojde k radik\u00e1ln\u00edmu sn\u00ed\u017een\u00ed vl\u00e1dn\u00edch v\u00fddaj\u016f, pak stejn\u011b jako jednotlivec, kter\u00fd se p\u0159\u00edli\u0161 zadlu\u017eil, Amerika de facto zbankrotuje.<\/span><\/em><\/p>\n<p><em><span>&#8222;\u00daroky z dluhu maj\u00ed tendenci rychle absorbovat ve\u0161ker\u00e9 da\u0148ov\u00e9 p\u0159\u00edjmy a nez\u016fst\u00e1vaj\u00ed nic pro kritick\u00e9 pot\u0159eby,&#8220;<\/span><\/em><span>\u00a0dodal.<\/span><\/p>\n<p><span>Musk ji\u017e d\u0159\u00edve v z\u00e1\u0159\u00ed pouk\u00e1zal na to, \u017ee n\u00e1klady na obsluhu obrovsk\u00e9ho americk\u00e9ho feder\u00e1ln\u00edho dluhu p\u0159es\u00e1hly sou\u010dasn\u00fd rozpo\u010det na obranu, kter\u00fd letos p\u0159es\u00e1hl 840 miliard dolar\u016f.<\/span><\/p>\n<p><span>Americk\u00e9 ministerstvo financ\u00ed koncem \u010dervence ozn\u00e1milo, \u017ee st\u00e1tn\u00ed dluh p\u0159es\u00e1hl 35 bilion\u016f dolar\u016f a b\u011bhem \u0161estim\u011bs\u00ed\u010dn\u00edho obdob\u00ed vzrostl o bilion. Aktu\u00e1ln\u00ed \u010d\u00edslo je 35,7 bilionu dolar\u016f, podle americk\u00e9ho Debt Clock.<\/span><\/p>\n<p><span>Nen\u00ed to poprv\u00e9, co technologick\u00fd miliard\u00e1\u0159 bije na poplach kv\u016fli americk\u00e9mu dluhu. Za\u010d\u00e1tkem tohoto roku Musk \u0159ekl, \u017ee sou\u010dasn\u00e1 m\u00edra vl\u00e1dn\u00edch v\u00fddaj\u016f p\u0159iv\u00e1d\u00ed USA do rychl\u00e9ho bankrotu a \u017ee nadm\u011brn\u00e9 vl\u00e1dn\u00ed v\u00fddaje zvy\u0161uj\u00ed inflaci.<\/span><\/p>\n<p><span>V z\u00e1\u0159\u00ed napsal, \u017ee ka\u017ed\u00fd p\u0159idan\u00fd bilion dolar\u016f dluhu jsou pen\u00edze, kter\u00e9\u00a0<\/span><em><span>\u201ena\u0161e d\u011bti a vnou\u010data budou muset n\u011bjak zaplatit\u201c.<\/span><\/em><span>\u00a0Pokud dluh poroste t\u00edmto tempem, varoval Musk, Spojen\u00e9 st\u00e1ty budou uv\u011bzn\u011bny v za\u010darovan\u00e9m kruhu, kde\u00a0<\/span><em><span>\u201ejedin\u00e1 v\u011bc, kterou budeme schopni zaplatit, jsou \u00faroky\u201c.<\/span><\/em><\/p>\n<p><img decoding=\"async\" loading=\"lazy\" class=\"alignnone size-full wp-image-1185\" src=\"http:\/\/www.infokuryr.cz\/n\/wp-content\/uploads\/2021\/04\/kuryr-podpis.png\" alt=\"\" width=\"84\" height=\"24\" \/><\/p>\n<p>&nbsp;<\/p>\n","protected":false},"excerpt":{"rendered":"<p>Technologick\u00fd miliard\u00e1\u0159 p\u0159edpov\u011bd\u011bl, \u017ee n\u00e1klady na obsluhu feder\u00e1ln\u00edho dluhu pohlt\u00ed da\u0148ov\u00e9 p\u0159\u00edjmy a nezbude nic&#8230;<\/p>\n","protected":false},"author":2,"featured_media":39460,"comment_status":"closed","ping_status":"closed","sticky":false,"template":"","format":"standard","meta":[],"categories":[7],"tags":[935,3568,485,37],"_links":{"self":[{"href":"https:\/\/www.infokuryr.cz\/n\/wp-json\/wp\/v2\/posts\/64887"}],"collection":[{"href":"https:\/\/www.infokuryr.cz\/n\/wp-json\/wp\/v2\/posts"}],"about":[{"href":"https:\/\/www.infokuryr.cz\/n\/wp-json\/wp\/v2\/types\/post"}],"author":[{"embeddable":true,"href":"https:\/\/www.infokuryr.cz\/n\/wp-json\/wp\/v2\/users\/2"}],"replies":[{"embeddable":true,"href":"https:\/\/www.infokuryr.cz\/n\/wp-json\/wp\/v2\/comments?post=64887"}],"version-history":[{"count":0,"href":"https:\/\/www.infokuryr.cz\/n\/wp-json\/wp\/v2\/posts\/64887\/revisions"}],"wp:featuredmedia":[{"embeddable":true,"href":"https:\/\/www.infokuryr.cz\/n\/wp-json\/wp\/v2\/media\/39460"}],"wp:attachment":[{"href":"https:\/\/www.infokuryr.cz\/n\/wp-json\/wp\/v2\/media?parent=64887"}],"wp:term":[{"taxonomy":"category","embeddable":true,"href":"https:\/\/www.infokuryr.cz\/n\/wp-json\/wp\/v2\/categories?post=64887"},{"taxonomy":"post_tag","embeddable":true,"href":"https:\/\/www.infokuryr.cz\/n\/wp-json\/wp\/v2\/tags?post=64887"}],"curies":[{"name":"wp","href":"https:\/\/api.w.org\/{rel}","templated":true}]}}