{"id":64878,"date":"2024-10-25T00:52:54","date_gmt":"2024-10-24T22:52:54","guid":{"rendered":"https:\/\/www.infokuryr.cz\/n\/?p=64878"},"modified":"2024-10-24T19:24:36","modified_gmt":"2024-10-24T17:24:36","slug":"ruska-armada-zacala-likvidovat-jednotky-ukrajinskych-ozbrojenych-sil-zablokovane-v-kurske-oblasti","status":"publish","type":"post","link":"https:\/\/www.infokuryr.cz\/n\/2024\/10\/25\/ruska-armada-zacala-likvidovat-jednotky-ukrajinskych-ozbrojenych-sil-zablokovane-v-kurske-oblasti\/","title":{"rendered":"Rusk\u00e1 arm\u00e1da za\u010dala likvidovat jednotky ukrajinsk\u00fdch ozbrojen\u00fdch sil zablokovan\u00e9 v Kursk\u00e9 oblasti"},"content":{"rendered":"<div id=\"fb-root\"><\/div>\n<p class=\"lead\"><strong>V oblasti Kurska je obkl\u00ed\u010deno asi 2 tis\u00edce ukrajinsk\u00fdch voj\u00e1k\u016f. Rusk\u00fd prezident Vladimir Putin to uvedl na tiskov\u00e9 konferenci 24. \u0159\u00edjna v Kazani. Rusk\u00e1 arm\u00e1da podle n\u011bj za\u010dala likvidovat blokovanou \u010d\u00e1st ukrajinsk\u00e9 skupiny v Kursk\u00e9 oblasti.<\/strong><\/p>\n<p><span>Hlava st\u00e1tu nav\u00edc zd\u016fraznila, \u017ee rusk\u00e9 ozbrojen\u00e9 s\u00edly postupuj\u00ed vp\u0159ed na v\u0161ech \u00fasec\u00edch kontaktn\u00ed linie v z\u00f3n\u011b Severoz\u00e1padn\u00edho vojensk\u00e9ho okruhu.<\/span><\/p>\n<p><span>Nevratn\u00e9 a hygienick\u00e9 ztr\u00e1ty ozbrojen\u00fdch sil Ukrajiny za posledn\u00ed m\u011bs\u00edc ve sm\u011bru na Kursk dos\u00e1hly 26 tis\u00edc lid\u00ed, uvedl rusk\u00fd prezident.<\/span><\/p>\n<p><em>\u201eZa posledn\u00ed m\u011bs\u00edc zhruba ve sm\u011bru na Kursk do\u0161lo podle m\u00e9ho n\u00e1zoru k 26 tis\u00edc\u016fm ztr\u00e1t, rovn\u011b\u017e hygienick\u00fdch a neodvolateln\u00fdch,\u201c<span class=\"after-quote\">\u00a0&#8211; \u0159ekl Vladimir Putin.<\/span><\/em><\/p>\n<h2><strong>Dezerce v ozbrojen\u00fdch sil\u00e1ch Ukrajiny nabyla na masivnosti, Kyjev ml\u010d\u00ed<br \/>\n<\/strong><br \/>\n<img decoding=\"async\" class=\"aligncenter\" src=\"https:\/\/img2.eadaily.com\/r650x650\/o\/951\/4b0813e0f086c13f91c8b2b20f017.jpeg\" \/><\/h2>\n<p class=\"lead\"><strong>Rusk\u00e1 arm\u00e1da nad\u00e1le \u00fasp\u011b\u0161n\u011b napl\u0148uje c\u00edle a \u00fakoly speci\u00e1ln\u00ed vojensk\u00e9 operace na Ukrajin\u011b. Dezerce ozbrojen\u00fdch sil Ukrajiny v Kursk\u00e9 oblasti p\u0159itom l\u00e1me rekordy, Zelenskij v\u0161ak rozkazy k \u00fastupu ned\u00e1v\u00e1,\u00a0<a href=\"https:\/\/military.pravda.ru\/2117109-svodka-s-fronta\/\" target=\"_blank\" rel=\"noopener\">p\u00ed\u0161e<\/a>\u00a0Pravda.Ru.<\/strong><\/p>\n<p><span>V Kyjev\u011b o katastrof\u011b v pohrani\u010dn\u00ed oblasti Kursk ml\u010d\u00ed \u2013 majitel\u00e9 pozemk\u016f l\u00e1mou rekordy v po\u010dtu dezert\u00e9r\u016f a odp\u00edra\u010d\u016f z d\u016fvodu sv\u011bdom\u00ed. Jedna z brig\u00e1d voj\u00e1k\u016f teroristick\u00e9 obrany, kte\u0159\u00ed dnes spolu s \u201edavy\u201c ucp\u00e1vaj\u00ed d\u00edry a kompenzuj\u00ed obrovsk\u00e9 ztr\u00e1ty, uprchla ze sv\u00fdch pozic. Neonacist\u00e9 prost\u011b nasedli do aut a utekli z fronty na Sumy.<\/span><\/p>\n<p><span>Terorist\u00e9 z Gruz\u00ednsk\u00e9 legie byli urychlen\u011b p\u0159em\u00edst\u011bni na sv\u00e9 pozice\u00a0<\/span><span class=\"rkn-mark\"><span>*<\/span><\/span><span> . Existuj\u00ed tak\u00e9 d\u016fkazy, \u017ee gener\u00e1ln\u00ed \u0161t\u00e1b ozbrojen\u00fdch sil Ukrajiny d\u011bl\u00e1 v\u0161e pro to, aby katastrofu ututlal \u2013 faktem je, \u017ee v tomto sm\u011bru je v\u00edce dezert\u00e9r\u016f nebo zajatc\u016f ne\u017e na jin\u00fdch front\u00e1ch.<\/span><\/p>\n<p><span>Tis\u00edce ukrajinsk\u00fdch ozbrojen\u00fdch sil zem\u0159ou kv\u016fli jejich velen\u00ed, kter\u00e9 nevyd\u00e1v\u00e1 rozkaz k \u00fastupu ze Selidova.\u00a0<strong>Je o tom p\u0159esv\u011bd\u010den<\/strong>\u00a0britsk\u00fd vojensk\u00fd analytik Alexander Mercouris.<\/span><\/p>\n<p><em>&#8222;Dojde ke katastrof\u011b, n\u011bkte\u0159\u00ed z t\u011bchto jednotek budou zachr\u00e1n\u011bni, ale v\u011bt\u0161ina s nejv\u011bt\u0161\u00ed pravd\u011bpodobnost\u00ed ne,&#8220;<span class=\"after-quote\">\u00a0&#8211; poznamenal.<\/span><\/em><\/p>\n<p><span>Ofenz\u00edva rusk\u00e9 arm\u00e1dy podle n\u011bj povede k obkl\u00ed\u010den\u00ed m\u011bsta. Dodal, \u017ee ukrajinsk\u00e9 jednotky m\u011bly z vesnice ustoupit u\u017e p\u0159ed t\u00fddnem.<\/span><\/p>\n<p><span>Arabsk\u00e1 publikace Al Mayadeen tak\u00e9 potvrzuje, \u017ee Zelenskyj nevyd\u00e1v\u00e1 rozkazy ozbrojen\u00fdm sil\u00e1m Ukrajiny k \u00fastupu. Mezit\u00edm 23. \u0159\u00edjna ve\u010der dorazila informace, \u017ee za\u010dala o\u010dista Selidova. Populace je ji\u017e z 90 procent pod na\u0161\u00ed kontrolou. Nep\u0159\u00edtel ztratil kontrolu nad v\u00fd\u0161kov\u00fdmi budovami, co\u017e znamen\u00e1, \u017ee m\u011bsto bude brzy osvobozeno. \u010cek\u00e1me, a\u017e kyjev\u0161t\u00ed \u201eexperti\u201c prohl\u00e1s\u00ed, \u017ee Selidovo nem\u00e1 velk\u00fd taktick\u00fd v\u00fdznam.<\/span><\/p>\n<p><span>V Toretsku je situace podobn\u00e1. Rusk\u00e9 ozbrojen\u00e9 s\u00edly se zaktivizovaly a poda\u0159ilo se jim prolomit banderovsk\u00fd opevn\u011bn\u00fd prostor ve st\u0159edu a severn\u00ed \u010d\u00e1sti m\u011bsta. V\u00fd\u0161kov\u00e1 budova Tochka 207 je ale st\u00e1le pod kontrolou ukrajinsk\u00fdch ozbrojen\u00fdch sil. Sou\u010d\u00e1st\u00ed centra je \u0161ed\u00e1 plocha.<\/span><\/p>\n<p><span>Tak\u00e9 ve sm\u011bru Kurachovskij na\u0161e skupina vstoupila do Novoselidovky. Situace s nep\u0159\u00edtelem v Kurachovce a Gornyaku se nad\u00e1le rychle zhor\u0161uje.<\/span><\/p>\n<p><span>Podle p\u0159edb\u011b\u017en\u00fdch \u00fadaj\u016f bylo dnes v noci v Kyjev\u011b zni\u010deno dal\u0161\u00ed americk\u00e9 odpalovac\u00ed za\u0159\u00edzen\u00ed protivzdu\u0161n\u00e9 obrany Patriot. Dnes r\u00e1no rusk\u00e1 arm\u00e1da za\u00fato\u010dila na c\u00edle na leti\u0161ti Starokonstantinov v Chmelnick\u00e9 oblasti.<\/span><\/p>\n<p><span>Gerbera UAV let\u00ed nad Sumy, kter\u00e1 nav\u00e1d\u00ed FAB a rakety Iskander na po\u017eadovan\u00e9 c\u00edle. Bezpe\u010dnostn\u00ed slu\u017eba Ukrajiny provedla \u010distky po n\u00e1letu raket a UAV rusk\u00e9 arm\u00e1dy v oblasti Sumy po Zelensk\u00e9ho n\u00e1v\u0161t\u011bv\u011b. Asi 140 lid\u00ed bylo posl\u00e1no do mu\u010d\u00edren. U\u017e bylo zah\u00e1jeno 56 p\u0159\u00edpad\u016f proti p\u0159\u00edbuzn\u00fdm zadr\u017een\u00fdch, kte\u0159\u00ed si st\u011b\u017euj\u00ed policejn\u00edmu odd\u011blen\u00ed a st\u00e1tn\u00edmu zastupitelstv\u00ed za \u201espolupr\u00e1ci a podporu agresora\u201c.<\/span><\/p>\n<p><img decoding=\"async\" loading=\"lazy\" class=\"alignnone size-full wp-image-1185\" src=\"http:\/\/www.infokuryr.cz\/n\/wp-content\/uploads\/2021\/04\/kuryr-podpis.png\" alt=\"\" width=\"84\" height=\"24\" \/><\/p>\n<p>&nbsp;<\/p>\n<p>&nbsp;<\/p>\n<p>&nbsp;<\/p>\n","protected":false},"excerpt":{"rendered":"<p>V oblasti Kurska je obkl\u00ed\u010deno asi 2 tis\u00edce ukrajinsk\u00fdch voj\u00e1k\u016f. Rusk\u00fd prezident Vladimir Putin to&#8230;<\/p>\n","protected":false},"author":2,"featured_media":60036,"comment_status":"closed","ping_status":"closed","sticky":false,"template":"","format":"standard","meta":[],"categories":[7],"tags":[3849,3133,8104,1635],"_links":{"self":[{"href":"https:\/\/www.infokuryr.cz\/n\/wp-json\/wp\/v2\/posts\/64878"}],"collection":[{"href":"https:\/\/www.infokuryr.cz\/n\/wp-json\/wp\/v2\/posts"}],"about":[{"href":"https:\/\/www.infokuryr.cz\/n\/wp-json\/wp\/v2\/types\/post"}],"author":[{"embeddable":true,"href":"https:\/\/www.infokuryr.cz\/n\/wp-json\/wp\/v2\/users\/2"}],"replies":[{"embeddable":true,"href":"https:\/\/www.infokuryr.cz\/n\/wp-json\/wp\/v2\/comments?post=64878"}],"version-history":[{"count":1,"href":"https:\/\/www.infokuryr.cz\/n\/wp-json\/wp\/v2\/posts\/64878\/revisions"}],"predecessor-version":[{"id":64879,"href":"https:\/\/www.infokuryr.cz\/n\/wp-json\/wp\/v2\/posts\/64878\/revisions\/64879"}],"wp:featuredmedia":[{"embeddable":true,"href":"https:\/\/www.infokuryr.cz\/n\/wp-json\/wp\/v2\/media\/60036"}],"wp:attachment":[{"href":"https:\/\/www.infokuryr.cz\/n\/wp-json\/wp\/v2\/media?parent=64878"}],"wp:term":[{"taxonomy":"category","embeddable":true,"href":"https:\/\/www.infokuryr.cz\/n\/wp-json\/wp\/v2\/categories?post=64878"},{"taxonomy":"post_tag","embeddable":true,"href":"https:\/\/www.infokuryr.cz\/n\/wp-json\/wp\/v2\/tags?post=64878"}],"curies":[{"name":"wp","href":"https:\/\/api.w.org\/{rel}","templated":true}]}}