{"id":64874,"date":"2024-10-25T00:50:48","date_gmt":"2024-10-24T22:50:48","guid":{"rendered":"https:\/\/www.infokuryr.cz\/n\/?p=64874"},"modified":"2024-10-24T19:11:44","modified_gmt":"2024-10-24T17:11:44","slug":"putin-zadna-spravedlnost-na-zapade","status":"publish","type":"post","link":"https:\/\/www.infokuryr.cz\/n\/2024\/10\/25\/putin-zadna-spravedlnost-na-zapade\/","title":{"rendered":"Putin: \u201e\u017d\u00e1dn\u00e1 spravedlnost na Z\u00e1pad\u011b\u201c"},"content":{"rendered":"<div id=\"fb-root\"><\/div>\n<p><span style=\"font-size: 18pt;\"><strong>Moskva si klade za c\u00edl ukon\u010dit beztrestnost USA a jejich spojenc\u016f, prohl\u00e1sil rusk\u00fd prezident<\/strong><\/span><\/p>\n<p><span>Moskva m\u00e1 dost beztrestnosti a pokrytectv\u00ed Z\u00e1padu a hodl\u00e1 zajistit, aby ve sv\u011bt\u011b op\u011bt byla spravedlnost, prohl\u00e1sil rusk\u00fd prezident Vladimir Putin.<\/span><\/p>\n<p><span>Putin ve \u010dtvrtek na z\u00e1v\u011br summitu BRICS v rusk\u00e9 Kazani hovo\u0159il s novin\u00e1\u0159i, v\u010detn\u011b mnoha ze z\u00e1padn\u00edch m\u00e9di\u00ed.<\/span><\/p>\n<p><em><span>&#8222;Je to jen lh\u00e1t do o\u010d\u00ed, \u017ee NATO se neroz\u0161\u00ed\u0159\u00ed, a pak ho roz\u0161\u00ed\u0159\u00ed?&#8220;<\/span><\/em><span>\u00a0Putin se v reakci na jeho dotaz zeptal BBC Steva Rosenberga.\u00a0<\/span><\/p>\n<p><em><span>&#8222;Je spravedliv\u00e9 prov\u00e9st st\u00e1tn\u00ed p\u0159evrat, plivat na v\u0161echny z\u00e1sady pr\u00e1va a financovat p\u0159evrat na Ukrajin\u011b?&#8220;<\/span><\/em><span>\u00a0dodal s odkazem na \u201erevoluci\u201c na Majdanu z roku 2014 podporovanou Washingtonem.<\/span><\/p>\n<p><em><span>\u201eJe to jen? Tady nen\u00ed \u017e\u00e1dn\u00e1 spravedlnost,\u201c\u00a0<\/span><\/em><span>\u00a0\u0159ekl Putin.\u00a0\u00a0<\/span><em><span>&#8222;Chceme to zm\u011bnit.\u00a0\u00a0<\/span><\/em><em><span>A budeme.&#8220;<\/span><\/em><\/p>\n<p><span>Rusk\u00fd prezident tak\u00e9 odm\u00edtl jako\u00a0<\/span><em><span>\u201enesmysl\u201c<\/span><\/em><span>\u00a0tvrzen\u00ed, \u017ee Moskva n\u011bjak\u00fdm zp\u016fsobem stoj\u00ed za\u00a0<\/span><em><span>\u201ezmrza\u010den\u00edm\u201c<\/span><\/em><span>\u00a0v britsk\u00fdch ulic\u00edch. Cokoli se m\u016f\u017ee st\u00e1t ve Spojen\u00e9m kr\u00e1lovstv\u00ed, je v\u00fdsledkem vlastn\u00ed politiky Lond\u00fdna, \u0159ekl Putin.<\/span><\/p>\n<p><span>\u0160\u00e9f britsk\u00e9 bezpe\u010dnostn\u00ed slu\u017eby (MI5) Ken McCallum\u00a0<\/span><a href=\"https:\/\/swentr.site\/news\/605438-british-spies-russia-mayhem\/\"><span>za\u010d\u00e1tkem tohoto m\u011bs\u00edce<\/span><\/a><span>\u00a0prohl\u00e1sil , \u017ee d\u00edky britsk\u00e9 podpo\u0159e Ukrajin\u011b se Lond\u00fdn stal ter\u010dem rusk\u00e9 propagandy a \u00faskok\u016f, hledaj\u00edc\u00edch v\u00edce moci a vl\u00e1dn\u00edho financov\u00e1n\u00ed, aby se s \u00fadajnou hrozbou vypo\u0159\u00e1dal.<\/span><\/p>\n<p><img decoding=\"async\" loading=\"lazy\" class=\"alignnone size-full wp-image-1185\" src=\"http:\/\/www.infokuryr.cz\/n\/wp-content\/uploads\/2021\/04\/kuryr-podpis.png\" alt=\"\" width=\"84\" height=\"24\" \/><\/p>\n<p>&nbsp;<\/p>\n","protected":false},"excerpt":{"rendered":"<p>Moskva si klade za c\u00edl ukon\u010dit beztrestnost USA a jejich spojenc\u016f, prohl\u00e1sil rusk\u00fd prezident Moskva&#8230;<\/p>\n","protected":false},"author":2,"featured_media":64875,"comment_status":"closed","ping_status":"closed","sticky":false,"template":"","format":"standard","meta":[],"categories":[7],"tags":[4131,57,102,37,365],"_links":{"self":[{"href":"https:\/\/www.infokuryr.cz\/n\/wp-json\/wp\/v2\/posts\/64874"}],"collection":[{"href":"https:\/\/www.infokuryr.cz\/n\/wp-json\/wp\/v2\/posts"}],"about":[{"href":"https:\/\/www.infokuryr.cz\/n\/wp-json\/wp\/v2\/types\/post"}],"author":[{"embeddable":true,"href":"https:\/\/www.infokuryr.cz\/n\/wp-json\/wp\/v2\/users\/2"}],"replies":[{"embeddable":true,"href":"https:\/\/www.infokuryr.cz\/n\/wp-json\/wp\/v2\/comments?post=64874"}],"version-history":[{"count":0,"href":"https:\/\/www.infokuryr.cz\/n\/wp-json\/wp\/v2\/posts\/64874\/revisions"}],"wp:featuredmedia":[{"embeddable":true,"href":"https:\/\/www.infokuryr.cz\/n\/wp-json\/wp\/v2\/media\/64875"}],"wp:attachment":[{"href":"https:\/\/www.infokuryr.cz\/n\/wp-json\/wp\/v2\/media?parent=64874"}],"wp:term":[{"taxonomy":"category","embeddable":true,"href":"https:\/\/www.infokuryr.cz\/n\/wp-json\/wp\/v2\/categories?post=64874"},{"taxonomy":"post_tag","embeddable":true,"href":"https:\/\/www.infokuryr.cz\/n\/wp-json\/wp\/v2\/tags?post=64874"}],"curies":[{"name":"wp","href":"https:\/\/api.w.org\/{rel}","templated":true}]}}